{"id":18215,"date":"2022-08-09T18:25:34","date_gmt":"2022-08-09T23:25:34","guid":{"rendered":"https:\/\/draft.nuestrostories.com\/\/?p=18215"},"modified":"2024-04-10T11:46:49","modified_gmt":"2024-04-10T16:46:49","slug":"la-historia-de-la-decimocuarta-enmienda","status":"publish","type":"post","link":"https:\/\/draft.nuestrostories.com\/es\/2022\/08\/la-historia-de-la-decimocuarta-enmienda\/","title":{"rendered":"La historia de la Decimocuarta Enmienda"},"content":{"rendered":"<p><i><span style=\"font-weight: 400;\">Imagen cortes\u00eda de Nuestro Stories.<\/span><\/i><\/p>\n<p><span style=\"font-weight: 400;\">La Decimocuarta Enmienda es algo que nunca hubi\u00e9ramos anticipado como tendencia en 2022; aun as\u00ed, como de costumbre, la d\u00e9cada de 2020 parece sorprendernos constantemente.<\/span><\/p>\n<p><span style=\"font-weight: 400;\">Aunque la Constituci\u00f3n es algo que se le ense\u00f1a a cualquier persona de entre nueve y trece a\u00f1os que asiste a una escuela p\u00fablica, el repentino aumento de su relevancia nos ha inspirado a dar un desglose b\u00e1sico de lo que es la enmienda, la historia de su creaci\u00f3n, el v\u00ednculo del siglo XX con los latinos en Estados Unidos y por qu\u00e9 ahora de repente est\u00e1 en la mente de todos.<\/span><\/p>\n<h2><span style=\"font-weight: 400;\">La historia de la Decimocuarta Enmienda<\/span><\/h2>\n<p><span style=\"font-weight: 400;\">Cuando la<\/span> <a href=\"https:\/\/draft.nuestrostories.com\/\/2022\/05\/battle-of-glorieta-pass-civil-war\/\"><span style=\"font-weight: 400;\">Guerra Civil<\/span><\/a> <span style=\"font-weight: 400;\">puso fin a su ba\u00f1o de sangre de un a\u00f1o de duraci\u00f3n entre los estados del Norte y los del Sur, el 9 de abril de 1865, el resultado fue que los miles de hombres, mujeres y ni\u00f1os afroamericanos que anteriormente hab\u00edan sido mantenidos como esclavos ahora eran ciudadanos libres en suelo estadounidense; al menos supuestamente.<\/span><\/p>\n<p><span style=\"font-weight: 400;\">Aunque la guerra termin\u00f3 en abril, pasaron dos meses m\u00e1s antes de que los estados occidentales, especialmente Texas, que ten\u00eda la mayor poblaci\u00f3n de esclavos en Occidente, descubrieran que los afroamericanos ahora eran libres. Pasaron otros seis meses antes de que la Decimotercera Enmienda, que aboli\u00f3 oficialmente la esclavitud (fuera de la servidumbre involuntaria, tambi\u00e9n conocida como trabajo penitenciario), fuera ratificada en la constituci\u00f3n. La Decimotercera Enmienda fue la primera de un paquete de tres enmiendas que iniciaron la Era de la Reconstrucci\u00f3n en Estados Unidos.<\/span><\/p>\n<p><span style=\"font-weight: 400;\">Tres a\u00f1os despu\u00e9s de la ratificaci\u00f3n de la Decimotercera, se incorpor\u00f3 la Decimocuarta Enmienda a la constituci\u00f3n. La Enmienda, que<\/span> <a href=\"https:\/\/constitution.congress.gov\/browse\/amendment-14\/#:~:text=No%20State%20shall%20make%20or,equal%20protection%20of%20the%20laws.\"><span style=\"font-weight: 400;\">establece<\/span><\/a><span style=\"font-weight: 400;\"> que<\/span><span style=\"font-weight: 400;\"> \u201ctodas las personas nacidas o naturalizadas en los Estados Unidos y sujetas a su jurisdicci\u00f3n son ciudadanos de Estados Unidos y del estado en el que viven\u201d,<\/span> <span style=\"font-weight: 400;\">fue una contradicci\u00f3n directa al hist\u00f3rico caso Dred Scott.<\/span><\/p>\n<p><span style=\"font-weight: 400;\">La<\/span> <a href=\"https:\/\/www.britannica.com\/event\/Dred-Scott-decision\"><span style=\"font-weight: 400;\">decisi\u00f3n de Dred Scott<\/span><\/a> <span style=\"font-weight: 400;\">se present\u00f3 ante la Corte Suprema de Estados Unidos el 6 de marzo de 1857. La cuesti\u00f3n surgi\u00f3 cuando Scott, originalmente un esclavo en Missouri, fue obligado por sus due\u00f1os a abandonar Missouri y cruzar las fronteras estatales hacia Illinois, un estado en donde la esclavitud era ilegal. Cuando m\u00e1s tarde los mismos due\u00f1os de esclavos lo obligaron a regresar a Missouri, Scott demand\u00f3 ante el tribunal por su libertad, argumentando que una vez que lo llevaron a Illinois se hab\u00eda convirtido en un hombre libre y que traerlo de regreso a Missouri como una persona esclavizada era violar la ley.<\/span><\/p>\n<p><span style=\"font-weight: 400;\">Perdi\u00f3 y apel\u00f3 hasta la Corte Suprema. Por supuesto, como suele ser el caso con SCOTUS, el prejuicio jug\u00f3 un papel desafortunado en la decisi\u00f3n de siete a dos que dictamin\u00f3 que los esclavos, de hecho, no eran ciudadanos seg\u00fan la Constituci\u00f3n y no pod\u00edan invocar las protecciones legales que se otorgaban a los ciudadanos, hasta e incluyendo la libertad.<\/span><\/p>\n<p><span style=\"font-weight: 400;\">La Decimocuarta Enmienda<\/span> <a href=\"https:\/\/jackmillercenter.org\/fourteenth-amendment\/#:~:text=The%20Fourteenth%20Amendment%20was%20adopted,the%20law%20to%20all%20Americans.\"><span style=\"font-weight: 400;\">desautoriz\u00f3<\/span><\/a><span style=\"font-weight: 400;\"> ese fallo, afirmando que no solo todas las personas nacidas o naturalizadas en Estados Unidos eran ciudadanos del pa\u00eds sino que<\/span> <span style=\"font-weight: 400;\">\u201c ning\u00fan estado privar\u00e1 a ninguna persona de la vida, la libertad o la propiedad sin el debido proceso legal ni le negar\u00e1 a ninguna persona dentro de su jurisdicci\u00f3n la igual protecci\u00f3n de las leyes\u201d.<\/span> <span style=\"font-weight: 400;\">\u00a0<\/span><\/p>\n<p><span style=\"font-weight: 400;\">El aspecto de ciudadan\u00eda es precisamente en donde esta enmienda hist\u00f3rica encuentra su conexi\u00f3n espec\u00edfica para los latinos.<\/span><\/p>\n<h2><span style=\"font-weight: 400;\">Afroamericanos, morenos y desigualdad<\/span><\/h2>\n<p><span style=\"font-weight: 400;\">Durante la Era de la Reconstrucci\u00f3n, hubo una reacci\u00f3n por parte de los golpeados estados del sur que sent\u00edan que los hab\u00edan despojado de sus derechos.<\/span><\/p>\n<p><span style=\"font-weight: 400;\">Lo que sienten los republicanos de hoy en d\u00eda acerca de que el gobierno les quite las armas es lo que sintieron los sure\u00f1os de la d\u00e9cada de 1860 cuando el gobierno les quit\u00f3 a sus esclavos. Sintieron que se hab\u00edan vulnerado sus derechos fundamentales y lo que ya era un odio impresionantemente fuerte se hizo a\u00fan mayor. En respuesta a la liberaci\u00f3n de los esclavos y la posterior Era de la Reconstrucci\u00f3n, muchos estados empezaron a promulgar Los C\u00f3digos Negros, m\u00e1s conocidos como las leyes Jim Crow.<\/span><\/p>\n<p><span style=\"font-weight: 400;\">Se trataba de un vac\u00edo legal que b\u00e1sicamente criminalizaba a los afroamericanos por ser afroamericanos. Las leyes Jim Crow fueron las primeras en trazar una l\u00ednea metaf\u00f3rica en la arena, creando lo que literalmente se convirti\u00f3 en un mundo de blancos y afroamericanos.<\/span><\/p>\n<p><span style=\"font-weight: 400;\">A trav\u00e9s de las leyes Jim Crow, quienes estaban en el poder consideraban blanco a cualquiera que no fuera afroamericano, incluidos los cientos y miles de latinos que viv\u00edan en suelo estadounidense, lo que result\u00f3 contraproducente en gran medida cuando se trataba de cuestiones de ciudadan\u00eda. Esto nos lleva a 1954. Dos semanas antes de otra importante decisi\u00f3n de SCOTUS en el mismo a\u00f1o (<\/span><a href=\"https:\/\/www.history.com\/topics\/black-history\/brown-v-board-of-education-of-topeka\"><span style=\"font-weight: 400;\">Brown contra la Junta de Educaci\u00f3n<\/span><\/a> <span style=\"font-weight: 400;\">), se produjo<\/span> <a href=\"https:\/\/www.oyez.org\/cases\/1940-1955\/347us475\"><span style=\"font-weight: 400;\">Hern\u00e1ndez contra Texas<\/span><\/a><span style=\"font-weight: 400;\">, un caso directamente relacionado con la Decimocuarta Enmienda.<\/span><\/p>\n<p><span style=\"font-weight: 400;\">Un trabajador agr\u00edcola llamado Pete Hern\u00e1ndez fue acusado inicialmente del asesinato de Joe Hern\u00e1ndez por un jurado compuesto exclusivamente por blancos en el Condado de Jackson, Texas.<\/span><\/p>\n<p><span style=\"font-weight: 400;\">Alegando que hab\u00eda un prejuicio inherente contra los mexicanoestadounidenses que formaban parte de los jurados, el equipo legal de Hern\u00e1ndez intent\u00f3 anular la acusaci\u00f3n, argumentando adem\u00e1s que el hecho de que en m\u00e1s de veinticinco a\u00f1os ning\u00fan mexicano hubiera formado parte de<\/span> <i><span style=\"font-weight: 400;\">ning\u00fan<\/span><\/i> <span style=\"font-weight: 400;\">jurado indicaba la naturaleza racista de la comisi\u00f3n del jurado.<\/span><\/p>\n<p><span style=\"font-weight: 400;\">Su argumento final se bas\u00f3 en el precedente de que estaban protegidos como una \u201cclase especial\u201d bajo la Decimocuarta Enmienda.<\/span><\/p>\n<p><span style=\"font-weight: 400;\">A medida que el caso avanzaba hacia las apelaciones, la raz\u00f3n citada para considerar que no hab\u00eda sesgo fue que \"los mexicanos  son miembros y est\u00e1n dentro de la clasificaci\u00f3n de la raza blanca \", usando el vac\u00edo legal creado por las leyes Jim Crow casi cien a\u00f1os antes para desechar la idea de que los latinos estaban incluidos en los t\u00e9rminos de la Decimocuarta Enmienda.<\/span><\/p>\n<p><span style=\"font-weight: 400;\">En una decisi\u00f3n un\u00e1nime, la Corte Suprema de Estados Unidos de 1954 consider\u00f3 que las protecciones de la Decimocuarta Enmienda se extienden m\u00e1s all\u00e1 de las clasificaciones de blancos y afroamericanos y se extienden a otros grupos raciales, concluyendo que la Decimocuarta Enmienda<\/span> <span style=\"font-weight: 400;\">\u201cno est\u00e1 dirigida \u00fanicamente contra la discriminaci\u00f3n debida a una teor\u00eda de 'dos \u200b\u200bclases' y en este caso cubre la de ascendencia mexicana\u201d.<\/span><\/p>\n<p><b>Por Liv Styler<\/b><\/p>\n<p><span style=\"font-weight: 400;\">Olivia Monahan es una periodista, editora, educadora y organizadora chicana en Sacramento cuyo \u00fanico objetivo es arrojar luz sobre historias de nuestras comunidades m\u00e1s impactadas y marginadas, pero, a\u00fan m\u00e1s importante, que esas historias humanicen a quienes normalmente quedan excluidos. Es finalista de la Beca Ida B Wells de periodismo de investigaci\u00f3n 2022, miembro de Parenting Journalists Society y ha publicado en The Courier, The Sacramento Bee, The Americano y Submerge Magazine, entre otros.<\/span><\/p>\n","protected":false},"excerpt":{"rendered":"<p>Imagen cortes\u00eda de Nuestro Stories. La Decimocuarta Enmienda es algo que nunca hubi\u00e9ramos anticipado como tendencia en 2022; aun as\u00ed, como de costumbre, la d\u00e9cada de 2020 parece sorprendernos constantemente. Aunque la Constituci\u00f3n es algo que se le ense\u00f1a a cualquier persona de entre nueve y trece a\u00f1os que asiste a una escuela p\u00fablica, el [&hellip;]<\/p>\n","protected":false},"author":4,"featured_media":9928,"comment_status":"closed","ping_status":"closed","sticky":false,"template":"","format":"standard","meta":{"_acf_changed":false,"footnotes":""},"categories":[1266],"tags":[],"class_list":["post-18215","post","type-post","status-publish","format-standard","has-post-thumbnail","hentry","category-sin-categorizar"],"acf":[],"yoast_head":"<!-- This site is optimized with the Yoast SEO plugin v23.5 - https:\/\/yoast.com\/wordpress\/plugins\/seo\/ -->\n<title>La historia de la Decimocuarta Enmienda - Nuestro Stories<\/title>\n<meta name=\"robots\" content=\"index, follow, max-snippet:-1, max-image-preview:large, max-video-preview:-1\" \/>\n<link rel=\"canonical\" href=\"https:\/\/draft.nuestrostories.com\/es\/2022\/08\/la-historia-de-la-decimocuarta-enmienda\/\" \/>\n<meta property=\"og:locale\" content=\"es_ES\" \/>\n<meta property=\"og:type\" content=\"article\" \/>\n<meta property=\"og:title\" content=\"La historia de la Decimocuarta Enmienda - Nuestro Stories\" \/>\n<meta property=\"og:description\" content=\"Imagen cortes\u00eda de Nuestro Stories. La Decimocuarta Enmienda es algo que nunca hubi\u00e9ramos anticipado como tendencia en 2022; aun as\u00ed, como de costumbre, la d\u00e9cada de 2020 parece sorprendernos constantemente. Aunque la Constituci\u00f3n es algo que se le ense\u00f1a a cualquier persona de entre nueve y trece a\u00f1os que asiste a una escuela p\u00fablica, el [&hellip;]\" \/>\n<meta property=\"og:url\" content=\"https:\/\/draft.nuestrostories.com\/es\/2022\/08\/la-historia-de-la-decimocuarta-enmienda\/\" \/>\n<meta property=\"og:site_name\" content=\"Nuestro Stories\" \/>\n<meta property=\"article:published_time\" content=\"2022-08-09T23:25:34+00:00\" \/>\n<meta property=\"article:modified_time\" content=\"2024-04-10T16:46:49+00:00\" \/>\n<meta property=\"og:image\" content=\"https:\/\/draft.nuestrostories.com\/wp-content\/uploads\/2022\/08\/The-History-of-the-Fourteenth-Amendment.jpeg\" \/>\n\t<meta property=\"og:image:width\" content=\"1910\" \/>\n\t<meta property=\"og:image:height\" content=\"1274\" \/>\n\t<meta property=\"og:image:type\" content=\"image\/jpeg\" \/>\n<meta name=\"author\" content=\"Rachel\" \/>\n<meta name=\"twitter:card\" content=\"summary_large_image\" \/>\n<meta name=\"twitter:label1\" content=\"Escrito por\" \/>\n\t<meta name=\"twitter:data1\" content=\"Rachel\" \/>\n\t<meta name=\"twitter:label2\" content=\"Tiempo de lectura\" \/>\n\t<meta name=\"twitter:data2\" content=\"6 minutos\" \/>\n<script type=\"application\/ld+json\" class=\"yoast-schema-graph\">{\"@context\":\"https:\/\/schema.org\",\"@graph\":[{\"@type\":\"WebPage\",\"@id\":\"https:\/\/draft.nuestrostories.com\/es\/2022\/08\/la-historia-de-la-decimocuarta-enmienda\/\",\"url\":\"https:\/\/draft.nuestrostories.com\/es\/2022\/08\/la-historia-de-la-decimocuarta-enmienda\/\",\"name\":\"La historia de la Decimocuarta Enmienda - Nuestro Stories\",\"isPartOf\":{\"@id\":\"https:\/\/draft.nuestrostories.com\/es\/#website\"},\"primaryImageOfPage\":{\"@id\":\"https:\/\/draft.nuestrostories.com\/es\/2022\/08\/la-historia-de-la-decimocuarta-enmienda\/#primaryimage\"},\"image\":{\"@id\":\"https:\/\/draft.nuestrostories.com\/es\/2022\/08\/la-historia-de-la-decimocuarta-enmienda\/#primaryimage\"},\"thumbnailUrl\":\"https:\/\/draft.nuestrostories.com\/wp-content\/uploads\/2022\/08\/The-History-of-the-Fourteenth-Amendment.jpeg\",\"datePublished\":\"2022-08-09T23:25:34+00:00\",\"dateModified\":\"2024-04-10T16:46:49+00:00\",\"author\":{\"@id\":\"https:\/\/draft.nuestrostories.com\/es\/#\/schema\/person\/b741b0e4e34088347d1fba305925ff68\"},\"breadcrumb\":{\"@id\":\"https:\/\/draft.nuestrostories.com\/es\/2022\/08\/la-historia-de-la-decimocuarta-enmienda\/#breadcrumb\"},\"inLanguage\":\"es\",\"potentialAction\":[{\"@type\":\"ReadAction\",\"target\":[\"https:\/\/draft.nuestrostories.com\/es\/2022\/08\/la-historia-de-la-decimocuarta-enmienda\/\"]}]},{\"@type\":\"ImageObject\",\"inLanguage\":\"es\",\"@id\":\"https:\/\/draft.nuestrostories.com\/es\/2022\/08\/la-historia-de-la-decimocuarta-enmienda\/#primaryimage\",\"url\":\"https:\/\/draft.nuestrostories.com\/wp-content\/uploads\/2022\/08\/The-History-of-the-Fourteenth-Amendment.jpeg\",\"contentUrl\":\"https:\/\/draft.nuestrostories.com\/wp-content\/uploads\/2022\/08\/The-History-of-the-Fourteenth-Amendment.jpeg\",\"width\":1910,\"height\":1274,\"caption\":\"Image courtesy of Nuestro Stories.\"},{\"@type\":\"BreadcrumbList\",\"@id\":\"https:\/\/draft.nuestrostories.com\/es\/2022\/08\/la-historia-de-la-decimocuarta-enmienda\/#breadcrumb\",\"itemListElement\":[{\"@type\":\"ListItem\",\"position\":1,\"name\":\"Home\",\"item\":\"https:\/\/draft.nuestrostories.com\/es\/\"},{\"@type\":\"ListItem\",\"position\":2,\"name\":\"La historia de la Decimocuarta Enmienda\"}]},{\"@type\":\"WebSite\",\"@id\":\"https:\/\/draft.nuestrostories.com\/es\/#website\",\"url\":\"https:\/\/draft.nuestrostories.com\/es\/\",\"name\":\"Nuestro Stories\",\"description\":\"Latino Heritage. Every Day.\",\"potentialAction\":[{\"@type\":\"SearchAction\",\"target\":{\"@type\":\"EntryPoint\",\"urlTemplate\":\"https:\/\/draft.nuestrostories.com\/es\/?s={search_term_string}\"},\"query-input\":{\"@type\":\"PropertyValueSpecification\",\"valueRequired\":true,\"valueName\":\"search_term_string\"}}],\"inLanguage\":\"es\"},{\"@type\":\"Person\",\"@id\":\"https:\/\/draft.nuestrostories.com\/es\/#\/schema\/person\/b741b0e4e34088347d1fba305925ff68\",\"name\":\"Rachel\",\"image\":{\"@type\":\"ImageObject\",\"inLanguage\":\"es\",\"@id\":\"https:\/\/draft.nuestrostories.com\/es\/#\/schema\/person\/image\/\",\"url\":\"https:\/\/draft.nuestrostories.com\/wp-content\/uploads\/2023\/06\/RachelBio-150x150.jpg\",\"contentUrl\":\"https:\/\/draft.nuestrostories.com\/wp-content\/uploads\/2023\/06\/RachelBio-150x150.jpg\",\"caption\":\"Rachel\"},\"description\":\"Olivia Monahan Chicana journalist, editor, educator, and organizer in Sacramento whose sole focus is to shed light on stories on our most impacted and marginalized communities, but even more importantly, for those stories to humanize those normally left out. She is an Ida B Wells Investigative Journalism Fellow 2022 Finalist, a member of the Parenting Journalists Society, and has bylines in The Courier, The Sacramento Bee, The Americano, Submerge Magazine among others.\",\"url\":\"https:\/\/draft.nuestrostories.com\/es\/author\/rachel\/\"}]}<\/script>\n<!-- \/ Yoast SEO plugin. -->","yoast_head_json":{"title":"La historia de la Decimocuarta Enmienda - Nuestro Stories","robots":{"index":"index","follow":"follow","max-snippet":"max-snippet:-1","max-image-preview":"max-image-preview:large","max-video-preview":"max-video-preview:-1"},"canonical":"https:\/\/draft.nuestrostories.com\/es\/2022\/08\/la-historia-de-la-decimocuarta-enmienda\/","og_locale":"es_ES","og_type":"article","og_title":"La historia de la Decimocuarta Enmienda - Nuestro Stories","og_description":"Imagen cortes\u00eda de Nuestro Stories. La Decimocuarta Enmienda es algo que nunca hubi\u00e9ramos anticipado como tendencia en 2022; aun as\u00ed, como de costumbre, la d\u00e9cada de 2020 parece sorprendernos constantemente. Aunque la Constituci\u00f3n es algo que se le ense\u00f1a a cualquier persona de entre nueve y trece a\u00f1os que asiste a una escuela p\u00fablica, el [&hellip;]","og_url":"https:\/\/draft.nuestrostories.com\/es\/2022\/08\/la-historia-de-la-decimocuarta-enmienda\/","og_site_name":"Nuestro Stories","article_published_time":"2022-08-09T23:25:34+00:00","article_modified_time":"2024-04-10T16:46:49+00:00","og_image":[{"width":1910,"height":1274,"url":"https:\/\/draft.nuestrostories.com\/wp-content\/uploads\/2022\/08\/The-History-of-the-Fourteenth-Amendment.jpeg","type":"image\/jpeg"}],"author":"Rachel","twitter_card":"summary_large_image","twitter_misc":{"Escrito por":"Rachel","Tiempo de lectura":"6 minutos"},"schema":{"@context":"https:\/\/schema.org","@graph":[{"@type":"WebPage","@id":"https:\/\/draft.nuestrostories.com\/es\/2022\/08\/la-historia-de-la-decimocuarta-enmienda\/","url":"https:\/\/draft.nuestrostories.com\/es\/2022\/08\/la-historia-de-la-decimocuarta-enmienda\/","name":"La historia de la Decimocuarta Enmienda - Nuestro Stories","isPartOf":{"@id":"https:\/\/draft.nuestrostories.com\/es\/#website"},"primaryImageOfPage":{"@id":"https:\/\/draft.nuestrostories.com\/es\/2022\/08\/la-historia-de-la-decimocuarta-enmienda\/#primaryimage"},"image":{"@id":"https:\/\/draft.nuestrostories.com\/es\/2022\/08\/la-historia-de-la-decimocuarta-enmienda\/#primaryimage"},"thumbnailUrl":"https:\/\/draft.nuestrostories.com\/wp-content\/uploads\/2022\/08\/The-History-of-the-Fourteenth-Amendment.jpeg","datePublished":"2022-08-09T23:25:34+00:00","dateModified":"2024-04-10T16:46:49+00:00","author":{"@id":"https:\/\/draft.nuestrostories.com\/es\/#\/schema\/person\/b741b0e4e34088347d1fba305925ff68"},"breadcrumb":{"@id":"https:\/\/draft.nuestrostories.com\/es\/2022\/08\/la-historia-de-la-decimocuarta-enmienda\/#breadcrumb"},"inLanguage":"es","potentialAction":[{"@type":"ReadAction","target":["https:\/\/draft.nuestrostories.com\/es\/2022\/08\/la-historia-de-la-decimocuarta-enmienda\/"]}]},{"@type":"ImageObject","inLanguage":"es","@id":"https:\/\/draft.nuestrostories.com\/es\/2022\/08\/la-historia-de-la-decimocuarta-enmienda\/#primaryimage","url":"https:\/\/draft.nuestrostories.com\/wp-content\/uploads\/2022\/08\/The-History-of-the-Fourteenth-Amendment.jpeg","contentUrl":"https:\/\/draft.nuestrostories.com\/wp-content\/uploads\/2022\/08\/The-History-of-the-Fourteenth-Amendment.jpeg","width":1910,"height":1274,"caption":"Image courtesy of Nuestro Stories."},{"@type":"BreadcrumbList","@id":"https:\/\/draft.nuestrostories.com\/es\/2022\/08\/la-historia-de-la-decimocuarta-enmienda\/#breadcrumb","itemListElement":[{"@type":"ListItem","position":1,"name":"Home","item":"https:\/\/draft.nuestrostories.com\/es\/"},{"@type":"ListItem","position":2,"name":"La historia de la Decimocuarta Enmienda"}]},{"@type":"WebSite","@id":"https:\/\/draft.nuestrostories.com\/es\/#website","url":"https:\/\/draft.nuestrostories.com\/es\/","name":"Nuestro Stories","description":"Latino Heritage. Every Day.","potentialAction":[{"@type":"SearchAction","target":{"@type":"EntryPoint","urlTemplate":"https:\/\/draft.nuestrostories.com\/es\/?s={search_term_string}"},"query-input":{"@type":"PropertyValueSpecification","valueRequired":true,"valueName":"search_term_string"}}],"inLanguage":"es"},{"@type":"Person","@id":"https:\/\/draft.nuestrostories.com\/es\/#\/schema\/person\/b741b0e4e34088347d1fba305925ff68","name":"Rachel","image":{"@type":"ImageObject","inLanguage":"es","@id":"https:\/\/draft.nuestrostories.com\/es\/#\/schema\/person\/image\/","url":"https:\/\/draft.nuestrostories.com\/wp-content\/uploads\/2023\/06\/RachelBio-150x150.jpg","contentUrl":"https:\/\/draft.nuestrostories.com\/wp-content\/uploads\/2023\/06\/RachelBio-150x150.jpg","caption":"Rachel"},"description":"Olivia Monahan Chicana journalist, editor, educator, and organizer in Sacramento whose sole focus is to shed light on stories on our most impacted and marginalized communities, but even more importantly, for those stories to humanize those normally left out. She is an Ida B Wells Investigative Journalism Fellow 2022 Finalist, a member of the Parenting Journalists Society, and has bylines in The Courier, The Sacramento Bee, The Americano, Submerge Magazine among others.","url":"https:\/\/draft.nuestrostories.com\/es\/author\/rachel\/"}]}},"_links":{"self":[{"href":"https:\/\/draft.nuestrostories.com\/es\/wp-json\/wp\/v2\/posts\/18215","targetHints":{"allow":["GET"]}}],"collection":[{"href":"https:\/\/draft.nuestrostories.com\/es\/wp-json\/wp\/v2\/posts"}],"about":[{"href":"https:\/\/draft.nuestrostories.com\/es\/wp-json\/wp\/v2\/types\/post"}],"author":[{"embeddable":true,"href":"https:\/\/draft.nuestrostories.com\/es\/wp-json\/wp\/v2\/users\/4"}],"replies":[{"embeddable":true,"href":"https:\/\/draft.nuestrostories.com\/es\/wp-json\/wp\/v2\/comments?post=18215"}],"version-history":[{"count":1,"href":"https:\/\/draft.nuestrostories.com\/es\/wp-json\/wp\/v2\/posts\/18215\/revisions"}],"predecessor-version":[{"id":18220,"href":"https:\/\/draft.nuestrostories.com\/es\/wp-json\/wp\/v2\/posts\/18215\/revisions\/18220"}],"wp:featuredmedia":[{"embeddable":true,"href":"https:\/\/draft.nuestrostories.com\/es\/wp-json\/wp\/v2\/media\/9928"}],"wp:attachment":[{"href":"https:\/\/draft.nuestrostories.com\/es\/wp-json\/wp\/v2\/media?parent=18215"}],"wp:term":[{"taxonomy":"category","embeddable":true,"href":"https:\/\/draft.nuestrostories.com\/es\/wp-json\/wp\/v2\/categories?post=18215"},{"taxonomy":"post_tag","embeddable":true,"href":"https:\/\/draft.nuestrostories.com\/es\/wp-json\/wp\/v2\/tags?post=18215"}],"curies":[{"name":"wp","href":"https:\/\/api.w.org\/{rel}","templated":true}]}}