{"id":16354,"date":"2024-02-29T09:00:00","date_gmt":"2024-02-29T14:00:00","guid":{"rendered":"https:\/\/draft.nuestrostories.com\/\/?p=16354"},"modified":"2024-02-29T09:48:20","modified_gmt":"2024-02-29T14:48:20","slug":"orestes-minnie-minoso-el-legado-del-cometa-cubano","status":"publish","type":"post","link":"https:\/\/draft.nuestrostories.com\/es\/2024\/02\/orestes-minnie-minoso-el-legado-del-cometa-cubano\/","title":{"rendered":"Orestes \"Minnie\" Mi\u00f1oso: el legado del cometa cubano"},"content":{"rendered":"\n<p>En el coraz\u00f3n de la zona sur de Chicago, una escuela primaria, faro de esperanza e inspiraci\u00f3n, lleva ahora el nombre de una aut\u00e9ntica leyenda. \u00bfQui\u00e9n es esa leyenda? Orestes \"Minnie\" Mi\u00f1oso, un icono del b\u00e9isbol y un h\u00e9roe local cuyo legado trasciende el diamante.<\/p>\n\n\n\n<p>\"La leyenda del b\u00e9isbol de Chicago Minnie Mi\u00f1oso, ya fallecido, tambi\u00e9n era conocido como 'Mr. White Sox' y el 'Cometa Cubano', pero ahora tambi\u00e9n se le conocer\u00e1 por una escuela de South Side que lleva su nombre\", escribi\u00f3 el peri\u00f3dico <a href=\"https:\/\/www.chicagotribune.com\/2023\/08\/17\/white-sox-legend-minnie-mioso-gets-chicago-school-named-for-him-after-cps-drops-civil-war-general-from-title\/\">Chicago Tribune<\/a>.<\/p>\n\n\n\n<p>Es toda una haza\u00f1a para un jugador de All-Star que al principio ni siquiera pod\u00eda jugar con los Chicago White Sox por el color de su piel.<\/p>\n\n\n\n<p>\u00bfC\u00f3mo se convirti\u00f3 esta estrella en el primer jugador afrolatino de las Grandes Ligas y revolucion\u00f3 el juego de tantas maneras?&nbsp;<\/p>\n\n\n\n<p>Esta es la historia del viaje a la grandeza de Orestes \"Minnie\" Mi\u00f1oso.<\/p>\n\n\n\n<figure class=\"wp-block-embed is-type-video is-provider-youtube wp-block-embed-youtube wp-embed-aspect-16-9 wp-has-aspect-ratio\"><div class=\"wp-block-embed__wrapper\">\n<iframe loading=\"lazy\" title=\"Chicago school renamed to honor White Sox legend Minnie Mi\u00f1oso\" width=\"500\" height=\"281\" src=\"https:\/\/www.youtube.com\/embed\/zgWuefq-a38?feature=oembed\" frameborder=\"0\" allow=\"accelerometer; autoplay; clipboard-write; encrypted-media; gyroscope; picture-in-picture; web-share\" referrerpolicy=\"strict-origin-when-cross-origin\" allowfullscreen><\/iframe>\n<\/div><\/figure>\n\n\n\n<h2 class=\"wp-block-heading\"><strong><strong>El legado perdurable de Orestes \"Minnie\" Mi\u00f1oso<\/strong><\/strong><\/h2>\n\n\n\n<p>Al inicio del curso escolar 2023-2024, las Escuelas P\u00fablicas de Chicago (CPS) organizaron una \"fiesta de regreso a la escuela\" para celebrar el cambio de nombre de la escuela primaria George McClellan a Academia Orestes Minnie Mi\u00f1oso. El cambio de nombre honra a la leyenda de los White Sox \"Minnie\" Mi\u00f1oso.<\/p>\n\n\n\n<p>\"Personalmente, me siento abrumado y emocionado por este honor, que es una continuaci\u00f3n tan significativa de la memoria y el legado de pap\u00e1\", le dijo Charlie Rice-Mi\u00f1oso, hijo de Minnie, al sitio de <a href=\"https:\/\/www.cbsnews.com\/chicago\/news\/minnie-minoso-academy-bridgeport-school-renamed\/\">noticias CBS<\/a>.<\/p>\n\n\n\n<p>Y a\u00f1adi\u00f3 que \"Estos ni\u00f1os afroamericanos y morenos tendr\u00e1n a alguien a quien admirar, que puede relacionarse con ellos, relacionarse con sus luchas y sus esperanzas, sus sue\u00f1os y los de sus familias\".<\/p>\n\n\n\n<p>Es solo uno de los muchos homenajes a un jugador de origen cubano que cambi\u00f3 para siempre el deporte estadounidense.<\/p>\n\n\n\n<p>\"La lista de jugadores latinos de los que fue mentor es demasiado larga como para enumerarla, pero incluso ahora su amor y su alegr\u00eda por el juego se reflejan en los rostros de Moncada, Robert, Grandahl y Abreu\", dijo el escritor Laurence Holmes en un <a href=\"https:\/\/youtu.be\/zLH7f5s1f9o?si=72tOiq0rFoOxBBIO\">documental<\/a> de los White Sox de Chicago sobre Mi\u00f1oso en YouTube.<\/p>\n\n\n\n<figure class=\"wp-block-embed is-type-video is-provider-youtube wp-block-embed-youtube wp-embed-aspect-16-9 wp-has-aspect-ratio\"><div class=\"wp-block-embed__wrapper\">\n<iframe loading=\"lazy\" title=\"The Legacy of Minnie Mi\u00f1oso (2022)\" width=\"500\" height=\"281\" src=\"https:\/\/www.youtube.com\/embed\/zLH7f5s1f9o?feature=oembed\" frameborder=\"0\" allow=\"accelerometer; autoplay; clipboard-write; encrypted-media; gyroscope; picture-in-picture; web-share\" referrerpolicy=\"strict-origin-when-cross-origin\" allowfullscreen><\/iframe>\n<\/div><\/figure>\n\n\n\n<h2 class=\"wp-block-heading\"><strong><strong>\u00bfQui\u00e9n era \"Minnie\" Mi\u00f1oso?<\/strong><\/strong><\/h2>\n\n\n\n<p>Orestes \"Minnie\" Mi\u00f1oso naci\u00f3 como Saturnino Orestes Armas Mi\u00f1oso Arrieta el 29 de noviembre de 1923 (o 1925), en Perico, Cuba. Cuando muri\u00f3 en 2015, su familia escribi\u00f3 que su a\u00f1o de nacimiento fue 1924, porque nadie pudo confirmar su fecha de nacimiento real.&nbsp;<\/p>\n\n\n\n<p>Pero era algo m\u00e1s que un simple <a href=\"https:\/\/draft.nuestrostories.com\/\/2022\/05\/15-afro-latino-baseball-players\/\">jugador de b\u00e9isbol<\/a> de la isla caribe\u00f1a. Su apodo, \"el cometa cubano\", reflejaba perfectamente su velocidad electrizante, tanto en el campo como a la hora de romper barreras raciales.<\/p>\n\n\n\n<p>La trayectoria de Mi\u00f1oso empez\u00f3 en las llamadas \"ligas afroamericanas\", en donde demostr\u00f3 su talento como tercera base All-Star con los <a href=\"https:\/\/www.mlb.com\/history\/negro-leagues\/teams\/new-york-cubans\">New York Cubans<\/a>.<\/p>\n\n\n\n<p><br><img loading=\"lazy\" decoding=\"async\" width=\"500\" height=\"212\" class=\"wp-image-16321\" style=\"width: 500px;\" src=\"https:\/\/draft.nuestrostories.com\/\/wp-content\/uploads\/2024\/02\/1948_Negro_League_East_All-Stars-scaled.jpg\" alt=\"East Team, 1948 Negro league East\u2013West All-Star Game, Comiskey Park, Chicago, Illinois. Back row: Lester Lockett, Monte Irvin, Rufus Lewis, Henry Miller, Luke Easter, Robert Griffith, Pat Scantlebury, Wilmer Fields, Bill Cash, Vic Harris and manager Jose Fernandez. Front row: Buck Leonard, Bob Harvey, Marvin Barker, Frank Austin, Pee Wee Buts, Minnie Minoso, Luis Marquez, Louis Louden, Bob Romby, Junior Gilliam.\" srcset=\"https:\/\/draft.nuestrostories.com\/wp-content\/uploads\/2024\/02\/1948_Negro_League_East_All-Stars-scaled.jpg 2560w, https:\/\/draft.nuestrostories.com\/wp-content\/uploads\/2024\/02\/1948_Negro_League_East_All-Stars-300x127.jpg 300w, https:\/\/draft.nuestrostories.com\/wp-content\/uploads\/2024\/02\/1948_Negro_League_East_All-Stars-1024x435.jpg 1024w, https:\/\/draft.nuestrostories.com\/wp-content\/uploads\/2024\/02\/1948_Negro_League_East_All-Stars-768x326.jpg 768w, https:\/\/draft.nuestrostories.com\/wp-content\/uploads\/2024\/02\/1948_Negro_League_East_All-Stars-1536x652.jpg 1536w, https:\/\/draft.nuestrostories.com\/wp-content\/uploads\/2024\/02\/1948_Negro_League_East_All-Stars-2048x869.jpg 2048w\" sizes=\"auto, (max-width: 500px) 100vw, 500px\" \/><\/p>\n\n\n\n<p>\"Los Cubans, un equipo predominantemente latino, jugaba en instituciones hist\u00f3ricas del b\u00e9isbol como Hinchliffe Stadium de Paterson, Nueva Jersey, y Polo Grounds de Nueva York\", coment\u00f3 <a href=\"https:\/\/www.mlb.com\/history\/negro-leagues\/teams\/new-york-cubans\">MLB<\/a>. \"Durante m\u00e1s de diez a\u00f1os, alinearon equipos competitivos, llegando hasta el segundo lugar, pero no pudieron conseguir un t\u00edtulo de liga sino hasta 1947\".<\/p>\n\n\n\n<figure class=\"wp-block-embed is-type-video is-provider-youtube wp-block-embed-youtube wp-embed-aspect-16-9 wp-has-aspect-ratio\"><div class=\"wp-block-embed__wrapper\">\n<iframe loading=\"lazy\" title=\"Minnie Mi\u00f1oso cuenta su historia en la \u00e9poca de segregaci\u00f3n en Estados Unidos\" width=\"500\" height=\"281\" src=\"https:\/\/www.youtube.com\/embed\/uOI_cOfTbeE?feature=oembed\" frameborder=\"0\" allow=\"accelerometer; autoplay; clipboard-write; encrypted-media; gyroscope; picture-in-picture; web-share\" referrerpolicy=\"strict-origin-when-cross-origin\" allowfullscreen><\/iframe>\n<\/div><\/figure>\n\n\n\n<h2 class=\"wp-block-heading\"><strong><strong>De los NY Cubans a los Cleveland Indians<\/strong><\/strong><\/h2>\n\n\n\n<p>En 1949, cuando cay\u00f3 la l\u00ednea de color en el b\u00e9isbol, Mi\u00f1oso se fue con los Cleveland Indians, convirti\u00e9ndose en el primer jugador afrolatino de las Grandes Ligas.&nbsp;<\/p>\n\n\n\n<p>Su llegada marc\u00f3 un momento crucial, abriendo puertas a los jugadores latinoamericanos. Como novato, particip\u00f3 en uno de los primeros Juegos de las Estrellas de MLB en los que participaron latinoamericanos.<\/p>\n\n\n\n<p>En 1951, Mi\u00f1oso se uni\u00f3 a los White Sox y se convirti\u00f3 en el primer jugador afroamericano de los White Sox, bateando un jonr\u00f3n en <a href=\"https:\/\/en.wikipedia.org\/wiki\/Comiskey_Park\">Comiskey Park<\/a> en el primer lanzamiento.<\/p>\n\n\n\n<p>\"Para m\u00ed, Minnie es una leyenda\", le dijo a The New York Times el exlanzador de los Yankees <a href=\"https:\/\/www.baseball-reference.com\/players\/c\/contrjo01.shtml\">Jos\u00e9 Contreras<\/a>, tambi\u00e9n oriundo de Cuba. \"Fue uno de nuestros mejores representantes, nuestro Jackie Robinson\".<\/p>\n\n\n\n<h2 class=\"wp-block-heading\"><strong><strong>El recuerdo perdurable de Mi\u00f1oso<\/strong><\/strong><\/h2>\n\n\n\n<p>Fue All-Star de la Liga Americana durante siete temporadas, ganador de un Guante de Oro y bateador constante de .300. La velocidad de Mi\u00f1oso revolucion\u00f3 el juego, inspirando a otros a adoptar la base robada.&nbsp;<\/p>\n\n\n\n<p>Su resistencia y deportividad dejaron una huella indeleble en los White Sox de Chicago, en donde desempe\u00f1\u00f3 un papel fundamental en el \u00e9xito del equipo durante las d\u00e9cadas de 1950 y 1960.<\/p>\n\n\n\n<p>Pero no siempre fue f\u00e1cil para un jugador de b\u00e9isbol afrolatino.<\/p>\n\n\n\n<p>\"En mi primer a\u00f1o en las grandes ligas, en 1951, un equipo \u2014no s\u00e9 qui\u00e9n\u2014 siempre me insultaba\", dijo una vez en una entrevista con New York World-Telegram and Sun. \" Creo que intentan meterme miedo\", le dijo a <a href=\"https:\/\/www.nytimes.com\/2021\/11\/15\/sports\/baseball\/minnie-minoso-hall-of-fame.html\">New York Times<\/a>.<\/p>\n\n\n\n<h2 class=\"wp-block-heading\"><strong><strong>Mi\u00f1oso entra en el Sal\u00f3n de la Fama del B\u00e9isbol<\/strong><\/strong><\/h2>\n\n\n\n<p>Pero lo super\u00f3 todo y, en 2022, el legado de Mi\u00f1oso recibi\u00f3 su debido reconocimiento cuando fue incluido en el Sal\u00f3n Nacional de la Fama del B\u00e9isbol.<\/p>\n\n\n\n<p>\"Mi\u00f1oso apareci\u00f3 en juegos de la Liga Norte en 1993 y 2003, lo que lo convierte en un jugador de b\u00e9isbol profesional de siete d\u00e9cadas\", expuso el <a href=\"https:\/\/baseballhall.org\/hall-of-famers\/minoso-minnie#:~:text=Mi%C3%B1oso%20recorded%20one%20hit%20in,seven%2Ddecade%20pro%20baseball%20player.\">Sal\u00f3n Nacional de la Fama del B\u00e9isbol<\/a>. \"Sin embargo, fue su juego en los niveles m\u00e1s altos del deporte lo que distingui\u00f3 a Mi\u00f1oso. En lo que fueron once temporadas completas en la Liga Americana, Mi\u00f1oso bate\u00f3 por encima de .300 en ocho ocasiones, fue nombrado a nueve Juegos de las Estrellas, gan\u00f3 tres Guantes de Oro y lider\u00f3 la liga al ser golpeado por lanzamientos en diez ocasiones.  Se retir\u00f3 con un promedio de bateo de .299 en su carrera, incluyendo 2110 hits, 1225 carreras, 1093 carreras impulsadas y 216 bases robadas\".<\/p>\n\n\n\n<figure class=\"wp-block-embed is-type-video is-provider-youtube wp-block-embed-youtube wp-embed-aspect-16-9 wp-has-aspect-ratio\"><div class=\"wp-block-embed__wrapper\">\n<iframe loading=\"lazy\" title=\"Minnie Mi\u00f1oso - Baseball Hall of Fame Class of 2022\" width=\"500\" height=\"281\" src=\"https:\/\/www.youtube.com\/embed\/ac6Dd_a_p5Y?feature=oembed\" frameborder=\"0\" allow=\"accelerometer; autoplay; clipboard-write; encrypted-media; gyroscope; picture-in-picture; web-share\" referrerpolicy=\"strict-origin-when-cross-origin\" allowfullscreen><\/iframe>\n<\/div><\/figure>\n\n\n\n<p>El Comit\u00e9 de la Era de los D\u00edas Dorados le rindi\u00f3 homenaje, celebrando sus contribuciones al deporte. Hoy, cuando los aficionados recuerdan a los \"Go-Go\" White Sox, se acuerdan de Minnie Mi\u00f1oso, el cometa cubano que abri\u00f3 un camino y cambi\u00f3 para siempre el juego del b\u00e9isbol.<\/p>\n\n\n\n<p>\"No puedo ni contar el n\u00famero de veces que \u00e9l y yo nos sentamos en la sala de conferencias adyacente a mi despacho para hablar de b\u00e9isbol y de la vida, de la alegr\u00eda que sent\u00eda por este deporte y de por qu\u00e9 decidi\u00f3 dejar pasar oportunidades m\u00e1s lucrativas para venir a jugar con los New York Cubans\", le dijo Bob Kendrick, presidente de Negro Leagues Baseball Museum (NLBM) de Kansas City, a <a href=\"https:\/\/www.nytimes.com\/2021\/11\/15\/sports\/baseball\/minnie-minoso-hall-of-fame.htm\">New York Times<\/a>. \"Quer\u00eda perseguir el sue\u00f1o americano y sent\u00f3 esas bases para tantos otros, porque sab\u00edan que tendr\u00edan la oportunidad de jugar este juego\".<\/p>\n\n\n\n<p>\"Minnie\" Mi\u00f1oso falleci\u00f3 el 1 de marzo de 2015, pero su legado sigue claramente vivo.<\/p>\n\n\n\n<p><strong>Por Catherine A. Jones<\/strong><\/p>\n\n\n\n<p>Los escritos de Cathy han aparecido en The Washington Post Magazine, USA Weekend, People, Romper.com, The Miami New Times y en docenas de publicaciones de otros medios y sitios en l\u00ednea. Sus art\u00edculos de opini\u00f3n han aparecido en Today.com, El Tiempo Latino, etc\u00e9tera.<\/p>\n","protected":false},"excerpt":{"rendered":"<p>En el coraz\u00f3n de la zona sur de Chicago, una escuela primaria, faro de esperanza e inspiraci\u00f3n, lleva ahora el nombre de una aut\u00e9ntica leyenda. \u00bfQui\u00e9n es esa leyenda? Orestes \"Minnie\" Mi\u00f1oso, un icono del b\u00e9isbol y un h\u00e9roe local cuyo legado trasciende el diamante. \"La leyenda del b\u00e9isbol de Chicago Minnie Mi\u00f1oso, ya fallecido, [&hellip;]<\/p>\n","protected":false},"author":6,"featured_media":16330,"comment_status":"closed","ping_status":"closed","sticky":false,"template":"","format":"standard","meta":{"_acf_changed":false,"footnotes":""},"categories":[1266],"tags":[],"class_list":["post-16354","post","type-post","status-publish","format-standard","has-post-thumbnail","hentry","category-sin-categorizar"],"acf":[],"yoast_head":"<!-- This site is optimized with the Yoast SEO plugin v23.5 - https:\/\/yoast.com\/wordpress\/plugins\/seo\/ -->\n<title>Orestes &quot;Minnie&quot; Mi\u00f1oso: el legado del cometa cubano - Nuestro Stories<\/title>\n<meta name=\"robots\" content=\"index, follow, max-snippet:-1, max-image-preview:large, max-video-preview:-1\" \/>\n<link rel=\"canonical\" href=\"https:\/\/draft.nuestrostories.com\/es\/2024\/02\/orestes-minnie-minoso-el-legado-del-cometa-cubano\/\" \/>\n<meta property=\"og:locale\" content=\"es_ES\" \/>\n<meta property=\"og:type\" content=\"article\" \/>\n<meta property=\"og:title\" content=\"Orestes &quot;Minnie&quot; Mi\u00f1oso: el legado del cometa cubano - Nuestro Stories\" \/>\n<meta property=\"og:description\" content=\"En el coraz\u00f3n de la zona sur de Chicago, una escuela primaria, faro de esperanza e inspiraci\u00f3n, lleva ahora el nombre de una aut\u00e9ntica leyenda. \u00bfQui\u00e9n es esa leyenda? Orestes &quot;Minnie&quot; Mi\u00f1oso, un icono del b\u00e9isbol y un h\u00e9roe local cuyo legado trasciende el diamante. &quot;La leyenda del b\u00e9isbol de Chicago Minnie Mi\u00f1oso, ya fallecido, [&hellip;]\" \/>\n<meta property=\"og:url\" content=\"https:\/\/draft.nuestrostories.com\/es\/2024\/02\/orestes-minnie-minoso-el-legado-del-cometa-cubano\/\" \/>\n<meta property=\"og:site_name\" content=\"Nuestro Stories\" \/>\n<meta property=\"article:published_time\" content=\"2024-02-29T14:00:00+00:00\" \/>\n<meta property=\"article:modified_time\" content=\"2024-02-29T14:48:20+00:00\" \/>\n<meta property=\"og:image\" content=\"https:\/\/draft.nuestrostories.com\/wp-content\/uploads\/2024\/02\/Orestes-Minnie-Minoso-The-Cuban-Comets-Lasting-Legacy-1024x576.png\" \/>\n\t<meta property=\"og:image:width\" content=\"1024\" \/>\n\t<meta property=\"og:image:height\" content=\"576\" \/>\n\t<meta property=\"og:image:type\" content=\"image\/png\" \/>\n<meta name=\"author\" content=\"Catherine A. Jones\" \/>\n<meta name=\"twitter:card\" content=\"summary_large_image\" \/>\n<meta name=\"twitter:label1\" content=\"Escrito por\" \/>\n\t<meta name=\"twitter:data1\" content=\"Catherine A. Jones\" \/>\n\t<meta name=\"twitter:label2\" content=\"Tiempo de lectura\" \/>\n\t<meta name=\"twitter:data2\" content=\"6 minutos\" \/>\n<script type=\"application\/ld+json\" class=\"yoast-schema-graph\">{\"@context\":\"https:\/\/schema.org\",\"@graph\":[{\"@type\":\"WebPage\",\"@id\":\"https:\/\/draft.nuestrostories.com\/es\/2024\/02\/orestes-minnie-minoso-el-legado-del-cometa-cubano\/\",\"url\":\"https:\/\/draft.nuestrostories.com\/es\/2024\/02\/orestes-minnie-minoso-el-legado-del-cometa-cubano\/\",\"name\":\"Orestes \\\"Minnie\\\" Mi\u00f1oso: el legado del cometa cubano - Nuestro Stories\",\"isPartOf\":{\"@id\":\"https:\/\/draft.nuestrostories.com\/es\/#website\"},\"primaryImageOfPage\":{\"@id\":\"https:\/\/draft.nuestrostories.com\/es\/2024\/02\/orestes-minnie-minoso-el-legado-del-cometa-cubano\/#primaryimage\"},\"image\":{\"@id\":\"https:\/\/draft.nuestrostories.com\/es\/2024\/02\/orestes-minnie-minoso-el-legado-del-cometa-cubano\/#primaryimage\"},\"thumbnailUrl\":\"https:\/\/draft.nuestrostories.com\/wp-content\/uploads\/2024\/02\/Orestes-Minnie-Minoso-The-Cuban-Comets-Lasting-Legacy.png\",\"datePublished\":\"2024-02-29T14:00:00+00:00\",\"dateModified\":\"2024-02-29T14:48:20+00:00\",\"author\":{\"@id\":\"https:\/\/draft.nuestrostories.com\/es\/#\/schema\/person\/e086ff88b42096a6b00a2dcb2ebd7444\"},\"breadcrumb\":{\"@id\":\"https:\/\/draft.nuestrostories.com\/es\/2024\/02\/orestes-minnie-minoso-el-legado-del-cometa-cubano\/#breadcrumb\"},\"inLanguage\":\"es\",\"potentialAction\":[{\"@type\":\"ReadAction\",\"target\":[\"https:\/\/draft.nuestrostories.com\/es\/2024\/02\/orestes-minnie-minoso-el-legado-del-cometa-cubano\/\"]}]},{\"@type\":\"ImageObject\",\"inLanguage\":\"es\",\"@id\":\"https:\/\/draft.nuestrostories.com\/es\/2024\/02\/orestes-minnie-minoso-el-legado-del-cometa-cubano\/#primaryimage\",\"url\":\"https:\/\/draft.nuestrostories.com\/wp-content\/uploads\/2024\/02\/Orestes-Minnie-Minoso-The-Cuban-Comets-Lasting-Legacy.png\",\"contentUrl\":\"https:\/\/draft.nuestrostories.com\/wp-content\/uploads\/2024\/02\/Orestes-Minnie-Minoso-The-Cuban-Comets-Lasting-Legacy.png\",\"width\":2000,\"height\":1125},{\"@type\":\"BreadcrumbList\",\"@id\":\"https:\/\/draft.nuestrostories.com\/es\/2024\/02\/orestes-minnie-minoso-el-legado-del-cometa-cubano\/#breadcrumb\",\"itemListElement\":[{\"@type\":\"ListItem\",\"position\":1,\"name\":\"Home\",\"item\":\"https:\/\/draft.nuestrostories.com\/es\/\"},{\"@type\":\"ListItem\",\"position\":2,\"name\":\"Orestes &#8220;Minnie&#8221; Mi\u00f1oso: el legado del cometa cubano\"}]},{\"@type\":\"WebSite\",\"@id\":\"https:\/\/draft.nuestrostories.com\/es\/#website\",\"url\":\"https:\/\/draft.nuestrostories.com\/es\/\",\"name\":\"Nuestro Stories\",\"description\":\"Latino Heritage. Every Day.\",\"potentialAction\":[{\"@type\":\"SearchAction\",\"target\":{\"@type\":\"EntryPoint\",\"urlTemplate\":\"https:\/\/draft.nuestrostories.com\/es\/?s={search_term_string}\"},\"query-input\":{\"@type\":\"PropertyValueSpecification\",\"valueRequired\":true,\"valueName\":\"search_term_string\"}}],\"inLanguage\":\"es\"},{\"@type\":\"Person\",\"@id\":\"https:\/\/draft.nuestrostories.com\/es\/#\/schema\/person\/e086ff88b42096a6b00a2dcb2ebd7444\",\"name\":\"Catherine A. Jones\",\"image\":{\"@type\":\"ImageObject\",\"inLanguage\":\"es\",\"@id\":\"https:\/\/draft.nuestrostories.com\/es\/#\/schema\/person\/image\/\",\"url\":\"https:\/\/draft.nuestrostories.com\/wp-content\/uploads\/2023\/10\/IMG_20231112_232913-96x96.jpg\",\"contentUrl\":\"https:\/\/draft.nuestrostories.com\/wp-content\/uploads\/2023\/10\/IMG_20231112_232913-96x96.jpg\",\"caption\":\"Catherine A. Jones\"},\"description\":\"Cathy\u2019s writing has appeared in The Washington Post Magazine, USA Weekend, People, Romper.com, The Miami New Times, and dozens of other media publications and online sites. Her opinion pieces have appeared on Today.com, El Tiempo Latino, and more.\",\"url\":\"https:\/\/draft.nuestrostories.com\/es\/author\/cathy\/\"}]}<\/script>\n<!-- \/ Yoast SEO plugin. -->","yoast_head_json":{"title":"Orestes \"Minnie\" Mi\u00f1oso: el legado del cometa cubano - Nuestro Stories","robots":{"index":"index","follow":"follow","max-snippet":"max-snippet:-1","max-image-preview":"max-image-preview:large","max-video-preview":"max-video-preview:-1"},"canonical":"https:\/\/draft.nuestrostories.com\/es\/2024\/02\/orestes-minnie-minoso-el-legado-del-cometa-cubano\/","og_locale":"es_ES","og_type":"article","og_title":"Orestes \"Minnie\" Mi\u00f1oso: el legado del cometa cubano - Nuestro Stories","og_description":"En el coraz\u00f3n de la zona sur de Chicago, una escuela primaria, faro de esperanza e inspiraci\u00f3n, lleva ahora el nombre de una aut\u00e9ntica leyenda. \u00bfQui\u00e9n es esa leyenda? Orestes \"Minnie\" Mi\u00f1oso, un icono del b\u00e9isbol y un h\u00e9roe local cuyo legado trasciende el diamante. \"La leyenda del b\u00e9isbol de Chicago Minnie Mi\u00f1oso, ya fallecido, [&hellip;]","og_url":"https:\/\/draft.nuestrostories.com\/es\/2024\/02\/orestes-minnie-minoso-el-legado-del-cometa-cubano\/","og_site_name":"Nuestro Stories","article_published_time":"2024-02-29T14:00:00+00:00","article_modified_time":"2024-02-29T14:48:20+00:00","og_image":[{"width":1024,"height":576,"url":"https:\/\/draft.nuestrostories.com\/wp-content\/uploads\/2024\/02\/Orestes-Minnie-Minoso-The-Cuban-Comets-Lasting-Legacy-1024x576.png","type":"image\/png"}],"author":"Catherine A. Jones","twitter_card":"summary_large_image","twitter_misc":{"Escrito por":"Catherine A. Jones","Tiempo de lectura":"6 minutos"},"schema":{"@context":"https:\/\/schema.org","@graph":[{"@type":"WebPage","@id":"https:\/\/draft.nuestrostories.com\/es\/2024\/02\/orestes-minnie-minoso-el-legado-del-cometa-cubano\/","url":"https:\/\/draft.nuestrostories.com\/es\/2024\/02\/orestes-minnie-minoso-el-legado-del-cometa-cubano\/","name":"Orestes \"Minnie\" Mi\u00f1oso: el legado del cometa cubano - Nuestro Stories","isPartOf":{"@id":"https:\/\/draft.nuestrostories.com\/es\/#website"},"primaryImageOfPage":{"@id":"https:\/\/draft.nuestrostories.com\/es\/2024\/02\/orestes-minnie-minoso-el-legado-del-cometa-cubano\/#primaryimage"},"image":{"@id":"https:\/\/draft.nuestrostories.com\/es\/2024\/02\/orestes-minnie-minoso-el-legado-del-cometa-cubano\/#primaryimage"},"thumbnailUrl":"https:\/\/draft.nuestrostories.com\/wp-content\/uploads\/2024\/02\/Orestes-Minnie-Minoso-The-Cuban-Comets-Lasting-Legacy.png","datePublished":"2024-02-29T14:00:00+00:00","dateModified":"2024-02-29T14:48:20+00:00","author":{"@id":"https:\/\/draft.nuestrostories.com\/es\/#\/schema\/person\/e086ff88b42096a6b00a2dcb2ebd7444"},"breadcrumb":{"@id":"https:\/\/draft.nuestrostories.com\/es\/2024\/02\/orestes-minnie-minoso-el-legado-del-cometa-cubano\/#breadcrumb"},"inLanguage":"es","potentialAction":[{"@type":"ReadAction","target":["https:\/\/draft.nuestrostories.com\/es\/2024\/02\/orestes-minnie-minoso-el-legado-del-cometa-cubano\/"]}]},{"@type":"ImageObject","inLanguage":"es","@id":"https:\/\/draft.nuestrostories.com\/es\/2024\/02\/orestes-minnie-minoso-el-legado-del-cometa-cubano\/#primaryimage","url":"https:\/\/draft.nuestrostories.com\/wp-content\/uploads\/2024\/02\/Orestes-Minnie-Minoso-The-Cuban-Comets-Lasting-Legacy.png","contentUrl":"https:\/\/draft.nuestrostories.com\/wp-content\/uploads\/2024\/02\/Orestes-Minnie-Minoso-The-Cuban-Comets-Lasting-Legacy.png","width":2000,"height":1125},{"@type":"BreadcrumbList","@id":"https:\/\/draft.nuestrostories.com\/es\/2024\/02\/orestes-minnie-minoso-el-legado-del-cometa-cubano\/#breadcrumb","itemListElement":[{"@type":"ListItem","position":1,"name":"Home","item":"https:\/\/draft.nuestrostories.com\/es\/"},{"@type":"ListItem","position":2,"name":"Orestes &#8220;Minnie&#8221; Mi\u00f1oso: el legado del cometa cubano"}]},{"@type":"WebSite","@id":"https:\/\/draft.nuestrostories.com\/es\/#website","url":"https:\/\/draft.nuestrostories.com\/es\/","name":"Nuestro Stories","description":"Latino Heritage. Every Day.","potentialAction":[{"@type":"SearchAction","target":{"@type":"EntryPoint","urlTemplate":"https:\/\/draft.nuestrostories.com\/es\/?s={search_term_string}"},"query-input":{"@type":"PropertyValueSpecification","valueRequired":true,"valueName":"search_term_string"}}],"inLanguage":"es"},{"@type":"Person","@id":"https:\/\/draft.nuestrostories.com\/es\/#\/schema\/person\/e086ff88b42096a6b00a2dcb2ebd7444","name":"Catherine A. Jones","image":{"@type":"ImageObject","inLanguage":"es","@id":"https:\/\/draft.nuestrostories.com\/es\/#\/schema\/person\/image\/","url":"https:\/\/draft.nuestrostories.com\/wp-content\/uploads\/2023\/10\/IMG_20231112_232913-96x96.jpg","contentUrl":"https:\/\/draft.nuestrostories.com\/wp-content\/uploads\/2023\/10\/IMG_20231112_232913-96x96.jpg","caption":"Catherine A. Jones"},"description":"Cathy\u2019s writing has appeared in The Washington Post Magazine, USA Weekend, People, Romper.com, The Miami New Times, and dozens of other media publications and online sites. Her opinion pieces have appeared on Today.com, El Tiempo Latino, and more.","url":"https:\/\/draft.nuestrostories.com\/es\/author\/cathy\/"}]}},"_links":{"self":[{"href":"https:\/\/draft.nuestrostories.com\/es\/wp-json\/wp\/v2\/posts\/16354","targetHints":{"allow":["GET"]}}],"collection":[{"href":"https:\/\/draft.nuestrostories.com\/es\/wp-json\/wp\/v2\/posts"}],"about":[{"href":"https:\/\/draft.nuestrostories.com\/es\/wp-json\/wp\/v2\/types\/post"}],"author":[{"embeddable":true,"href":"https:\/\/draft.nuestrostories.com\/es\/wp-json\/wp\/v2\/users\/6"}],"replies":[{"embeddable":true,"href":"https:\/\/draft.nuestrostories.com\/es\/wp-json\/wp\/v2\/comments?post=16354"}],"version-history":[{"count":2,"href":"https:\/\/draft.nuestrostories.com\/es\/wp-json\/wp\/v2\/posts\/16354\/revisions"}],"predecessor-version":[{"id":16361,"href":"https:\/\/draft.nuestrostories.com\/es\/wp-json\/wp\/v2\/posts\/16354\/revisions\/16361"}],"wp:featuredmedia":[{"embeddable":true,"href":"https:\/\/draft.nuestrostories.com\/es\/wp-json\/wp\/v2\/media\/16330"}],"wp:attachment":[{"href":"https:\/\/draft.nuestrostories.com\/es\/wp-json\/wp\/v2\/media?parent=16354"}],"wp:term":[{"taxonomy":"category","embeddable":true,"href":"https:\/\/draft.nuestrostories.com\/es\/wp-json\/wp\/v2\/categories?post=16354"},{"taxonomy":"post_tag","embeddable":true,"href":"https:\/\/draft.nuestrostories.com\/es\/wp-json\/wp\/v2\/tags?post=16354"}],"curies":[{"name":"wp","href":"https:\/\/api.w.org\/{rel}","templated":true}]}}