{"id":14598,"date":"2023-02-02T11:46:04","date_gmt":"2023-02-02T16:46:04","guid":{"rendered":"https:\/\/draft.nuestrostories.com\/\/?p=14598"},"modified":"2024-01-19T13:32:23","modified_gmt":"2024-01-19T18:32:23","slug":"tras-una-larga-carrera-en-politica-este-momento-consolido-la-trayectoria-de-ileana-ros-lehtinen","status":"publish","type":"post","link":"https:\/\/draft.nuestrostories.com\/es\/2023\/02\/tras-una-larga-carrera-en-politica-este-momento-consolido-la-trayectoria-de-ileana-ros-lehtinen\/","title":{"rendered":"Tras una larga carrera en pol\u00edtica, este momento consolid\u00f3 la trayectoria de Ileana Ros-Lehtinen"},"content":{"rendered":"\n<p><em>Cr\u00e9dito: Nuestro Stories<\/em><\/p>\n\n\n\n<p>Muchas latinas han allanado el camino pol\u00edtico en las \u00faltimas d\u00e9cadas, y una de esas mujeres es <a href=\"https:\/\/www.womenshistory.org\/education-resources\/biographies\/ileana-ros-lehtinen\">Ileana Ros-Lehtinen<\/a>. Fue la primera latina elegida para la C\u00e1mara de Representantes de Florida en 1982, para el Senado de Florida en 1986 y para el Congreso en 1989.<\/p>\n\n\n\n<p>En comparaci\u00f3n con sus colegas republicanos, Ros-Lehntinen no solo allan\u00f3 su camino pol\u00edticamente, sino que destroz\u00f3 algunos de los componentes profundamente arraigados en los sistemas de creencias del Partido Republicano con su apoyo activo a los derechos LGBTQ+.<\/p>\n\n\n\n<p>Su carrera empez\u00f3 en Florida, pero su vida inici\u00f3 en Cuba. Sus padres vivieron en la isla hasta que Ros-Lehtinen ten\u00eda unos ocho a\u00f1os. Fuerte opositora a Castro y su influencia sobre el estilo de vida de Cuba, su familia huy\u00f3 a Estados Unidos y se estableci\u00f3 en Miami.<\/p>\n\n\n\n<p>Su carrera pol\u00edtica empez\u00f3 en la educaci\u00f3n, donde comenz\u00f3 como maestra y ascendi\u00f3 hasta convertirse en directora. Al ver de primera mano los problemas dentro del sistema de educaci\u00f3n p\u00fablica, decidi\u00f3 transformar su carrera en la educaci\u00f3n en una carrera en la pol\u00edtica, usando la reforma educativa como un componente importante de su plataforma. Esa plataforma le permiti\u00f3 abrir las puertas de la C\u00e1mara de Representantes y del Senado de Florida; su elecci\u00f3n la convirti\u00f3 en la primera latina en ocupar un cargo en ambos sitios.<\/p>\n\n\n\n<p>Lee m\u00e1s:<strong> <\/strong><a href=\"https:\/\/draft.nuestrostories.com\/\/2023\/01\/activist-rigoberta-menchu\/\">De activista a premio Nobel, la historia de Rigoberta Mench\u00fa<\/a><\/p>\n\n\n\n<h2 class=\"wp-block-heading\">Uno de los momentos decisivos de Ileana Ros-Lehtinen<\/h2>\n\n\n\n<p>Si bien todos estos momentos pudieran considerarse un verdadero avance para las mujeres, las latinas y los pol\u00edticos primerizos, todo en una sola historia, el verdadero momento decisivo fue cuando Ros-Lehtinen rompi\u00f3 los patrones generacionales tanto en el Partido Republicano como en la comunidad latina, luchando p\u00fablica y constantemente por los derechos de la comunidad LGBTQ+.<\/p>\n\n\n\n<p>En 2012, se convirti\u00f3 en la primera republicana en apoyar la Ley de Igualdad en el Matrimonio. Ella llev\u00f3 su apoyo un paso m\u00e1s all\u00e1 al apoyar p\u00fablicamente a su hijo, quien no solo trabaja como defensor de la comunidad LGBTQ+ sino que tambi\u00e9n es transg\u00e9nero.<\/p>\n\n\n\n<p>Aunque la Ley de Igualdad en el Matrimonio fue un gran tema de conversaci\u00f3n y muchos en el Partido Republicano estaban en contra, Ros-Lehtinen adopt\u00f3 una postura impopular. Fue un momento decisivo para un lugar tradicionalmente conocido por su visi\u00f3n anti-LGBTQ+ y estuvo muy adelantado a su tiempo. Sin embargo, mirando en retrospectiva, podemos decir con seguridad que toda la carrera de Ros-Lehtinen fue un gran avance.<\/p>\n\n\n\n<figure class=\"wp-block-embed\"><div class=\"wp-block-embed__wrapper\">\nhttps:\/\/draft.nuestrostories.com\/\/wp-content\/uploads\/2022\/06\/Liv-182\n<\/div><\/figure>\n\n\n\n<p>Por <a href=\"https:\/\/draft.nuestrostories.com\/\/category\/liv-styler\/\">Liv Styler<\/a><\/p>\n\n\n\n<p>Olivia Monahan \u2013 Periodista, editora, educadora y organizadora chicana en Sacramento cuyo \u00fanico objetivo es arrojar luz sobre historias de nuestras comunidades m\u00e1s impactadas y marginadas pero, a\u00fan m\u00e1s importante, que esas historias humanicen a quienes normalmente quedan excluidos. Es finalista de la Beca Ida B Wells de periodismo de investigaci\u00f3n 2022, miembro de la Parenting Journalists Society y ha publicado en The Courier, The Sacramento Bee, The Americano y Submerge Magazine, entre otros.<\/p>\n","protected":false},"excerpt":{"rendered":"<p>Cr\u00e9dito: Nuestro Stories Muchas latinas han allanado el camino pol\u00edtico en las \u00faltimas d\u00e9cadas, y una de esas mujeres es Ileana Ros-Lehtinen. Fue la primera latina elegida para la C\u00e1mara de Representantes de Florida en 1982, para el Senado de Florida en 1986 y para el Congreso en 1989. En comparaci\u00f3n con sus colegas republicanos, [&hellip;]<\/p>\n","protected":false},"author":4,"featured_media":10263,"comment_status":"closed","ping_status":"open","sticky":false,"template":"","format":"standard","meta":{"_acf_changed":false,"footnotes":""},"categories":[1281],"tags":[],"class_list":["post-14598","post","type-post","status-publish","format-standard","has-post-thumbnail","hentry","category-featured-es"],"acf":[],"yoast_head":"<!-- This site is optimized with the Yoast SEO plugin v23.5 - https:\/\/yoast.com\/wordpress\/plugins\/seo\/ -->\n<title>Tras una larga carrera en pol\u00edtica, este momento consolid\u00f3 la trayectoria de Ileana Ros-Lehtinen - Nuestro Stories<\/title>\n<meta name=\"robots\" content=\"index, follow, max-snippet:-1, max-image-preview:large, max-video-preview:-1\" \/>\n<link rel=\"canonical\" href=\"https:\/\/draft.nuestrostories.com\/es\/2023\/02\/tras-una-larga-carrera-en-politica-este-momento-consolido-la-trayectoria-de-ileana-ros-lehtinen\/\" \/>\n<meta property=\"og:locale\" content=\"es_ES\" \/>\n<meta property=\"og:type\" content=\"article\" \/>\n<meta property=\"og:title\" content=\"Tras una larga carrera en pol\u00edtica, este momento consolid\u00f3 la trayectoria de Ileana Ros-Lehtinen - Nuestro Stories\" \/>\n<meta property=\"og:description\" content=\"Cr\u00e9dito: Nuestro Stories Muchas latinas han allanado el camino pol\u00edtico en las \u00faltimas d\u00e9cadas, y una de esas mujeres es Ileana Ros-Lehtinen. Fue la primera latina elegida para la C\u00e1mara de Representantes de Florida en 1982, para el Senado de Florida en 1986 y para el Congreso en 1989. En comparaci\u00f3n con sus colegas republicanos, [&hellip;]\" \/>\n<meta property=\"og:url\" content=\"https:\/\/draft.nuestrostories.com\/es\/2023\/02\/tras-una-larga-carrera-en-politica-este-momento-consolido-la-trayectoria-de-ileana-ros-lehtinen\/\" \/>\n<meta property=\"og:site_name\" content=\"Nuestro Stories\" \/>\n<meta property=\"article:published_time\" content=\"2023-02-02T16:46:04+00:00\" \/>\n<meta property=\"article:modified_time\" content=\"2024-01-19T18:32:23+00:00\" \/>\n<meta property=\"og:image\" content=\"https:\/\/draft.nuestrostories.com\/wp-content\/uploads\/2023\/02\/Ileana-Ros-Lehtinen.jpg\" \/>\n\t<meta property=\"og:image:width\" content=\"1910\" \/>\n\t<meta property=\"og:image:height\" content=\"1274\" \/>\n\t<meta property=\"og:image:type\" content=\"image\/jpeg\" \/>\n<meta name=\"author\" content=\"Rachel\" \/>\n<meta name=\"twitter:card\" content=\"summary_large_image\" \/>\n<meta name=\"twitter:label1\" content=\"Escrito por\" \/>\n\t<meta name=\"twitter:data1\" content=\"Rachel\" \/>\n\t<meta name=\"twitter:label2\" content=\"Tiempo de lectura\" \/>\n\t<meta name=\"twitter:data2\" content=\"3 minutos\" \/>\n<script type=\"application\/ld+json\" class=\"yoast-schema-graph\">{\"@context\":\"https:\/\/schema.org\",\"@graph\":[{\"@type\":\"WebPage\",\"@id\":\"https:\/\/draft.nuestrostories.com\/es\/2023\/02\/tras-una-larga-carrera-en-politica-este-momento-consolido-la-trayectoria-de-ileana-ros-lehtinen\/\",\"url\":\"https:\/\/draft.nuestrostories.com\/es\/2023\/02\/tras-una-larga-carrera-en-politica-este-momento-consolido-la-trayectoria-de-ileana-ros-lehtinen\/\",\"name\":\"Tras una larga carrera en pol\u00edtica, este momento consolid\u00f3 la trayectoria de Ileana Ros-Lehtinen - Nuestro Stories\",\"isPartOf\":{\"@id\":\"https:\/\/draft.nuestrostories.com\/es\/#website\"},\"primaryImageOfPage\":{\"@id\":\"https:\/\/draft.nuestrostories.com\/es\/2023\/02\/tras-una-larga-carrera-en-politica-este-momento-consolido-la-trayectoria-de-ileana-ros-lehtinen\/#primaryimage\"},\"image\":{\"@id\":\"https:\/\/draft.nuestrostories.com\/es\/2023\/02\/tras-una-larga-carrera-en-politica-este-momento-consolido-la-trayectoria-de-ileana-ros-lehtinen\/#primaryimage\"},\"thumbnailUrl\":\"https:\/\/draft.nuestrostories.com\/wp-content\/uploads\/2023\/02\/Ileana-Ros-Lehtinen.jpg\",\"datePublished\":\"2023-02-02T16:46:04+00:00\",\"dateModified\":\"2024-01-19T18:32:23+00:00\",\"author\":{\"@id\":\"https:\/\/draft.nuestrostories.com\/es\/#\/schema\/person\/b741b0e4e34088347d1fba305925ff68\"},\"breadcrumb\":{\"@id\":\"https:\/\/draft.nuestrostories.com\/es\/2023\/02\/tras-una-larga-carrera-en-politica-este-momento-consolido-la-trayectoria-de-ileana-ros-lehtinen\/#breadcrumb\"},\"inLanguage\":\"es\",\"potentialAction\":[{\"@type\":\"ReadAction\",\"target\":[\"https:\/\/draft.nuestrostories.com\/es\/2023\/02\/tras-una-larga-carrera-en-politica-este-momento-consolido-la-trayectoria-de-ileana-ros-lehtinen\/\"]}]},{\"@type\":\"ImageObject\",\"inLanguage\":\"es\",\"@id\":\"https:\/\/draft.nuestrostories.com\/es\/2023\/02\/tras-una-larga-carrera-en-politica-este-momento-consolido-la-trayectoria-de-ileana-ros-lehtinen\/#primaryimage\",\"url\":\"https:\/\/draft.nuestrostories.com\/wp-content\/uploads\/2023\/02\/Ileana-Ros-Lehtinen.jpg\",\"contentUrl\":\"https:\/\/draft.nuestrostories.com\/wp-content\/uploads\/2023\/02\/Ileana-Ros-Lehtinen.jpg\",\"width\":1910,\"height\":1274},{\"@type\":\"BreadcrumbList\",\"@id\":\"https:\/\/draft.nuestrostories.com\/es\/2023\/02\/tras-una-larga-carrera-en-politica-este-momento-consolido-la-trayectoria-de-ileana-ros-lehtinen\/#breadcrumb\",\"itemListElement\":[{\"@type\":\"ListItem\",\"position\":1,\"name\":\"Home\",\"item\":\"https:\/\/draft.nuestrostories.com\/es\/\"},{\"@type\":\"ListItem\",\"position\":2,\"name\":\"Tras una larga carrera en pol\u00edtica, este momento consolid\u00f3 la trayectoria de Ileana Ros-Lehtinen\"}]},{\"@type\":\"WebSite\",\"@id\":\"https:\/\/draft.nuestrostories.com\/es\/#website\",\"url\":\"https:\/\/draft.nuestrostories.com\/es\/\",\"name\":\"Nuestro Stories\",\"description\":\"Latino Heritage. Every Day.\",\"potentialAction\":[{\"@type\":\"SearchAction\",\"target\":{\"@type\":\"EntryPoint\",\"urlTemplate\":\"https:\/\/draft.nuestrostories.com\/es\/?s={search_term_string}\"},\"query-input\":{\"@type\":\"PropertyValueSpecification\",\"valueRequired\":true,\"valueName\":\"search_term_string\"}}],\"inLanguage\":\"es\"},{\"@type\":\"Person\",\"@id\":\"https:\/\/draft.nuestrostories.com\/es\/#\/schema\/person\/b741b0e4e34088347d1fba305925ff68\",\"name\":\"Rachel\",\"image\":{\"@type\":\"ImageObject\",\"inLanguage\":\"es\",\"@id\":\"https:\/\/draft.nuestrostories.com\/es\/#\/schema\/person\/image\/\",\"url\":\"https:\/\/draft.nuestrostories.com\/wp-content\/uploads\/2023\/06\/RachelBio-150x150.jpg\",\"contentUrl\":\"https:\/\/draft.nuestrostories.com\/wp-content\/uploads\/2023\/06\/RachelBio-150x150.jpg\",\"caption\":\"Rachel\"},\"description\":\"Olivia Monahan Chicana journalist, editor, educator, and organizer in Sacramento whose sole focus is to shed light on stories on our most impacted and marginalized communities, but even more importantly, for those stories to humanize those normally left out. She is an Ida B Wells Investigative Journalism Fellow 2022 Finalist, a member of the Parenting Journalists Society, and has bylines in The Courier, The Sacramento Bee, The Americano, Submerge Magazine among others.\",\"url\":\"https:\/\/draft.nuestrostories.com\/es\/author\/rachel\/\"}]}<\/script>\n<!-- \/ Yoast SEO plugin. -->","yoast_head_json":{"title":"Tras una larga carrera en pol\u00edtica, este momento consolid\u00f3 la trayectoria de Ileana Ros-Lehtinen - Nuestro Stories","robots":{"index":"index","follow":"follow","max-snippet":"max-snippet:-1","max-image-preview":"max-image-preview:large","max-video-preview":"max-video-preview:-1"},"canonical":"https:\/\/draft.nuestrostories.com\/es\/2023\/02\/tras-una-larga-carrera-en-politica-este-momento-consolido-la-trayectoria-de-ileana-ros-lehtinen\/","og_locale":"es_ES","og_type":"article","og_title":"Tras una larga carrera en pol\u00edtica, este momento consolid\u00f3 la trayectoria de Ileana Ros-Lehtinen - Nuestro Stories","og_description":"Cr\u00e9dito: Nuestro Stories Muchas latinas han allanado el camino pol\u00edtico en las \u00faltimas d\u00e9cadas, y una de esas mujeres es Ileana Ros-Lehtinen. Fue la primera latina elegida para la C\u00e1mara de Representantes de Florida en 1982, para el Senado de Florida en 1986 y para el Congreso en 1989. En comparaci\u00f3n con sus colegas republicanos, [&hellip;]","og_url":"https:\/\/draft.nuestrostories.com\/es\/2023\/02\/tras-una-larga-carrera-en-politica-este-momento-consolido-la-trayectoria-de-ileana-ros-lehtinen\/","og_site_name":"Nuestro Stories","article_published_time":"2023-02-02T16:46:04+00:00","article_modified_time":"2024-01-19T18:32:23+00:00","og_image":[{"width":1910,"height":1274,"url":"https:\/\/draft.nuestrostories.com\/wp-content\/uploads\/2023\/02\/Ileana-Ros-Lehtinen.jpg","type":"image\/jpeg"}],"author":"Rachel","twitter_card":"summary_large_image","twitter_misc":{"Escrito por":"Rachel","Tiempo de lectura":"3 minutos"},"schema":{"@context":"https:\/\/schema.org","@graph":[{"@type":"WebPage","@id":"https:\/\/draft.nuestrostories.com\/es\/2023\/02\/tras-una-larga-carrera-en-politica-este-momento-consolido-la-trayectoria-de-ileana-ros-lehtinen\/","url":"https:\/\/draft.nuestrostories.com\/es\/2023\/02\/tras-una-larga-carrera-en-politica-este-momento-consolido-la-trayectoria-de-ileana-ros-lehtinen\/","name":"Tras una larga carrera en pol\u00edtica, este momento consolid\u00f3 la trayectoria de Ileana Ros-Lehtinen - Nuestro Stories","isPartOf":{"@id":"https:\/\/draft.nuestrostories.com\/es\/#website"},"primaryImageOfPage":{"@id":"https:\/\/draft.nuestrostories.com\/es\/2023\/02\/tras-una-larga-carrera-en-politica-este-momento-consolido-la-trayectoria-de-ileana-ros-lehtinen\/#primaryimage"},"image":{"@id":"https:\/\/draft.nuestrostories.com\/es\/2023\/02\/tras-una-larga-carrera-en-politica-este-momento-consolido-la-trayectoria-de-ileana-ros-lehtinen\/#primaryimage"},"thumbnailUrl":"https:\/\/draft.nuestrostories.com\/wp-content\/uploads\/2023\/02\/Ileana-Ros-Lehtinen.jpg","datePublished":"2023-02-02T16:46:04+00:00","dateModified":"2024-01-19T18:32:23+00:00","author":{"@id":"https:\/\/draft.nuestrostories.com\/es\/#\/schema\/person\/b741b0e4e34088347d1fba305925ff68"},"breadcrumb":{"@id":"https:\/\/draft.nuestrostories.com\/es\/2023\/02\/tras-una-larga-carrera-en-politica-este-momento-consolido-la-trayectoria-de-ileana-ros-lehtinen\/#breadcrumb"},"inLanguage":"es","potentialAction":[{"@type":"ReadAction","target":["https:\/\/draft.nuestrostories.com\/es\/2023\/02\/tras-una-larga-carrera-en-politica-este-momento-consolido-la-trayectoria-de-ileana-ros-lehtinen\/"]}]},{"@type":"ImageObject","inLanguage":"es","@id":"https:\/\/draft.nuestrostories.com\/es\/2023\/02\/tras-una-larga-carrera-en-politica-este-momento-consolido-la-trayectoria-de-ileana-ros-lehtinen\/#primaryimage","url":"https:\/\/draft.nuestrostories.com\/wp-content\/uploads\/2023\/02\/Ileana-Ros-Lehtinen.jpg","contentUrl":"https:\/\/draft.nuestrostories.com\/wp-content\/uploads\/2023\/02\/Ileana-Ros-Lehtinen.jpg","width":1910,"height":1274},{"@type":"BreadcrumbList","@id":"https:\/\/draft.nuestrostories.com\/es\/2023\/02\/tras-una-larga-carrera-en-politica-este-momento-consolido-la-trayectoria-de-ileana-ros-lehtinen\/#breadcrumb","itemListElement":[{"@type":"ListItem","position":1,"name":"Home","item":"https:\/\/draft.nuestrostories.com\/es\/"},{"@type":"ListItem","position":2,"name":"Tras una larga carrera en pol\u00edtica, este momento consolid\u00f3 la trayectoria de Ileana Ros-Lehtinen"}]},{"@type":"WebSite","@id":"https:\/\/draft.nuestrostories.com\/es\/#website","url":"https:\/\/draft.nuestrostories.com\/es\/","name":"Nuestro Stories","description":"Latino Heritage. Every Day.","potentialAction":[{"@type":"SearchAction","target":{"@type":"EntryPoint","urlTemplate":"https:\/\/draft.nuestrostories.com\/es\/?s={search_term_string}"},"query-input":{"@type":"PropertyValueSpecification","valueRequired":true,"valueName":"search_term_string"}}],"inLanguage":"es"},{"@type":"Person","@id":"https:\/\/draft.nuestrostories.com\/es\/#\/schema\/person\/b741b0e4e34088347d1fba305925ff68","name":"Rachel","image":{"@type":"ImageObject","inLanguage":"es","@id":"https:\/\/draft.nuestrostories.com\/es\/#\/schema\/person\/image\/","url":"https:\/\/draft.nuestrostories.com\/wp-content\/uploads\/2023\/06\/RachelBio-150x150.jpg","contentUrl":"https:\/\/draft.nuestrostories.com\/wp-content\/uploads\/2023\/06\/RachelBio-150x150.jpg","caption":"Rachel"},"description":"Olivia Monahan Chicana journalist, editor, educator, and organizer in Sacramento whose sole focus is to shed light on stories on our most impacted and marginalized communities, but even more importantly, for those stories to humanize those normally left out. She is an Ida B Wells Investigative Journalism Fellow 2022 Finalist, a member of the Parenting Journalists Society, and has bylines in The Courier, The Sacramento Bee, The Americano, Submerge Magazine among others.","url":"https:\/\/draft.nuestrostories.com\/es\/author\/rachel\/"}]}},"_links":{"self":[{"href":"https:\/\/draft.nuestrostories.com\/es\/wp-json\/wp\/v2\/posts\/14598","targetHints":{"allow":["GET"]}}],"collection":[{"href":"https:\/\/draft.nuestrostories.com\/es\/wp-json\/wp\/v2\/posts"}],"about":[{"href":"https:\/\/draft.nuestrostories.com\/es\/wp-json\/wp\/v2\/types\/post"}],"author":[{"embeddable":true,"href":"https:\/\/draft.nuestrostories.com\/es\/wp-json\/wp\/v2\/users\/4"}],"replies":[{"embeddable":true,"href":"https:\/\/draft.nuestrostories.com\/es\/wp-json\/wp\/v2\/comments?post=14598"}],"version-history":[{"count":1,"href":"https:\/\/draft.nuestrostories.com\/es\/wp-json\/wp\/v2\/posts\/14598\/revisions"}],"predecessor-version":[{"id":14599,"href":"https:\/\/draft.nuestrostories.com\/es\/wp-json\/wp\/v2\/posts\/14598\/revisions\/14599"}],"wp:featuredmedia":[{"embeddable":true,"href":"https:\/\/draft.nuestrostories.com\/es\/wp-json\/wp\/v2\/media\/10263"}],"wp:attachment":[{"href":"https:\/\/draft.nuestrostories.com\/es\/wp-json\/wp\/v2\/media?parent=14598"}],"wp:term":[{"taxonomy":"category","embeddable":true,"href":"https:\/\/draft.nuestrostories.com\/es\/wp-json\/wp\/v2\/categories?post=14598"},{"taxonomy":"post_tag","embeddable":true,"href":"https:\/\/draft.nuestrostories.com\/es\/wp-json\/wp\/v2\/tags?post=14598"}],"curies":[{"name":"wp","href":"https:\/\/api.w.org\/{rel}","templated":true}]}}