{"id":14504,"date":"2023-02-09T11:28:21","date_gmt":"2023-02-09T16:28:21","guid":{"rendered":"https:\/\/draft.nuestrostories.com\/\/?p=14504"},"modified":"2024-01-17T11:01:49","modified_gmt":"2024-01-17T16:01:49","slug":"el-meteorico-ascenso-de-rbd","status":"publish","type":"post","link":"https:\/\/draft.nuestrostories.com\/es\/2023\/02\/el-meteorico-ascenso-de-rbd\/","title":{"rendered":"El mete\u00f3rico ascenso de RBD"},"content":{"rendered":"\n<p><em>Imagen cortes\u00eda de Nuestro Stories.<\/em><\/p>\n\n\n\n<p>Arte imitando a la vida, vida imitando <a href=\"https:\/\/draft.nuestrostories.com\/\/?s=art\">al arte<\/a>; a menudo las l\u00edneas se vuelven borrosas, tan borrosas que no se puede saber si el arte o la vida fueron primero. En el caso del grupo de pop latino Rebelde, tambi\u00e9n conocido como RBD, las l\u00edneas ciertamente estaban borrosas cuando su m\u00fasica empez\u00f3 a escalar en las listas de \u00e9xitos a principios de la d\u00e9cada de 2000. Su mete\u00f3rico ascenso los coloc\u00f3 entre los <a href=\"https:\/\/zims-en.kiwix.campusafrica.gos.orange.com\/wikipedia_en_all_nopic\/A\/List_of_best-selling_Latin_music_artists\">artistas latinos<\/a> con mayores ventas de todos los tiempos.<\/p>\n\n\n\n<h2 class=\"wp-block-heading\">A diferencia de muchos artistas, el momento decisivo de RBD se produjo antes de su historia de origen<\/h2>\n\n\n\n<p>El 4 de octubre de 2004, Televisa lanz\u00f3 su telenovela m\u00e1s nueva, la adaptaci\u00f3n de una historia argentina, solo que reinventada para una audiencia m\u00e1s joven, con los personajes ahora centrados en un internado. La base del programa era el grupo principal de amigos que formaban una banda mientras asist\u00edan juntos a la escuela.<\/p>\n\n\n\n<p>El gran avance del grupo se produjo cuando se lanz\u00f3 <em>Rebelde<\/em>, el sencillo debut de la banda<em>,<\/em> semanas antes de que la banda se formara en el programa. Oficialmente, el grupo RBD naci\u00f3 el 30 de octubre, 26 d\u00edas despu\u00e9s de la emisi\u00f3n del programa. En esencia, el grupo no era m\u00e1s que una banda creada para un programa semanal; sin embargo, lo que pas\u00f3 con RBD fue un fen\u00f3meno inesperado, ya que el grupo se convirti\u00f3 en una sensaci\u00f3n de la noche a la ma\u00f1ana.<\/p>\n\n\n\n<p>Un mes despu\u00e9s del lanzamiento de su primer sencillo, lanzaron su \u00e1lbum debut, el hom\u00f3nimo <em>Rebelde<\/em>. Los cuatro sencillos que salieron del \u00e1lbum se convirtieron en \u00e9xitos n\u00famero uno en M\u00e9xico.<\/p>\n\n\n\n<figure class=\"wp-block-embed is-type-video is-provider-youtube wp-block-embed-youtube wp-embed-aspect-4-3 wp-has-aspect-ratio\"><div class=\"wp-block-embed__wrapper\">\n<iframe loading=\"lazy\" title=\"RBD-primer concierto en REBELDE\" width=\"500\" height=\"375\" src=\"https:\/\/www.youtube.com\/embed\/qWQhPxzIyVQ?feature=oembed\" frameborder=\"0\" allow=\"accelerometer; autoplay; clipboard-write; encrypted-media; gyroscope; picture-in-picture; web-share\" referrerpolicy=\"strict-origin-when-cross-origin\" allowfullscreen><\/iframe>\n<\/div><\/figure>\n\n\n\n<p>El grupo solo se mantuvo unido durante unos pocos a\u00f1os, entre 2004 y 2009 (aunque aparentemente regres\u00f3 en 2020), pero, en ese corto tiempo, RBD logr\u00f3 llegar a los corazones de millones con su m\u00fasica contagiosa, energ\u00eda juvenil y una audiencia nacida de su entrada dram\u00e1tica al mundo de las telenovelas.<\/p>\n\n\n\n<p>Si se trat\u00f3 de arte que imit\u00f3 a la vida o de la vida imitando al arte, es un debate que podr\u00eda durar para siempre. Lo que se sabe con certeza es que el avance de Rebelde se produjo antes de que la banda t\u00e9cnicamente existiera y eso por s\u00ed solo es bastante hist\u00f3rico.<\/p>\n\n\n\n<p>Por Liv Styler<\/p>\n\n\n\n<p>Olivia Monahan es una periodista, editora, educadora y organizadora chicana en Sacramento cuyo \u00fanico objetivo es arrojar luz sobre historias de nuestras comunidades m\u00e1s impactadas y marginadas, pero, a\u00fan m\u00e1s importante, que esas historias humanicen a quienes normalmente quedan excluidos. Es finalista de la Beca Ida B Wells de periodismo de investigaci\u00f3n 2022, miembro de Parenting Journalists Society y ha publicado en The Courier, The Sacramento Bee, The Americano y Submerge Magazine, entre otros.<\/p>\n","protected":false},"excerpt":{"rendered":"<p>Imagen cortes\u00eda de Nuestro Stories. Arte imitando a la vida, vida imitando al arte; a menudo las l\u00edneas se vuelven borrosas, tan borrosas que no se puede saber si el arte o la vida fueron primero. En el caso del grupo de pop latino Rebelde, tambi\u00e9n conocido como RBD, las l\u00edneas ciertamente estaban borrosas cuando [&hellip;]<\/p>\n","protected":false},"author":4,"featured_media":10277,"comment_status":"closed","ping_status":"open","sticky":false,"template":"","format":"standard","meta":{"_acf_changed":false,"footnotes":""},"categories":[1281],"tags":[],"class_list":["post-14504","post","type-post","status-publish","format-standard","has-post-thumbnail","hentry","category-featured-es"],"acf":[],"yoast_head":"<!-- This site is optimized with the Yoast SEO plugin v23.5 - https:\/\/yoast.com\/wordpress\/plugins\/seo\/ -->\n<title>El mete\u00f3rico ascenso de RBD - Nuestro Stories<\/title>\n<meta name=\"robots\" content=\"index, follow, max-snippet:-1, max-image-preview:large, max-video-preview:-1\" \/>\n<link rel=\"canonical\" href=\"https:\/\/draft.nuestrostories.com\/es\/2023\/02\/el-meteorico-ascenso-de-rbd\/\" \/>\n<meta property=\"og:locale\" content=\"es_ES\" \/>\n<meta property=\"og:type\" content=\"article\" \/>\n<meta property=\"og:title\" content=\"El mete\u00f3rico ascenso de RBD - Nuestro Stories\" \/>\n<meta property=\"og:description\" content=\"Imagen cortes\u00eda de Nuestro Stories. Arte imitando a la vida, vida imitando al arte; a menudo las l\u00edneas se vuelven borrosas, tan borrosas que no se puede saber si el arte o la vida fueron primero. En el caso del grupo de pop latino Rebelde, tambi\u00e9n conocido como RBD, las l\u00edneas ciertamente estaban borrosas cuando [&hellip;]\" \/>\n<meta property=\"og:url\" content=\"https:\/\/draft.nuestrostories.com\/es\/2023\/02\/el-meteorico-ascenso-de-rbd\/\" \/>\n<meta property=\"og:site_name\" content=\"Nuestro Stories\" \/>\n<meta property=\"article:published_time\" content=\"2023-02-09T16:28:21+00:00\" \/>\n<meta property=\"article:modified_time\" content=\"2024-01-17T16:01:49+00:00\" \/>\n<meta property=\"og:image\" content=\"https:\/\/draft.nuestrostories.com\/wp-content\/uploads\/2023\/02\/Breakthrough-Moment-RBD.jpeg\" \/>\n\t<meta property=\"og:image:width\" content=\"1910\" \/>\n\t<meta property=\"og:image:height\" content=\"1274\" \/>\n\t<meta property=\"og:image:type\" content=\"image\/jpeg\" \/>\n<meta name=\"author\" content=\"Rachel\" \/>\n<meta name=\"twitter:card\" content=\"summary_large_image\" \/>\n<meta name=\"twitter:label1\" content=\"Escrito por\" \/>\n\t<meta name=\"twitter:data1\" content=\"Rachel\" \/>\n\t<meta name=\"twitter:label2\" content=\"Tiempo de lectura\" \/>\n\t<meta name=\"twitter:data2\" content=\"3 minutos\" \/>\n<script type=\"application\/ld+json\" class=\"yoast-schema-graph\">{\"@context\":\"https:\/\/schema.org\",\"@graph\":[{\"@type\":\"WebPage\",\"@id\":\"https:\/\/draft.nuestrostories.com\/es\/2023\/02\/el-meteorico-ascenso-de-rbd\/\",\"url\":\"https:\/\/draft.nuestrostories.com\/es\/2023\/02\/el-meteorico-ascenso-de-rbd\/\",\"name\":\"El mete\u00f3rico ascenso de RBD - Nuestro Stories\",\"isPartOf\":{\"@id\":\"https:\/\/draft.nuestrostories.com\/es\/#website\"},\"primaryImageOfPage\":{\"@id\":\"https:\/\/draft.nuestrostories.com\/es\/2023\/02\/el-meteorico-ascenso-de-rbd\/#primaryimage\"},\"image\":{\"@id\":\"https:\/\/draft.nuestrostories.com\/es\/2023\/02\/el-meteorico-ascenso-de-rbd\/#primaryimage\"},\"thumbnailUrl\":\"https:\/\/draft.nuestrostories.com\/wp-content\/uploads\/2023\/02\/Breakthrough-Moment-RBD.jpeg\",\"datePublished\":\"2023-02-09T16:28:21+00:00\",\"dateModified\":\"2024-01-17T16:01:49+00:00\",\"author\":{\"@id\":\"https:\/\/draft.nuestrostories.com\/es\/#\/schema\/person\/b741b0e4e34088347d1fba305925ff68\"},\"breadcrumb\":{\"@id\":\"https:\/\/draft.nuestrostories.com\/es\/2023\/02\/el-meteorico-ascenso-de-rbd\/#breadcrumb\"},\"inLanguage\":\"es\",\"potentialAction\":[{\"@type\":\"ReadAction\",\"target\":[\"https:\/\/draft.nuestrostories.com\/es\/2023\/02\/el-meteorico-ascenso-de-rbd\/\"]}]},{\"@type\":\"ImageObject\",\"inLanguage\":\"es\",\"@id\":\"https:\/\/draft.nuestrostories.com\/es\/2023\/02\/el-meteorico-ascenso-de-rbd\/#primaryimage\",\"url\":\"https:\/\/draft.nuestrostories.com\/wp-content\/uploads\/2023\/02\/Breakthrough-Moment-RBD.jpeg\",\"contentUrl\":\"https:\/\/draft.nuestrostories.com\/wp-content\/uploads\/2023\/02\/Breakthrough-Moment-RBD.jpeg\",\"width\":1910,\"height\":1274,\"caption\":\"Image courtesy of Nuestro Stories.\"},{\"@type\":\"BreadcrumbList\",\"@id\":\"https:\/\/draft.nuestrostories.com\/es\/2023\/02\/el-meteorico-ascenso-de-rbd\/#breadcrumb\",\"itemListElement\":[{\"@type\":\"ListItem\",\"position\":1,\"name\":\"Home\",\"item\":\"https:\/\/draft.nuestrostories.com\/es\/\"},{\"@type\":\"ListItem\",\"position\":2,\"name\":\"El mete\u00f3rico ascenso de RBD\"}]},{\"@type\":\"WebSite\",\"@id\":\"https:\/\/draft.nuestrostories.com\/es\/#website\",\"url\":\"https:\/\/draft.nuestrostories.com\/es\/\",\"name\":\"Nuestro Stories\",\"description\":\"Latino Heritage. Every Day.\",\"potentialAction\":[{\"@type\":\"SearchAction\",\"target\":{\"@type\":\"EntryPoint\",\"urlTemplate\":\"https:\/\/draft.nuestrostories.com\/es\/?s={search_term_string}\"},\"query-input\":{\"@type\":\"PropertyValueSpecification\",\"valueRequired\":true,\"valueName\":\"search_term_string\"}}],\"inLanguage\":\"es\"},{\"@type\":\"Person\",\"@id\":\"https:\/\/draft.nuestrostories.com\/es\/#\/schema\/person\/b741b0e4e34088347d1fba305925ff68\",\"name\":\"Rachel\",\"image\":{\"@type\":\"ImageObject\",\"inLanguage\":\"es\",\"@id\":\"https:\/\/draft.nuestrostories.com\/es\/#\/schema\/person\/image\/\",\"url\":\"https:\/\/draft.nuestrostories.com\/wp-content\/uploads\/2023\/06\/RachelBio-150x150.jpg\",\"contentUrl\":\"https:\/\/draft.nuestrostories.com\/wp-content\/uploads\/2023\/06\/RachelBio-150x150.jpg\",\"caption\":\"Rachel\"},\"description\":\"Olivia Monahan Chicana journalist, editor, educator, and organizer in Sacramento whose sole focus is to shed light on stories on our most impacted and marginalized communities, but even more importantly, for those stories to humanize those normally left out. She is an Ida B Wells Investigative Journalism Fellow 2022 Finalist, a member of the Parenting Journalists Society, and has bylines in The Courier, The Sacramento Bee, The Americano, Submerge Magazine among others.\",\"url\":\"https:\/\/draft.nuestrostories.com\/es\/author\/rachel\/\"}]}<\/script>\n<!-- \/ Yoast SEO plugin. -->","yoast_head_json":{"title":"El mete\u00f3rico ascenso de RBD - Nuestro Stories","robots":{"index":"index","follow":"follow","max-snippet":"max-snippet:-1","max-image-preview":"max-image-preview:large","max-video-preview":"max-video-preview:-1"},"canonical":"https:\/\/draft.nuestrostories.com\/es\/2023\/02\/el-meteorico-ascenso-de-rbd\/","og_locale":"es_ES","og_type":"article","og_title":"El mete\u00f3rico ascenso de RBD - Nuestro Stories","og_description":"Imagen cortes\u00eda de Nuestro Stories. Arte imitando a la vida, vida imitando al arte; a menudo las l\u00edneas se vuelven borrosas, tan borrosas que no se puede saber si el arte o la vida fueron primero. En el caso del grupo de pop latino Rebelde, tambi\u00e9n conocido como RBD, las l\u00edneas ciertamente estaban borrosas cuando [&hellip;]","og_url":"https:\/\/draft.nuestrostories.com\/es\/2023\/02\/el-meteorico-ascenso-de-rbd\/","og_site_name":"Nuestro Stories","article_published_time":"2023-02-09T16:28:21+00:00","article_modified_time":"2024-01-17T16:01:49+00:00","og_image":[{"width":1910,"height":1274,"url":"https:\/\/draft.nuestrostories.com\/wp-content\/uploads\/2023\/02\/Breakthrough-Moment-RBD.jpeg","type":"image\/jpeg"}],"author":"Rachel","twitter_card":"summary_large_image","twitter_misc":{"Escrito por":"Rachel","Tiempo de lectura":"3 minutos"},"schema":{"@context":"https:\/\/schema.org","@graph":[{"@type":"WebPage","@id":"https:\/\/draft.nuestrostories.com\/es\/2023\/02\/el-meteorico-ascenso-de-rbd\/","url":"https:\/\/draft.nuestrostories.com\/es\/2023\/02\/el-meteorico-ascenso-de-rbd\/","name":"El mete\u00f3rico ascenso de RBD - Nuestro Stories","isPartOf":{"@id":"https:\/\/draft.nuestrostories.com\/es\/#website"},"primaryImageOfPage":{"@id":"https:\/\/draft.nuestrostories.com\/es\/2023\/02\/el-meteorico-ascenso-de-rbd\/#primaryimage"},"image":{"@id":"https:\/\/draft.nuestrostories.com\/es\/2023\/02\/el-meteorico-ascenso-de-rbd\/#primaryimage"},"thumbnailUrl":"https:\/\/draft.nuestrostories.com\/wp-content\/uploads\/2023\/02\/Breakthrough-Moment-RBD.jpeg","datePublished":"2023-02-09T16:28:21+00:00","dateModified":"2024-01-17T16:01:49+00:00","author":{"@id":"https:\/\/draft.nuestrostories.com\/es\/#\/schema\/person\/b741b0e4e34088347d1fba305925ff68"},"breadcrumb":{"@id":"https:\/\/draft.nuestrostories.com\/es\/2023\/02\/el-meteorico-ascenso-de-rbd\/#breadcrumb"},"inLanguage":"es","potentialAction":[{"@type":"ReadAction","target":["https:\/\/draft.nuestrostories.com\/es\/2023\/02\/el-meteorico-ascenso-de-rbd\/"]}]},{"@type":"ImageObject","inLanguage":"es","@id":"https:\/\/draft.nuestrostories.com\/es\/2023\/02\/el-meteorico-ascenso-de-rbd\/#primaryimage","url":"https:\/\/draft.nuestrostories.com\/wp-content\/uploads\/2023\/02\/Breakthrough-Moment-RBD.jpeg","contentUrl":"https:\/\/draft.nuestrostories.com\/wp-content\/uploads\/2023\/02\/Breakthrough-Moment-RBD.jpeg","width":1910,"height":1274,"caption":"Image courtesy of Nuestro Stories."},{"@type":"BreadcrumbList","@id":"https:\/\/draft.nuestrostories.com\/es\/2023\/02\/el-meteorico-ascenso-de-rbd\/#breadcrumb","itemListElement":[{"@type":"ListItem","position":1,"name":"Home","item":"https:\/\/draft.nuestrostories.com\/es\/"},{"@type":"ListItem","position":2,"name":"El mete\u00f3rico ascenso de RBD"}]},{"@type":"WebSite","@id":"https:\/\/draft.nuestrostories.com\/es\/#website","url":"https:\/\/draft.nuestrostories.com\/es\/","name":"Nuestro Stories","description":"Latino Heritage. Every Day.","potentialAction":[{"@type":"SearchAction","target":{"@type":"EntryPoint","urlTemplate":"https:\/\/draft.nuestrostories.com\/es\/?s={search_term_string}"},"query-input":{"@type":"PropertyValueSpecification","valueRequired":true,"valueName":"search_term_string"}}],"inLanguage":"es"},{"@type":"Person","@id":"https:\/\/draft.nuestrostories.com\/es\/#\/schema\/person\/b741b0e4e34088347d1fba305925ff68","name":"Rachel","image":{"@type":"ImageObject","inLanguage":"es","@id":"https:\/\/draft.nuestrostories.com\/es\/#\/schema\/person\/image\/","url":"https:\/\/draft.nuestrostories.com\/wp-content\/uploads\/2023\/06\/RachelBio-150x150.jpg","contentUrl":"https:\/\/draft.nuestrostories.com\/wp-content\/uploads\/2023\/06\/RachelBio-150x150.jpg","caption":"Rachel"},"description":"Olivia Monahan Chicana journalist, editor, educator, and organizer in Sacramento whose sole focus is to shed light on stories on our most impacted and marginalized communities, but even more importantly, for those stories to humanize those normally left out. She is an Ida B Wells Investigative Journalism Fellow 2022 Finalist, a member of the Parenting Journalists Society, and has bylines in The Courier, The Sacramento Bee, The Americano, Submerge Magazine among others.","url":"https:\/\/draft.nuestrostories.com\/es\/author\/rachel\/"}]}},"_links":{"self":[{"href":"https:\/\/draft.nuestrostories.com\/es\/wp-json\/wp\/v2\/posts\/14504","targetHints":{"allow":["GET"]}}],"collection":[{"href":"https:\/\/draft.nuestrostories.com\/es\/wp-json\/wp\/v2\/posts"}],"about":[{"href":"https:\/\/draft.nuestrostories.com\/es\/wp-json\/wp\/v2\/types\/post"}],"author":[{"embeddable":true,"href":"https:\/\/draft.nuestrostories.com\/es\/wp-json\/wp\/v2\/users\/4"}],"replies":[{"embeddable":true,"href":"https:\/\/draft.nuestrostories.com\/es\/wp-json\/wp\/v2\/comments?post=14504"}],"version-history":[{"count":1,"href":"https:\/\/draft.nuestrostories.com\/es\/wp-json\/wp\/v2\/posts\/14504\/revisions"}],"predecessor-version":[{"id":14507,"href":"https:\/\/draft.nuestrostories.com\/es\/wp-json\/wp\/v2\/posts\/14504\/revisions\/14507"}],"wp:featuredmedia":[{"embeddable":true,"href":"https:\/\/draft.nuestrostories.com\/es\/wp-json\/wp\/v2\/media\/10277"}],"wp:attachment":[{"href":"https:\/\/draft.nuestrostories.com\/es\/wp-json\/wp\/v2\/media?parent=14504"}],"wp:term":[{"taxonomy":"category","embeddable":true,"href":"https:\/\/draft.nuestrostories.com\/es\/wp-json\/wp\/v2\/categories?post=14504"},{"taxonomy":"post_tag","embeddable":true,"href":"https:\/\/draft.nuestrostories.com\/es\/wp-json\/wp\/v2\/tags?post=14504"}],"curies":[{"name":"wp","href":"https:\/\/api.w.org\/{rel}","templated":true}]}}