{"id":14501,"date":"2023-02-09T16:30:09","date_gmt":"2023-02-09T21:30:09","guid":{"rendered":"https:\/\/draft.nuestrostories.com\/\/?p=14501"},"modified":"2024-01-17T10:23:20","modified_gmt":"2024-01-17T15:23:20","slug":"un-momento-clave-el-primer-exito-ranchero-de-vicente-fernandez","status":"publish","type":"post","link":"https:\/\/draft.nuestrostories.com\/es\/2023\/02\/un-momento-clave-el-primer-exito-ranchero-de-vicente-fernandez\/","title":{"rendered":"Un momento clave: el primer \u00e9xito ranchero de Vicente Fern\u00e1ndez"},"content":{"rendered":"\n<p><em>Cr\u00e9dito: Nuestro Stories.<\/em><\/p>\n\n\n\n<p>La m\u00fasica ranchera logra atrapar tu coraz\u00f3n y exprimirte hasta la \u00faltima gota de emociones, l\u00e1grimas y desamor antes de que termine la canci\u00f3n.<\/p>\n\n\n\n<p>El g\u00e9nero se centra en el amor, la p\u00e9rdida y las mismas emociones que nos hacen colectivamente humanos. La m\u00fasica ranchera acecha tus recuerdos m\u00e1s duros y lamenta tus momentos m\u00e1s tristes junto a ti y, cuando se trata de m\u00fasica ranchera, no hay nadie mejor que El Rey de las Rancheras:<em> <\/em>Vicente Fern\u00e1ndez o \u201cChente\u201d, como com\u00fanmente se le conoce.<\/p>\n\n\n\n<p>Lee m\u00e1s: <a href=\"https:\/\/draft.nuestrostories.com\/\/2022\/09\/difference-mariachis-rancheras\/\">Ya sea un solo inquietante o un conjunto poderoso, los gritos se encuentran en la m\u00fasica de mariachi y ranchera<\/a><\/p>\n\n\n\n<h2 class=\"wp-block-heading\">La m\u00fasica de Vicente Fern\u00e1ndez es imprescindible en los hogares latinos<\/h2>\n\n\n\n<p>No puedo decirte cu\u00e1ntas veces he llorado con la m\u00fasica de Vicente.<\/p>\n\n\n\n<p>Es un recuerdo central desde muy peque\u00f1a: la voz resonante de Vicente, su canturreo asesino, recorriendo la casa mientras mi t\u00edo cantaba las palabras junto a \u00e9l; sin embargo, esa experiencia parece, de alguna forma, haber sido compartida en millones de hogares en todo el mundo y todo empez\u00f3 con el gran \u00e9xito de Vicente <em>Tu camino y el m\u00edo.<\/em><\/p>\n\n\n\n<figure class=\"wp-block-embed is-type-video is-provider-youtube wp-block-embed-youtube wp-embed-aspect-4-3 wp-has-aspect-ratio\"><div class=\"wp-block-embed__wrapper\">\n<iframe loading=\"lazy\" title=\"Tu Camino y el M\u00edo\" width=\"500\" height=\"375\" src=\"https:\/\/www.youtube.com\/embed\/jx5zUatwP3Y?feature=oembed\" frameborder=\"0\" allow=\"accelerometer; autoplay; clipboard-write; encrypted-media; gyroscope; picture-in-picture; web-share\" referrerpolicy=\"strict-origin-when-cross-origin\" allowfullscreen><\/iframe>\n<\/div><\/figure>\n\n\n\n<p>Lanzado en 1969 en el <a href=\"https:\/\/vicentefernandez.mx\/music\/un-mexicano-en-la-mexico\/\">\u00e1lbum<\/a> <em>Un mexicano en la M\u00e9xico,<\/em> el sencillo se convirti\u00f3 instant\u00e1neamente en un cl\u00e1sico, captando de inmediato la atenci\u00f3n de oyentes de distintas generaciones y fronteras. La letra es una balada larga y lenta que cuenta la historia de un amor no correspondido, una copa de vino constante para afrontar el dolor y un relato con el que muchos se identifican demasiado bien. Las palabras que canta cuentan la historia de un amante que eligi\u00f3 un camino diferente, dejando atr\u00e1s a la amada y su amor no correspondido. Los temas de angustia y dolor tocaron la fibra sensible de los oyentes.<\/p>\n\n\n\n<p><em>Tu camino y el m\u00edo<\/em> fue el primero de lo que se convertir\u00eda en decenas y decenas de \u00e9xitos que Vicente Fern\u00e1ndez aportar\u00eda al l\u00e9xico de la m\u00fasica latina. Su carrera abarc\u00f3 casi 60 a\u00f1os antes de fallecer.<\/p>\n\n\n\n<p>\u00a1Viva el Rey de las Rancheras!<\/p>\n\n\n\n<p>Por Liv Styler<\/p>\n\n\n\n<p>Olivia Monahan es una periodista, editora, educadora y organizadora chicana en Sacramento cuyo \u00fanico objetivo es arrojar luz sobre historias de nuestras comunidades m\u00e1s impactadas y marginadas, pero, a\u00fan m\u00e1s importante, que esas historias humanicen a quienes normalmente quedan excluidos. Es finalista de la Beca Ida B Wells de periodismo de investigaci\u00f3n 2022, miembro de Parenting Journalists Society y ha publicado en The Courier, The Sacramento Bee, The Americano y Submerge Magazine, entre otros.<\/p>\n","protected":false},"excerpt":{"rendered":"<p>Cr\u00e9dito: Nuestro Stories. La m\u00fasica ranchera logra atrapar tu coraz\u00f3n y exprimirte hasta la \u00faltima gota de emociones, l\u00e1grimas y desamor antes de que termine la canci\u00f3n. El g\u00e9nero se centra en el amor, la p\u00e9rdida y las mismas emociones que nos hacen colectivamente humanos. La m\u00fasica ranchera acecha tus recuerdos m\u00e1s duros y lamenta [&hellip;]<\/p>\n","protected":false},"author":4,"featured_media":10278,"comment_status":"closed","ping_status":"open","sticky":false,"template":"","format":"standard","meta":{"_acf_changed":false,"footnotes":""},"categories":[1281],"tags":[],"class_list":["post-14501","post","type-post","status-publish","format-standard","has-post-thumbnail","hentry","category-featured-es"],"acf":[],"yoast_head":"<!-- This site is optimized with the Yoast SEO plugin v23.5 - https:\/\/yoast.com\/wordpress\/plugins\/seo\/ -->\n<title>Un momento clave: el primer \u00e9xito ranchero de Vicente Fern\u00e1ndez - Nuestro Stories<\/title>\n<meta name=\"robots\" content=\"index, follow, max-snippet:-1, max-image-preview:large, max-video-preview:-1\" \/>\n<link rel=\"canonical\" href=\"https:\/\/draft.nuestrostories.com\/es\/2023\/02\/un-momento-clave-el-primer-exito-ranchero-de-vicente-fernandez\/\" \/>\n<meta property=\"og:locale\" content=\"es_ES\" \/>\n<meta property=\"og:type\" content=\"article\" \/>\n<meta property=\"og:title\" content=\"Un momento clave: el primer \u00e9xito ranchero de Vicente Fern\u00e1ndez - Nuestro Stories\" \/>\n<meta property=\"og:description\" content=\"Cr\u00e9dito: Nuestro Stories. La m\u00fasica ranchera logra atrapar tu coraz\u00f3n y exprimirte hasta la \u00faltima gota de emociones, l\u00e1grimas y desamor antes de que termine la canci\u00f3n. El g\u00e9nero se centra en el amor, la p\u00e9rdida y las mismas emociones que nos hacen colectivamente humanos. La m\u00fasica ranchera acecha tus recuerdos m\u00e1s duros y lamenta [&hellip;]\" \/>\n<meta property=\"og:url\" content=\"https:\/\/draft.nuestrostories.com\/es\/2023\/02\/un-momento-clave-el-primer-exito-ranchero-de-vicente-fernandez\/\" \/>\n<meta property=\"og:site_name\" content=\"Nuestro Stories\" \/>\n<meta property=\"article:published_time\" content=\"2023-02-09T21:30:09+00:00\" \/>\n<meta property=\"article:modified_time\" content=\"2024-01-17T15:23:20+00:00\" \/>\n<meta property=\"og:image\" content=\"https:\/\/draft.nuestrostories.com\/wp-content\/uploads\/2023\/02\/Breakthrough-Moment_-Vicente-Ferna\u0301ndez.jpg\" \/>\n\t<meta property=\"og:image:width\" content=\"1910\" \/>\n\t<meta property=\"og:image:height\" content=\"1274\" \/>\n\t<meta property=\"og:image:type\" content=\"image\/jpeg\" \/>\n<meta name=\"author\" content=\"Rachel\" \/>\n<meta name=\"twitter:card\" content=\"summary_large_image\" \/>\n<meta name=\"twitter:label1\" content=\"Escrito por\" \/>\n\t<meta name=\"twitter:data1\" content=\"Rachel\" \/>\n\t<meta name=\"twitter:label2\" content=\"Tiempo de lectura\" \/>\n\t<meta name=\"twitter:data2\" content=\"3 minutos\" \/>\n<script type=\"application\/ld+json\" class=\"yoast-schema-graph\">{\"@context\":\"https:\/\/schema.org\",\"@graph\":[{\"@type\":\"WebPage\",\"@id\":\"https:\/\/draft.nuestrostories.com\/es\/2023\/02\/un-momento-clave-el-primer-exito-ranchero-de-vicente-fernandez\/\",\"url\":\"https:\/\/draft.nuestrostories.com\/es\/2023\/02\/un-momento-clave-el-primer-exito-ranchero-de-vicente-fernandez\/\",\"name\":\"Un momento clave: el primer \u00e9xito ranchero de Vicente Fern\u00e1ndez - Nuestro Stories\",\"isPartOf\":{\"@id\":\"https:\/\/draft.nuestrostories.com\/es\/#website\"},\"primaryImageOfPage\":{\"@id\":\"https:\/\/draft.nuestrostories.com\/es\/2023\/02\/un-momento-clave-el-primer-exito-ranchero-de-vicente-fernandez\/#primaryimage\"},\"image\":{\"@id\":\"https:\/\/draft.nuestrostories.com\/es\/2023\/02\/un-momento-clave-el-primer-exito-ranchero-de-vicente-fernandez\/#primaryimage\"},\"thumbnailUrl\":\"https:\/\/draft.nuestrostories.com\/wp-content\/uploads\/2023\/02\/Breakthrough-Moment_-Vicente-Ferna\u0301ndez.jpg\",\"datePublished\":\"2023-02-09T21:30:09+00:00\",\"dateModified\":\"2024-01-17T15:23:20+00:00\",\"author\":{\"@id\":\"https:\/\/draft.nuestrostories.com\/es\/#\/schema\/person\/b741b0e4e34088347d1fba305925ff68\"},\"breadcrumb\":{\"@id\":\"https:\/\/draft.nuestrostories.com\/es\/2023\/02\/un-momento-clave-el-primer-exito-ranchero-de-vicente-fernandez\/#breadcrumb\"},\"inLanguage\":\"es\",\"potentialAction\":[{\"@type\":\"ReadAction\",\"target\":[\"https:\/\/draft.nuestrostories.com\/es\/2023\/02\/un-momento-clave-el-primer-exito-ranchero-de-vicente-fernandez\/\"]}]},{\"@type\":\"ImageObject\",\"inLanguage\":\"es\",\"@id\":\"https:\/\/draft.nuestrostories.com\/es\/2023\/02\/un-momento-clave-el-primer-exito-ranchero-de-vicente-fernandez\/#primaryimage\",\"url\":\"https:\/\/draft.nuestrostories.com\/wp-content\/uploads\/2023\/02\/Breakthrough-Moment_-Vicente-Ferna\u0301ndez.jpg\",\"contentUrl\":\"https:\/\/draft.nuestrostories.com\/wp-content\/uploads\/2023\/02\/Breakthrough-Moment_-Vicente-Ferna\u0301ndez.jpg\",\"width\":1910,\"height\":1274},{\"@type\":\"BreadcrumbList\",\"@id\":\"https:\/\/draft.nuestrostories.com\/es\/2023\/02\/un-momento-clave-el-primer-exito-ranchero-de-vicente-fernandez\/#breadcrumb\",\"itemListElement\":[{\"@type\":\"ListItem\",\"position\":1,\"name\":\"Home\",\"item\":\"https:\/\/draft.nuestrostories.com\/es\/\"},{\"@type\":\"ListItem\",\"position\":2,\"name\":\"Un momento clave: el primer \u00e9xito ranchero de Vicente Fern\u00e1ndez\"}]},{\"@type\":\"WebSite\",\"@id\":\"https:\/\/draft.nuestrostories.com\/es\/#website\",\"url\":\"https:\/\/draft.nuestrostories.com\/es\/\",\"name\":\"Nuestro Stories\",\"description\":\"Latino Heritage. Every Day.\",\"potentialAction\":[{\"@type\":\"SearchAction\",\"target\":{\"@type\":\"EntryPoint\",\"urlTemplate\":\"https:\/\/draft.nuestrostories.com\/es\/?s={search_term_string}\"},\"query-input\":{\"@type\":\"PropertyValueSpecification\",\"valueRequired\":true,\"valueName\":\"search_term_string\"}}],\"inLanguage\":\"es\"},{\"@type\":\"Person\",\"@id\":\"https:\/\/draft.nuestrostories.com\/es\/#\/schema\/person\/b741b0e4e34088347d1fba305925ff68\",\"name\":\"Rachel\",\"image\":{\"@type\":\"ImageObject\",\"inLanguage\":\"es\",\"@id\":\"https:\/\/draft.nuestrostories.com\/es\/#\/schema\/person\/image\/\",\"url\":\"https:\/\/draft.nuestrostories.com\/wp-content\/uploads\/2023\/06\/RachelBio-150x150.jpg\",\"contentUrl\":\"https:\/\/draft.nuestrostories.com\/wp-content\/uploads\/2023\/06\/RachelBio-150x150.jpg\",\"caption\":\"Rachel\"},\"description\":\"Olivia Monahan Chicana journalist, editor, educator, and organizer in Sacramento whose sole focus is to shed light on stories on our most impacted and marginalized communities, but even more importantly, for those stories to humanize those normally left out. She is an Ida B Wells Investigative Journalism Fellow 2022 Finalist, a member of the Parenting Journalists Society, and has bylines in The Courier, The Sacramento Bee, The Americano, Submerge Magazine among others.\",\"url\":\"https:\/\/draft.nuestrostories.com\/es\/author\/rachel\/\"}]}<\/script>\n<!-- \/ Yoast SEO plugin. -->","yoast_head_json":{"title":"Un momento clave: el primer \u00e9xito ranchero de Vicente Fern\u00e1ndez - Nuestro Stories","robots":{"index":"index","follow":"follow","max-snippet":"max-snippet:-1","max-image-preview":"max-image-preview:large","max-video-preview":"max-video-preview:-1"},"canonical":"https:\/\/draft.nuestrostories.com\/es\/2023\/02\/un-momento-clave-el-primer-exito-ranchero-de-vicente-fernandez\/","og_locale":"es_ES","og_type":"article","og_title":"Un momento clave: el primer \u00e9xito ranchero de Vicente Fern\u00e1ndez - Nuestro Stories","og_description":"Cr\u00e9dito: Nuestro Stories. La m\u00fasica ranchera logra atrapar tu coraz\u00f3n y exprimirte hasta la \u00faltima gota de emociones, l\u00e1grimas y desamor antes de que termine la canci\u00f3n. El g\u00e9nero se centra en el amor, la p\u00e9rdida y las mismas emociones que nos hacen colectivamente humanos. La m\u00fasica ranchera acecha tus recuerdos m\u00e1s duros y lamenta [&hellip;]","og_url":"https:\/\/draft.nuestrostories.com\/es\/2023\/02\/un-momento-clave-el-primer-exito-ranchero-de-vicente-fernandez\/","og_site_name":"Nuestro Stories","article_published_time":"2023-02-09T21:30:09+00:00","article_modified_time":"2024-01-17T15:23:20+00:00","og_image":[{"width":1910,"height":1274,"url":"https:\/\/draft.nuestrostories.com\/wp-content\/uploads\/2023\/02\/Breakthrough-Moment_-Vicente-Ferna\u0301ndez.jpg","type":"image\/jpeg"}],"author":"Rachel","twitter_card":"summary_large_image","twitter_misc":{"Escrito por":"Rachel","Tiempo de lectura":"3 minutos"},"schema":{"@context":"https:\/\/schema.org","@graph":[{"@type":"WebPage","@id":"https:\/\/draft.nuestrostories.com\/es\/2023\/02\/un-momento-clave-el-primer-exito-ranchero-de-vicente-fernandez\/","url":"https:\/\/draft.nuestrostories.com\/es\/2023\/02\/un-momento-clave-el-primer-exito-ranchero-de-vicente-fernandez\/","name":"Un momento clave: el primer \u00e9xito ranchero de Vicente Fern\u00e1ndez - Nuestro Stories","isPartOf":{"@id":"https:\/\/draft.nuestrostories.com\/es\/#website"},"primaryImageOfPage":{"@id":"https:\/\/draft.nuestrostories.com\/es\/2023\/02\/un-momento-clave-el-primer-exito-ranchero-de-vicente-fernandez\/#primaryimage"},"image":{"@id":"https:\/\/draft.nuestrostories.com\/es\/2023\/02\/un-momento-clave-el-primer-exito-ranchero-de-vicente-fernandez\/#primaryimage"},"thumbnailUrl":"https:\/\/draft.nuestrostories.com\/wp-content\/uploads\/2023\/02\/Breakthrough-Moment_-Vicente-Ferna\u0301ndez.jpg","datePublished":"2023-02-09T21:30:09+00:00","dateModified":"2024-01-17T15:23:20+00:00","author":{"@id":"https:\/\/draft.nuestrostories.com\/es\/#\/schema\/person\/b741b0e4e34088347d1fba305925ff68"},"breadcrumb":{"@id":"https:\/\/draft.nuestrostories.com\/es\/2023\/02\/un-momento-clave-el-primer-exito-ranchero-de-vicente-fernandez\/#breadcrumb"},"inLanguage":"es","potentialAction":[{"@type":"ReadAction","target":["https:\/\/draft.nuestrostories.com\/es\/2023\/02\/un-momento-clave-el-primer-exito-ranchero-de-vicente-fernandez\/"]}]},{"@type":"ImageObject","inLanguage":"es","@id":"https:\/\/draft.nuestrostories.com\/es\/2023\/02\/un-momento-clave-el-primer-exito-ranchero-de-vicente-fernandez\/#primaryimage","url":"https:\/\/draft.nuestrostories.com\/wp-content\/uploads\/2023\/02\/Breakthrough-Moment_-Vicente-Ferna\u0301ndez.jpg","contentUrl":"https:\/\/draft.nuestrostories.com\/wp-content\/uploads\/2023\/02\/Breakthrough-Moment_-Vicente-Ferna\u0301ndez.jpg","width":1910,"height":1274},{"@type":"BreadcrumbList","@id":"https:\/\/draft.nuestrostories.com\/es\/2023\/02\/un-momento-clave-el-primer-exito-ranchero-de-vicente-fernandez\/#breadcrumb","itemListElement":[{"@type":"ListItem","position":1,"name":"Home","item":"https:\/\/draft.nuestrostories.com\/es\/"},{"@type":"ListItem","position":2,"name":"Un momento clave: el primer \u00e9xito ranchero de Vicente Fern\u00e1ndez"}]},{"@type":"WebSite","@id":"https:\/\/draft.nuestrostories.com\/es\/#website","url":"https:\/\/draft.nuestrostories.com\/es\/","name":"Nuestro Stories","description":"Latino Heritage. Every Day.","potentialAction":[{"@type":"SearchAction","target":{"@type":"EntryPoint","urlTemplate":"https:\/\/draft.nuestrostories.com\/es\/?s={search_term_string}"},"query-input":{"@type":"PropertyValueSpecification","valueRequired":true,"valueName":"search_term_string"}}],"inLanguage":"es"},{"@type":"Person","@id":"https:\/\/draft.nuestrostories.com\/es\/#\/schema\/person\/b741b0e4e34088347d1fba305925ff68","name":"Rachel","image":{"@type":"ImageObject","inLanguage":"es","@id":"https:\/\/draft.nuestrostories.com\/es\/#\/schema\/person\/image\/","url":"https:\/\/draft.nuestrostories.com\/wp-content\/uploads\/2023\/06\/RachelBio-150x150.jpg","contentUrl":"https:\/\/draft.nuestrostories.com\/wp-content\/uploads\/2023\/06\/RachelBio-150x150.jpg","caption":"Rachel"},"description":"Olivia Monahan Chicana journalist, editor, educator, and organizer in Sacramento whose sole focus is to shed light on stories on our most impacted and marginalized communities, but even more importantly, for those stories to humanize those normally left out. She is an Ida B Wells Investigative Journalism Fellow 2022 Finalist, a member of the Parenting Journalists Society, and has bylines in The Courier, The Sacramento Bee, The Americano, Submerge Magazine among others.","url":"https:\/\/draft.nuestrostories.com\/es\/author\/rachel\/"}]}},"_links":{"self":[{"href":"https:\/\/draft.nuestrostories.com\/es\/wp-json\/wp\/v2\/posts\/14501","targetHints":{"allow":["GET"]}}],"collection":[{"href":"https:\/\/draft.nuestrostories.com\/es\/wp-json\/wp\/v2\/posts"}],"about":[{"href":"https:\/\/draft.nuestrostories.com\/es\/wp-json\/wp\/v2\/types\/post"}],"author":[{"embeddable":true,"href":"https:\/\/draft.nuestrostories.com\/es\/wp-json\/wp\/v2\/users\/4"}],"replies":[{"embeddable":true,"href":"https:\/\/draft.nuestrostories.com\/es\/wp-json\/wp\/v2\/comments?post=14501"}],"version-history":[{"count":1,"href":"https:\/\/draft.nuestrostories.com\/es\/wp-json\/wp\/v2\/posts\/14501\/revisions"}],"predecessor-version":[{"id":14506,"href":"https:\/\/draft.nuestrostories.com\/es\/wp-json\/wp\/v2\/posts\/14501\/revisions\/14506"}],"wp:featuredmedia":[{"embeddable":true,"href":"https:\/\/draft.nuestrostories.com\/es\/wp-json\/wp\/v2\/media\/10278"}],"wp:attachment":[{"href":"https:\/\/draft.nuestrostories.com\/es\/wp-json\/wp\/v2\/media?parent=14501"}],"wp:term":[{"taxonomy":"category","embeddable":true,"href":"https:\/\/draft.nuestrostories.com\/es\/wp-json\/wp\/v2\/categories?post=14501"},{"taxonomy":"post_tag","embeddable":true,"href":"https:\/\/draft.nuestrostories.com\/es\/wp-json\/wp\/v2\/tags?post=14501"}],"curies":[{"name":"wp","href":"https:\/\/api.w.org\/{rel}","templated":true}]}}