{"id":14456,"date":"2023-02-13T19:33:35","date_gmt":"2023-02-14T00:33:35","guid":{"rendered":"https:\/\/draft.nuestrostories.com\/\/?p=14456"},"modified":"2024-01-16T12:22:56","modified_gmt":"2024-01-16T17:22:56","slug":"gwen-ifill-fue-la-primera-presentadora-de-noticias-afroestadounidense-pero-pocos-saben-que-en-realidad-era-afrolatina","status":"publish","type":"post","link":"https:\/\/draft.nuestrostories.com\/es\/2023\/02\/gwen-ifill-fue-la-primera-presentadora-de-noticias-afroestadounidense-pero-pocos-saben-que-en-realidad-era-afrolatina\/","title":{"rendered":"Gwen Ifill fue la primera presentadora de noticias afroestadounidense, pero pocos saben que en realidad era afrolatina"},"content":{"rendered":"\n<p>Image courtesy of Nuestro Stories.<\/p>\n\n\n\n<p>Gwendolyn Ifill fue <a href=\"https:\/\/www.pbs.org\/newshour\/tag\/remembering-gwen\">mentora<\/a> de aquellos a quienes toc\u00f3 directamente y de los millones de personas que la vieron por televisi\u00f3n. Ifill, periodista, locutora de televisi\u00f3n y autora estadounidense, fue la primera mujer afroestadounidense y la primera <a href=\"https:\/\/draft.nuestrostories.com\/\/?s=afro-latina\">afrolatina<\/a> en presentar un programa de asuntos p\u00fablicos televisado a nivel nacional en Estados Unidos.<\/p>\n\n\n\n<p>Ifill naci\u00f3 en Nueva York en 1955 de un padre paname\u00f1o que era ministro episcopal metodista y madre barbadense. Su primer contacto con el periodismo se produjo ante la insistencia de sus padres de que ella y sus hermanos se reunieran todas las noches frente al televisor para ver las noticias nacionales.<\/p>\n\n\n\n<h2 class=\"wp-block-heading\">Elegir emigrar: la importancia de la informaci\u00f3n<\/h2>\n\n\n\n<p>Gwen Ifill vivi\u00f3 la experiencia de los migrantes en Estados Unidos. Vio los l\u00edmites impuestos al llamado sue\u00f1o americano, lo que influy\u00f3 en sus reportajes.<\/p>\n\n\n\n<p>\u201cMis padres eran inmigrantes. Vinieron a este pa\u00eds porque (y me gusta decirlo) eligieron ser estadounidenses, pero, al mismo tiempo, eran muy patri\u00f3ticos acerca de lo que este pa\u00eds pod\u00eda brindarles a ellos y a sus hijos, aunque tambi\u00e9n ten\u00edan muy claro lo que el pa\u00eds les estaba negando a personas como sus hijos que se ve\u00edan como sus hijos\u201d, dijo <a href=\"https:\/\/blackleadership.virginia.edu\/transcript\/ifill-gwen\">en una entrevista<\/a> con el activista de derechos civiles Julian Bond.<\/p>\n\n\n\n<p>Trabaj\u00f3 para Boston Herald American, Baltimore Evening Sun y en 1984 se mud\u00f3 a Washington, DC, para trabajar para Washington Post.<\/p>\n\n\n\n<p>En 1991, Gwen Ifill acept\u00f3 un puesto como corresponsal en la Casa Blanca para New York Times. Pas\u00f3 a NBC News en 1994 y trabaj\u00f3 en la oficina de Washington, DC, como corresponsal pol\u00edtica en jefe del Congreso.<\/p>\n\n\n\n<p>En 1999, Ifill se convirti\u00f3 en moderadora y editora en jefe de Washington Week de PBS y corresponsal pol\u00edtica principal de PBS NewsHour. Fue la primera mujer afroestadounidense y afrolatina en presentar un destacado programa de entrevistas pol\u00edticas en la televisi\u00f3n nacional.<\/p>\n\n\n\n<p>Luego moder\u00f3 los debates vicepresidenciales de 2004 y 2008 y escribi\u00f3 el exitoso libro <em>The Breakthrough: Politics and Race in the Age of Obama<\/em>. Recibi\u00f3 numerosos reconocimientos, incluido George Foster Peabody Award y Leonard Zeidenberg First Amendment Award.<\/p>\n\n\n\n<figure class=\"wp-block-embed is-type-video is-provider-youtube wp-block-embed-youtube wp-embed-aspect-16-9 wp-has-aspect-ratio\"><div class=\"wp-block-embed__wrapper\">\n<iframe loading=\"lazy\" title=\"Your remembrances of Gwen Ifill\" width=\"500\" height=\"281\" src=\"https:\/\/www.youtube.com\/embed\/6caBSaJ3nos?start=19&feature=oembed\" frameborder=\"0\" allow=\"accelerometer; autoplay; clipboard-write; encrypted-media; gyroscope; picture-in-picture; web-share\" referrerpolicy=\"strict-origin-when-cross-origin\" allowfullscreen><\/iframe>\n<\/div><\/figure>\n\n\n\n<h2 class=\"wp-block-heading\">Gwen Ifill hizo historia<\/h2>\n\n\n\n<p>Gwen Ifill dijo a menudo que, cuando era joven, se inspiraba en Melba Tolliver, la primera persona afroamericana en presentar un programa de noticias de una cadena.<\/p>\n\n\n\n<p>Tolliver hizo historia en 1967, durante una huelga de una cadena de noticias, cuando present\u00f3 el programa <em>News with The Woman's Touch<\/em> de ABC.<\/p>\n\n\n\n<p>En una <a href=\"https:\/\/blackleadership.virginia.edu\/videos\/ifill-gwen\/gi10\">entrevista de 2014, Ifill dijo<\/a> \u201cElla me dej\u00f3 una gran impresi\u00f3n, porque no quer\u00eda aparecer en la televisi\u00f3n, pero aqu\u00ed estaba una mujer negra haciendo las preguntas. Me gusta eso. Pude ver eso y, hasta el d\u00eda de hoy, cuando la gente se me acerca y me dice que se alegra de verme en la televisi\u00f3n, porque tienen hijas que me ven, y ven lo mismo\u2026 bueno, eso me alegra el d\u00eda\u201d.<\/p>\n\n\n\n<p>Pero la propia Ifill inspir\u00f3 a muchos periodistas y mujeres de color antes de fallecer en 2016, mujeres como Yamiche Alcindor, reportera de pol\u00edtica de New York Times, y Krissah Thompson, escritora de Washington Post.<\/p>\n\n\n\n<p>Despu\u00e9s del fallecimiento de Ifill, Thompson escribi\u00f3:<\/p>\n\n\n\n<p>\u201cEl legado que dejaaste a las mujeres j\u00f3venes y periodistas de color es enorme. Sabemos que gracias a ustedes tenemos un asiento en la mesa y merecemos un asiento en la mesa\u201d.<\/p>\n\n\n\n<p>Un hermoso legado en verdad.<\/p>\n\n\n\n<p><strong>Por Susanne Ram\u00edrez de Arellano<\/strong><\/p>\n\n\n\n<p>Susanne Ram\u00edrez de Arellano es una escritora y cr\u00edtica cultural que fue periodista, productora de televisi\u00f3n y directora de noticias. Vive entre San Juan y Nueva York y actualmente est\u00e1 haciendo su primer intento de escribir una novela.<\/p>\n","protected":false},"excerpt":{"rendered":"<p>Image courtesy of Nuestro Stories. Gwendolyn Ifill fue mentora de aquellos a quienes toc\u00f3 directamente y de los millones de personas que la vieron por televisi\u00f3n. Ifill, periodista, locutora de televisi\u00f3n y autora estadounidense, fue la primera mujer afroestadounidense y la primera afrolatina en presentar un programa de asuntos p\u00fablicos televisado a nivel nacional en [&hellip;]<\/p>\n","protected":false},"author":16,"featured_media":10284,"comment_status":"closed","ping_status":"open","sticky":false,"template":"","format":"standard","meta":{"_acf_changed":false,"footnotes":""},"categories":[1281],"tags":[],"class_list":["post-14456","post","type-post","status-publish","format-standard","has-post-thumbnail","hentry","category-featured-es"],"acf":[],"yoast_head":"<!-- This site is optimized with the Yoast SEO plugin v23.5 - https:\/\/yoast.com\/wordpress\/plugins\/seo\/ -->\n<title>Gwen Ifill fue la primera presentadora de noticias afroestadounidense, pero pocos saben que en realidad era afrolatina - Nuestro Stories<\/title>\n<meta name=\"robots\" content=\"index, follow, max-snippet:-1, max-image-preview:large, max-video-preview:-1\" \/>\n<link rel=\"canonical\" href=\"https:\/\/draft.nuestrostories.com\/es\/2023\/02\/gwen-ifill-fue-la-primera-presentadora-de-noticias-afroestadounidense-pero-pocos-saben-que-en-realidad-era-afrolatina\/\" \/>\n<meta property=\"og:locale\" content=\"es_ES\" \/>\n<meta property=\"og:type\" content=\"article\" \/>\n<meta property=\"og:title\" content=\"Gwen Ifill fue la primera presentadora de noticias afroestadounidense, pero pocos saben que en realidad era afrolatina - Nuestro Stories\" \/>\n<meta property=\"og:description\" content=\"Image courtesy of Nuestro Stories. Gwendolyn Ifill fue mentora de aquellos a quienes toc\u00f3 directamente y de los millones de personas que la vieron por televisi\u00f3n. Ifill, periodista, locutora de televisi\u00f3n y autora estadounidense, fue la primera mujer afroestadounidense y la primera afrolatina en presentar un programa de asuntos p\u00fablicos televisado a nivel nacional en [&hellip;]\" \/>\n<meta property=\"og:url\" content=\"https:\/\/draft.nuestrostories.com\/es\/2023\/02\/gwen-ifill-fue-la-primera-presentadora-de-noticias-afroestadounidense-pero-pocos-saben-que-en-realidad-era-afrolatina\/\" \/>\n<meta property=\"og:site_name\" content=\"Nuestro Stories\" \/>\n<meta property=\"article:published_time\" content=\"2023-02-14T00:33:35+00:00\" \/>\n<meta property=\"article:modified_time\" content=\"2024-01-16T17:22:56+00:00\" \/>\n<meta property=\"og:image\" content=\"https:\/\/draft.nuestrostories.com\/wp-content\/uploads\/2023\/02\/Gwen-Ifill.jpg\" \/>\n\t<meta property=\"og:image:width\" content=\"1910\" \/>\n\t<meta property=\"og:image:height\" content=\"1274\" \/>\n\t<meta property=\"og:image:type\" content=\"image\/jpeg\" \/>\n<meta name=\"author\" content=\"Susanne Ram\u00edrez de Arellano\" \/>\n<meta name=\"twitter:card\" content=\"summary_large_image\" \/>\n<meta name=\"twitter:label1\" content=\"Escrito por\" \/>\n\t<meta name=\"twitter:data1\" content=\"Susanne Ram\u00edrez de Arellano\" \/>\n\t<meta name=\"twitter:label2\" content=\"Tiempo de lectura\" \/>\n\t<meta name=\"twitter:data2\" content=\"3 minutos\" \/>\n<script type=\"application\/ld+json\" class=\"yoast-schema-graph\">{\"@context\":\"https:\/\/schema.org\",\"@graph\":[{\"@type\":\"WebPage\",\"@id\":\"https:\/\/draft.nuestrostories.com\/es\/2023\/02\/gwen-ifill-fue-la-primera-presentadora-de-noticias-afroestadounidense-pero-pocos-saben-que-en-realidad-era-afrolatina\/\",\"url\":\"https:\/\/draft.nuestrostories.com\/es\/2023\/02\/gwen-ifill-fue-la-primera-presentadora-de-noticias-afroestadounidense-pero-pocos-saben-que-en-realidad-era-afrolatina\/\",\"name\":\"Gwen Ifill fue la primera presentadora de noticias afroestadounidense, pero pocos saben que en realidad era afrolatina - Nuestro Stories\",\"isPartOf\":{\"@id\":\"https:\/\/draft.nuestrostories.com\/es\/#website\"},\"primaryImageOfPage\":{\"@id\":\"https:\/\/draft.nuestrostories.com\/es\/2023\/02\/gwen-ifill-fue-la-primera-presentadora-de-noticias-afroestadounidense-pero-pocos-saben-que-en-realidad-era-afrolatina\/#primaryimage\"},\"image\":{\"@id\":\"https:\/\/draft.nuestrostories.com\/es\/2023\/02\/gwen-ifill-fue-la-primera-presentadora-de-noticias-afroestadounidense-pero-pocos-saben-que-en-realidad-era-afrolatina\/#primaryimage\"},\"thumbnailUrl\":\"https:\/\/draft.nuestrostories.com\/wp-content\/uploads\/2023\/02\/Gwen-Ifill.jpg\",\"datePublished\":\"2023-02-14T00:33:35+00:00\",\"dateModified\":\"2024-01-16T17:22:56+00:00\",\"author\":{\"@id\":\"https:\/\/draft.nuestrostories.com\/es\/#\/schema\/person\/846bcb1c367047f3343023a22b6b0f9d\"},\"breadcrumb\":{\"@id\":\"https:\/\/draft.nuestrostories.com\/es\/2023\/02\/gwen-ifill-fue-la-primera-presentadora-de-noticias-afroestadounidense-pero-pocos-saben-que-en-realidad-era-afrolatina\/#breadcrumb\"},\"inLanguage\":\"es\",\"potentialAction\":[{\"@type\":\"ReadAction\",\"target\":[\"https:\/\/draft.nuestrostories.com\/es\/2023\/02\/gwen-ifill-fue-la-primera-presentadora-de-noticias-afroestadounidense-pero-pocos-saben-que-en-realidad-era-afrolatina\/\"]}]},{\"@type\":\"ImageObject\",\"inLanguage\":\"es\",\"@id\":\"https:\/\/draft.nuestrostories.com\/es\/2023\/02\/gwen-ifill-fue-la-primera-presentadora-de-noticias-afroestadounidense-pero-pocos-saben-que-en-realidad-era-afrolatina\/#primaryimage\",\"url\":\"https:\/\/draft.nuestrostories.com\/wp-content\/uploads\/2023\/02\/Gwen-Ifill.jpg\",\"contentUrl\":\"https:\/\/draft.nuestrostories.com\/wp-content\/uploads\/2023\/02\/Gwen-Ifill.jpg\",\"width\":1910,\"height\":1274,\"caption\":\"Image courtesy of Nuestro Stories.\"},{\"@type\":\"BreadcrumbList\",\"@id\":\"https:\/\/draft.nuestrostories.com\/es\/2023\/02\/gwen-ifill-fue-la-primera-presentadora-de-noticias-afroestadounidense-pero-pocos-saben-que-en-realidad-era-afrolatina\/#breadcrumb\",\"itemListElement\":[{\"@type\":\"ListItem\",\"position\":1,\"name\":\"Home\",\"item\":\"https:\/\/draft.nuestrostories.com\/es\/\"},{\"@type\":\"ListItem\",\"position\":2,\"name\":\"Gwen Ifill fue la primera presentadora de noticias afroestadounidense, pero pocos saben que en realidad era afrolatina\"}]},{\"@type\":\"WebSite\",\"@id\":\"https:\/\/draft.nuestrostories.com\/es\/#website\",\"url\":\"https:\/\/draft.nuestrostories.com\/es\/\",\"name\":\"Nuestro Stories\",\"description\":\"Latino Heritage. Every Day.\",\"potentialAction\":[{\"@type\":\"SearchAction\",\"target\":{\"@type\":\"EntryPoint\",\"urlTemplate\":\"https:\/\/draft.nuestrostories.com\/es\/?s={search_term_string}\"},\"query-input\":{\"@type\":\"PropertyValueSpecification\",\"valueRequired\":true,\"valueName\":\"search_term_string\"}}],\"inLanguage\":\"es\"},{\"@type\":\"Person\",\"@id\":\"https:\/\/draft.nuestrostories.com\/es\/#\/schema\/person\/846bcb1c367047f3343023a22b6b0f9d\",\"name\":\"Susanne Ram\u00edrez de Arellano\",\"image\":{\"@type\":\"ImageObject\",\"inLanguage\":\"es\",\"@id\":\"https:\/\/draft.nuestrostories.com\/es\/#\/schema\/person\/image\/\",\"url\":\"https:\/\/draft.nuestrostories.com\/wp-content\/uploads\/2022\/06\/Susanne-150x150.jpeg\",\"contentUrl\":\"https:\/\/draft.nuestrostories.com\/wp-content\/uploads\/2022\/06\/Susanne-150x150.jpeg\",\"caption\":\"Susanne Ram\u00edrez de Arellano\"},\"description\":\"Susanne Ramirez de Arellano is a writer and cultural critic who used to be a journalist, television producer, and news director. She lives between San Juan and New York and is, at present, making her first attempt at writing a novel.\",\"url\":\"https:\/\/draft.nuestrostories.com\/es\/author\/susanne-ramirez-de-arellano\/\"}]}<\/script>\n<!-- \/ Yoast SEO plugin. -->","yoast_head_json":{"title":"Gwen Ifill fue la primera presentadora de noticias afroestadounidense, pero pocos saben que en realidad era afrolatina - Nuestro Stories","robots":{"index":"index","follow":"follow","max-snippet":"max-snippet:-1","max-image-preview":"max-image-preview:large","max-video-preview":"max-video-preview:-1"},"canonical":"https:\/\/draft.nuestrostories.com\/es\/2023\/02\/gwen-ifill-fue-la-primera-presentadora-de-noticias-afroestadounidense-pero-pocos-saben-que-en-realidad-era-afrolatina\/","og_locale":"es_ES","og_type":"article","og_title":"Gwen Ifill fue la primera presentadora de noticias afroestadounidense, pero pocos saben que en realidad era afrolatina - Nuestro Stories","og_description":"Image courtesy of Nuestro Stories. Gwendolyn Ifill fue mentora de aquellos a quienes toc\u00f3 directamente y de los millones de personas que la vieron por televisi\u00f3n. Ifill, periodista, locutora de televisi\u00f3n y autora estadounidense, fue la primera mujer afroestadounidense y la primera afrolatina en presentar un programa de asuntos p\u00fablicos televisado a nivel nacional en [&hellip;]","og_url":"https:\/\/draft.nuestrostories.com\/es\/2023\/02\/gwen-ifill-fue-la-primera-presentadora-de-noticias-afroestadounidense-pero-pocos-saben-que-en-realidad-era-afrolatina\/","og_site_name":"Nuestro Stories","article_published_time":"2023-02-14T00:33:35+00:00","article_modified_time":"2024-01-16T17:22:56+00:00","og_image":[{"width":1910,"height":1274,"url":"https:\/\/draft.nuestrostories.com\/wp-content\/uploads\/2023\/02\/Gwen-Ifill.jpg","type":"image\/jpeg"}],"author":"Susanne Ram\u00edrez de Arellano","twitter_card":"summary_large_image","twitter_misc":{"Escrito por":"Susanne Ram\u00edrez de Arellano","Tiempo de lectura":"3 minutos"},"schema":{"@context":"https:\/\/schema.org","@graph":[{"@type":"WebPage","@id":"https:\/\/draft.nuestrostories.com\/es\/2023\/02\/gwen-ifill-fue-la-primera-presentadora-de-noticias-afroestadounidense-pero-pocos-saben-que-en-realidad-era-afrolatina\/","url":"https:\/\/draft.nuestrostories.com\/es\/2023\/02\/gwen-ifill-fue-la-primera-presentadora-de-noticias-afroestadounidense-pero-pocos-saben-que-en-realidad-era-afrolatina\/","name":"Gwen Ifill fue la primera presentadora de noticias afroestadounidense, pero pocos saben que en realidad era afrolatina - Nuestro Stories","isPartOf":{"@id":"https:\/\/draft.nuestrostories.com\/es\/#website"},"primaryImageOfPage":{"@id":"https:\/\/draft.nuestrostories.com\/es\/2023\/02\/gwen-ifill-fue-la-primera-presentadora-de-noticias-afroestadounidense-pero-pocos-saben-que-en-realidad-era-afrolatina\/#primaryimage"},"image":{"@id":"https:\/\/draft.nuestrostories.com\/es\/2023\/02\/gwen-ifill-fue-la-primera-presentadora-de-noticias-afroestadounidense-pero-pocos-saben-que-en-realidad-era-afrolatina\/#primaryimage"},"thumbnailUrl":"https:\/\/draft.nuestrostories.com\/wp-content\/uploads\/2023\/02\/Gwen-Ifill.jpg","datePublished":"2023-02-14T00:33:35+00:00","dateModified":"2024-01-16T17:22:56+00:00","author":{"@id":"https:\/\/draft.nuestrostories.com\/es\/#\/schema\/person\/846bcb1c367047f3343023a22b6b0f9d"},"breadcrumb":{"@id":"https:\/\/draft.nuestrostories.com\/es\/2023\/02\/gwen-ifill-fue-la-primera-presentadora-de-noticias-afroestadounidense-pero-pocos-saben-que-en-realidad-era-afrolatina\/#breadcrumb"},"inLanguage":"es","potentialAction":[{"@type":"ReadAction","target":["https:\/\/draft.nuestrostories.com\/es\/2023\/02\/gwen-ifill-fue-la-primera-presentadora-de-noticias-afroestadounidense-pero-pocos-saben-que-en-realidad-era-afrolatina\/"]}]},{"@type":"ImageObject","inLanguage":"es","@id":"https:\/\/draft.nuestrostories.com\/es\/2023\/02\/gwen-ifill-fue-la-primera-presentadora-de-noticias-afroestadounidense-pero-pocos-saben-que-en-realidad-era-afrolatina\/#primaryimage","url":"https:\/\/draft.nuestrostories.com\/wp-content\/uploads\/2023\/02\/Gwen-Ifill.jpg","contentUrl":"https:\/\/draft.nuestrostories.com\/wp-content\/uploads\/2023\/02\/Gwen-Ifill.jpg","width":1910,"height":1274,"caption":"Image courtesy of Nuestro Stories."},{"@type":"BreadcrumbList","@id":"https:\/\/draft.nuestrostories.com\/es\/2023\/02\/gwen-ifill-fue-la-primera-presentadora-de-noticias-afroestadounidense-pero-pocos-saben-que-en-realidad-era-afrolatina\/#breadcrumb","itemListElement":[{"@type":"ListItem","position":1,"name":"Home","item":"https:\/\/draft.nuestrostories.com\/es\/"},{"@type":"ListItem","position":2,"name":"Gwen Ifill fue la primera presentadora de noticias afroestadounidense, pero pocos saben que en realidad era afrolatina"}]},{"@type":"WebSite","@id":"https:\/\/draft.nuestrostories.com\/es\/#website","url":"https:\/\/draft.nuestrostories.com\/es\/","name":"Nuestro Stories","description":"Latino Heritage. Every Day.","potentialAction":[{"@type":"SearchAction","target":{"@type":"EntryPoint","urlTemplate":"https:\/\/draft.nuestrostories.com\/es\/?s={search_term_string}"},"query-input":{"@type":"PropertyValueSpecification","valueRequired":true,"valueName":"search_term_string"}}],"inLanguage":"es"},{"@type":"Person","@id":"https:\/\/draft.nuestrostories.com\/es\/#\/schema\/person\/846bcb1c367047f3343023a22b6b0f9d","name":"Susanne Ram\u00edrez de Arellano","image":{"@type":"ImageObject","inLanguage":"es","@id":"https:\/\/draft.nuestrostories.com\/es\/#\/schema\/person\/image\/","url":"https:\/\/draft.nuestrostories.com\/wp-content\/uploads\/2022\/06\/Susanne-150x150.jpeg","contentUrl":"https:\/\/draft.nuestrostories.com\/wp-content\/uploads\/2022\/06\/Susanne-150x150.jpeg","caption":"Susanne Ram\u00edrez de Arellano"},"description":"Susanne Ramirez de Arellano is a writer and cultural critic who used to be a journalist, television producer, and news director. She lives between San Juan and New York and is, at present, making her first attempt at writing a novel.","url":"https:\/\/draft.nuestrostories.com\/es\/author\/susanne-ramirez-de-arellano\/"}]}},"_links":{"self":[{"href":"https:\/\/draft.nuestrostories.com\/es\/wp-json\/wp\/v2\/posts\/14456","targetHints":{"allow":["GET"]}}],"collection":[{"href":"https:\/\/draft.nuestrostories.com\/es\/wp-json\/wp\/v2\/posts"}],"about":[{"href":"https:\/\/draft.nuestrostories.com\/es\/wp-json\/wp\/v2\/types\/post"}],"author":[{"embeddable":true,"href":"https:\/\/draft.nuestrostories.com\/es\/wp-json\/wp\/v2\/users\/16"}],"replies":[{"embeddable":true,"href":"https:\/\/draft.nuestrostories.com\/es\/wp-json\/wp\/v2\/comments?post=14456"}],"version-history":[{"count":1,"href":"https:\/\/draft.nuestrostories.com\/es\/wp-json\/wp\/v2\/posts\/14456\/revisions"}],"predecessor-version":[{"id":14460,"href":"https:\/\/draft.nuestrostories.com\/es\/wp-json\/wp\/v2\/posts\/14456\/revisions\/14460"}],"wp:featuredmedia":[{"embeddable":true,"href":"https:\/\/draft.nuestrostories.com\/es\/wp-json\/wp\/v2\/media\/10284"}],"wp:attachment":[{"href":"https:\/\/draft.nuestrostories.com\/es\/wp-json\/wp\/v2\/media?parent=14456"}],"wp:term":[{"taxonomy":"category","embeddable":true,"href":"https:\/\/draft.nuestrostories.com\/es\/wp-json\/wp\/v2\/categories?post=14456"},{"taxonomy":"post_tag","embeddable":true,"href":"https:\/\/draft.nuestrostories.com\/es\/wp-json\/wp\/v2\/tags?post=14456"}],"curies":[{"name":"wp","href":"https:\/\/api.w.org\/{rel}","templated":true}]}}