{"id":14426,"date":"2023-02-17T17:32:12","date_gmt":"2023-02-17T22:32:12","guid":{"rendered":"https:\/\/draft.nuestrostories.com\/\/?p=14426"},"modified":"2024-01-15T13:58:48","modified_gmt":"2024-01-15T18:58:48","slug":"gloria-estefan-se-convertira-en-la-primera-latina-incluida-en-el-salon-de-la-fama-de-los-compositores","status":"publish","type":"post","link":"https:\/\/draft.nuestrostories.com\/es\/2023\/02\/gloria-estefan-se-convertira-en-la-primera-latina-incluida-en-el-salon-de-la-fama-de-los-compositores\/","title":{"rendered":"Gloria Estefan se convertir\u00e1 en la primera latina incluida en el Sal\u00f3n de la Fama de los Compositores"},"content":{"rendered":"\n<p><em>Imagen cortes\u00eda de Nuestro Stories<\/em>.<\/p>\n\n\n\n<p>A menudo, cuando hablamos de un momento clave en esta serie, nos referimos a algo que ya est\u00e1 en los venerados pasillos de la historia. Un momento que todos recordamos con cari\u00f1o o una canci\u00f3n que puede habernos cautivado en el momento en el que m\u00e1s la necesit\u00e1bamos. De cualquier manera, los momentos clave en esta serie tienden a ser asuntos del pasado.<\/p>\n\n\n\n<p>En esta entrega, sin embargo, observamos un momento decisivo que se asoma en el horizonte.<\/p>\n\n\n\n<p>A principios de este a\u00f1o, Gloria Estefan fue nominada para ser incluida en el Sal\u00f3n de la Fama de los Compositores junto con un grupo de otros cinco m\u00fasicos. La prestigiosa nominaci\u00f3n e incorporaci\u00f3n se producen casi 40 a\u00f1os despu\u00e9s de que Estefan iniciara su ilustre carrera.<\/p>\n\n\n\n<figure class=\"wp-block-embed is-type-video is-provider-youtube wp-block-embed-youtube wp-embed-aspect-16-9 wp-has-aspect-ratio\"><div class=\"wp-block-embed__wrapper\">\n<iframe loading=\"lazy\" title=\"South Florida music icon Gloria Estefan inducted into Songwriters Hall of Fame\" width=\"500\" height=\"281\" src=\"https:\/\/www.youtube.com\/embed\/rGFZFAW1XgE?feature=oembed\" frameborder=\"0\" allow=\"accelerometer; autoplay; clipboard-write; encrypted-media; gyroscope; picture-in-picture; web-share\" referrerpolicy=\"strict-origin-when-cross-origin\" allowfullscreen><\/iframe>\n<\/div><\/figure>\n\n\n\n<h2 class=\"wp-block-heading\">El legado de Gloria Estefan<\/h2>\n\n\n\n<p>Aunque la inducci\u00f3n es, sin duda, un punto monumental en la carrera de d\u00e9cadas de Gloria Estefan, ella no es ajena a recibir reconocimientos por su talento, su musicalidad y la forma en la que <a href=\"https:\/\/draft.nuestrostories.com\/\/2023\/01\/conga-gloria-estefan-miami-sound-machine\/\">rompi\u00f3 barreras<\/a> para las mujeres y los latinos en la industria musical.<\/p>\n\n\n\n<p>Gloria Estefan recibi\u00f3 la Medalla Presidencial de la Libertad de manos del presidente Barack Obama en 2015, junto con su esposo y productor Emilio Estefan; adem\u00e1s de esos logros, ha vendido cientos de millones de \u00e1lbumes en todo el mundo, gan\u00f3 m\u00faltiples premios Grammy y Latin Grammy y ya es miembro del Sal\u00f3n de la Fama de los Compositores Latinos, <a href=\"https:\/\/wsvn.com\/entertainment\/gloria-estefan-first-hispanic-to-enter-the-us-songwriters-hall-of-fame\/\">en donde fue incluida en 2017<\/a>.<\/p>\n\n\n\n<p>El tipo de trabajo innovador que Estefan ha logrado crear en su carrera no tiene fin. Como mujer latina, proverbialmente allan\u00f3 el camino para que muchas siguieran sus pasos.<\/p>\n\n\n\n<p>Antes de Estefan, la cantidad de mujeres latinas que lograban \u00e9xito musical comercial era escasa.<\/p>\n\n\n\n<p>Al observar la industria musical actual, con una multitud de latinos liderando las listas musicales y teniendo un impacto global (y volvi\u00e9ndose tan populares entre los que no hablan espa\u00f1ol), debemos considerar a Gloria Estefan como un importante presagio de eso.<\/p>\n\n\n\n<p>Estefan rompi\u00f3 barreras para permitir que quienes vinieran detr\u00e1s de ella pudieran atravesarlas sin sufrir perjuicios o, al menos, con mucho menos da\u00f1o. Tan solo eso ya es digno de elogio.<\/p>\n\n\n\n<p>\u00a1Que viva Gloria!<\/p>\n\n\n\n<p><a href=\"https:\/\/draft.nuestrostories.com\/\/category\/liv-styler\/\">Por Liv Styler<\/a><\/p>\n\n\n\n<p>Olivia Monahan es una periodista, editora, educadora y organizadora chicana en Sacramento cuyo \u00fanico objetivo es arrojar luz sobre historias de nuestras comunidades m\u00e1s impactadas y marginadas, pero, a\u00fan m\u00e1s importante, que esas historias humanicen a quienes normalmente quedan excluidos. Es finalista de la Beca Ida B Wells de periodismo de investigaci\u00f3n 2022, miembro de Parenting Journalists Society y ha publicado en The Courier, The Sacramento Bee, The Americano y Submerge Magazine, entre otros.<\/p>\n","protected":false},"excerpt":{"rendered":"<p>Imagen cortes\u00eda de Nuestro Stories. A menudo, cuando hablamos de un momento clave en esta serie, nos referimos a algo que ya est\u00e1 en los venerados pasillos de la historia. Un momento que todos recordamos con cari\u00f1o o una canci\u00f3n que puede habernos cautivado en el momento en el que m\u00e1s la necesit\u00e1bamos. De cualquier [&hellip;]<\/p>\n","protected":false},"author":4,"featured_media":10291,"comment_status":"closed","ping_status":"open","sticky":false,"template":"","format":"standard","meta":{"_acf_changed":false,"footnotes":""},"categories":[1281],"tags":[],"class_list":["post-14426","post","type-post","status-publish","format-standard","has-post-thumbnail","hentry","category-featured-es"],"acf":[],"yoast_head":"<!-- This site is optimized with the Yoast SEO plugin v23.5 - https:\/\/yoast.com\/wordpress\/plugins\/seo\/ -->\n<title>Gloria Estefan se convertir\u00e1 en la primera latina incluida en el Sal\u00f3n de la Fama de los Compositores - Nuestro Stories<\/title>\n<meta name=\"robots\" content=\"index, follow, max-snippet:-1, max-image-preview:large, max-video-preview:-1\" \/>\n<link rel=\"canonical\" href=\"https:\/\/draft.nuestrostories.com\/es\/2023\/02\/gloria-estefan-se-convertira-en-la-primera-latina-incluida-en-el-salon-de-la-fama-de-los-compositores\/\" \/>\n<meta property=\"og:locale\" content=\"es_ES\" \/>\n<meta property=\"og:type\" content=\"article\" \/>\n<meta property=\"og:title\" content=\"Gloria Estefan se convertir\u00e1 en la primera latina incluida en el Sal\u00f3n de la Fama de los Compositores - Nuestro Stories\" \/>\n<meta property=\"og:description\" content=\"Imagen cortes\u00eda de Nuestro Stories. A menudo, cuando hablamos de un momento clave en esta serie, nos referimos a algo que ya est\u00e1 en los venerados pasillos de la historia. Un momento que todos recordamos con cari\u00f1o o una canci\u00f3n que puede habernos cautivado en el momento en el que m\u00e1s la necesit\u00e1bamos. De cualquier [&hellip;]\" \/>\n<meta property=\"og:url\" content=\"https:\/\/draft.nuestrostories.com\/es\/2023\/02\/gloria-estefan-se-convertira-en-la-primera-latina-incluida-en-el-salon-de-la-fama-de-los-compositores\/\" \/>\n<meta property=\"og:site_name\" content=\"Nuestro Stories\" \/>\n<meta property=\"article:published_time\" content=\"2023-02-17T22:32:12+00:00\" \/>\n<meta property=\"article:modified_time\" content=\"2024-01-15T18:58:48+00:00\" \/>\n<meta property=\"og:image\" content=\"https:\/\/draft.nuestrostories.com\/wp-content\/uploads\/2023\/02\/Gloria-Estefan-Hall-of-Fame.jpg\" \/>\n\t<meta property=\"og:image:width\" content=\"1910\" \/>\n\t<meta property=\"og:image:height\" content=\"1274\" \/>\n\t<meta property=\"og:image:type\" content=\"image\/jpeg\" \/>\n<meta name=\"author\" content=\"Rachel\" \/>\n<meta name=\"twitter:card\" content=\"summary_large_image\" \/>\n<meta name=\"twitter:label1\" content=\"Escrito por\" \/>\n\t<meta name=\"twitter:data1\" content=\"Rachel\" \/>\n\t<meta name=\"twitter:label2\" content=\"Tiempo de lectura\" \/>\n\t<meta name=\"twitter:data2\" content=\"3 minutos\" \/>\n<script type=\"application\/ld+json\" class=\"yoast-schema-graph\">{\"@context\":\"https:\/\/schema.org\",\"@graph\":[{\"@type\":\"WebPage\",\"@id\":\"https:\/\/draft.nuestrostories.com\/es\/2023\/02\/gloria-estefan-se-convertira-en-la-primera-latina-incluida-en-el-salon-de-la-fama-de-los-compositores\/\",\"url\":\"https:\/\/draft.nuestrostories.com\/es\/2023\/02\/gloria-estefan-se-convertira-en-la-primera-latina-incluida-en-el-salon-de-la-fama-de-los-compositores\/\",\"name\":\"Gloria Estefan se convertir\u00e1 en la primera latina incluida en el Sal\u00f3n de la Fama de los Compositores - Nuestro Stories\",\"isPartOf\":{\"@id\":\"https:\/\/draft.nuestrostories.com\/es\/#website\"},\"primaryImageOfPage\":{\"@id\":\"https:\/\/draft.nuestrostories.com\/es\/2023\/02\/gloria-estefan-se-convertira-en-la-primera-latina-incluida-en-el-salon-de-la-fama-de-los-compositores\/#primaryimage\"},\"image\":{\"@id\":\"https:\/\/draft.nuestrostories.com\/es\/2023\/02\/gloria-estefan-se-convertira-en-la-primera-latina-incluida-en-el-salon-de-la-fama-de-los-compositores\/#primaryimage\"},\"thumbnailUrl\":\"https:\/\/draft.nuestrostories.com\/wp-content\/uploads\/2023\/02\/Gloria-Estefan-Hall-of-Fame.jpg\",\"datePublished\":\"2023-02-17T22:32:12+00:00\",\"dateModified\":\"2024-01-15T18:58:48+00:00\",\"author\":{\"@id\":\"https:\/\/draft.nuestrostories.com\/es\/#\/schema\/person\/b741b0e4e34088347d1fba305925ff68\"},\"breadcrumb\":{\"@id\":\"https:\/\/draft.nuestrostories.com\/es\/2023\/02\/gloria-estefan-se-convertira-en-la-primera-latina-incluida-en-el-salon-de-la-fama-de-los-compositores\/#breadcrumb\"},\"inLanguage\":\"es\",\"potentialAction\":[{\"@type\":\"ReadAction\",\"target\":[\"https:\/\/draft.nuestrostories.com\/es\/2023\/02\/gloria-estefan-se-convertira-en-la-primera-latina-incluida-en-el-salon-de-la-fama-de-los-compositores\/\"]}]},{\"@type\":\"ImageObject\",\"inLanguage\":\"es\",\"@id\":\"https:\/\/draft.nuestrostories.com\/es\/2023\/02\/gloria-estefan-se-convertira-en-la-primera-latina-incluida-en-el-salon-de-la-fama-de-los-compositores\/#primaryimage\",\"url\":\"https:\/\/draft.nuestrostories.com\/wp-content\/uploads\/2023\/02\/Gloria-Estefan-Hall-of-Fame.jpg\",\"contentUrl\":\"https:\/\/draft.nuestrostories.com\/wp-content\/uploads\/2023\/02\/Gloria-Estefan-Hall-of-Fame.jpg\",\"width\":1910,\"height\":1274,\"caption\":\"Image courtesy of Nuestro Stories.\"},{\"@type\":\"BreadcrumbList\",\"@id\":\"https:\/\/draft.nuestrostories.com\/es\/2023\/02\/gloria-estefan-se-convertira-en-la-primera-latina-incluida-en-el-salon-de-la-fama-de-los-compositores\/#breadcrumb\",\"itemListElement\":[{\"@type\":\"ListItem\",\"position\":1,\"name\":\"Home\",\"item\":\"https:\/\/draft.nuestrostories.com\/es\/\"},{\"@type\":\"ListItem\",\"position\":2,\"name\":\"Gloria Estefan se convertir\u00e1 en la primera latina incluida en el Sal\u00f3n de la Fama de los Compositores\"}]},{\"@type\":\"WebSite\",\"@id\":\"https:\/\/draft.nuestrostories.com\/es\/#website\",\"url\":\"https:\/\/draft.nuestrostories.com\/es\/\",\"name\":\"Nuestro Stories\",\"description\":\"Latino Heritage. Every Day.\",\"potentialAction\":[{\"@type\":\"SearchAction\",\"target\":{\"@type\":\"EntryPoint\",\"urlTemplate\":\"https:\/\/draft.nuestrostories.com\/es\/?s={search_term_string}\"},\"query-input\":{\"@type\":\"PropertyValueSpecification\",\"valueRequired\":true,\"valueName\":\"search_term_string\"}}],\"inLanguage\":\"es\"},{\"@type\":\"Person\",\"@id\":\"https:\/\/draft.nuestrostories.com\/es\/#\/schema\/person\/b741b0e4e34088347d1fba305925ff68\",\"name\":\"Rachel\",\"image\":{\"@type\":\"ImageObject\",\"inLanguage\":\"es\",\"@id\":\"https:\/\/draft.nuestrostories.com\/es\/#\/schema\/person\/image\/\",\"url\":\"https:\/\/draft.nuestrostories.com\/wp-content\/uploads\/2023\/06\/RachelBio-150x150.jpg\",\"contentUrl\":\"https:\/\/draft.nuestrostories.com\/wp-content\/uploads\/2023\/06\/RachelBio-150x150.jpg\",\"caption\":\"Rachel\"},\"description\":\"Olivia Monahan Chicana journalist, editor, educator, and organizer in Sacramento whose sole focus is to shed light on stories on our most impacted and marginalized communities, but even more importantly, for those stories to humanize those normally left out. She is an Ida B Wells Investigative Journalism Fellow 2022 Finalist, a member of the Parenting Journalists Society, and has bylines in The Courier, The Sacramento Bee, The Americano, Submerge Magazine among others.\",\"url\":\"https:\/\/draft.nuestrostories.com\/es\/author\/rachel\/\"}]}<\/script>\n<!-- \/ Yoast SEO plugin. -->","yoast_head_json":{"title":"Gloria Estefan se convertir\u00e1 en la primera latina incluida en el Sal\u00f3n de la Fama de los Compositores - Nuestro Stories","robots":{"index":"index","follow":"follow","max-snippet":"max-snippet:-1","max-image-preview":"max-image-preview:large","max-video-preview":"max-video-preview:-1"},"canonical":"https:\/\/draft.nuestrostories.com\/es\/2023\/02\/gloria-estefan-se-convertira-en-la-primera-latina-incluida-en-el-salon-de-la-fama-de-los-compositores\/","og_locale":"es_ES","og_type":"article","og_title":"Gloria Estefan se convertir\u00e1 en la primera latina incluida en el Sal\u00f3n de la Fama de los Compositores - Nuestro Stories","og_description":"Imagen cortes\u00eda de Nuestro Stories. A menudo, cuando hablamos de un momento clave en esta serie, nos referimos a algo que ya est\u00e1 en los venerados pasillos de la historia. Un momento que todos recordamos con cari\u00f1o o una canci\u00f3n que puede habernos cautivado en el momento en el que m\u00e1s la necesit\u00e1bamos. De cualquier [&hellip;]","og_url":"https:\/\/draft.nuestrostories.com\/es\/2023\/02\/gloria-estefan-se-convertira-en-la-primera-latina-incluida-en-el-salon-de-la-fama-de-los-compositores\/","og_site_name":"Nuestro Stories","article_published_time":"2023-02-17T22:32:12+00:00","article_modified_time":"2024-01-15T18:58:48+00:00","og_image":[{"width":1910,"height":1274,"url":"https:\/\/draft.nuestrostories.com\/wp-content\/uploads\/2023\/02\/Gloria-Estefan-Hall-of-Fame.jpg","type":"image\/jpeg"}],"author":"Rachel","twitter_card":"summary_large_image","twitter_misc":{"Escrito por":"Rachel","Tiempo de lectura":"3 minutos"},"schema":{"@context":"https:\/\/schema.org","@graph":[{"@type":"WebPage","@id":"https:\/\/draft.nuestrostories.com\/es\/2023\/02\/gloria-estefan-se-convertira-en-la-primera-latina-incluida-en-el-salon-de-la-fama-de-los-compositores\/","url":"https:\/\/draft.nuestrostories.com\/es\/2023\/02\/gloria-estefan-se-convertira-en-la-primera-latina-incluida-en-el-salon-de-la-fama-de-los-compositores\/","name":"Gloria Estefan se convertir\u00e1 en la primera latina incluida en el Sal\u00f3n de la Fama de los Compositores - Nuestro Stories","isPartOf":{"@id":"https:\/\/draft.nuestrostories.com\/es\/#website"},"primaryImageOfPage":{"@id":"https:\/\/draft.nuestrostories.com\/es\/2023\/02\/gloria-estefan-se-convertira-en-la-primera-latina-incluida-en-el-salon-de-la-fama-de-los-compositores\/#primaryimage"},"image":{"@id":"https:\/\/draft.nuestrostories.com\/es\/2023\/02\/gloria-estefan-se-convertira-en-la-primera-latina-incluida-en-el-salon-de-la-fama-de-los-compositores\/#primaryimage"},"thumbnailUrl":"https:\/\/draft.nuestrostories.com\/wp-content\/uploads\/2023\/02\/Gloria-Estefan-Hall-of-Fame.jpg","datePublished":"2023-02-17T22:32:12+00:00","dateModified":"2024-01-15T18:58:48+00:00","author":{"@id":"https:\/\/draft.nuestrostories.com\/es\/#\/schema\/person\/b741b0e4e34088347d1fba305925ff68"},"breadcrumb":{"@id":"https:\/\/draft.nuestrostories.com\/es\/2023\/02\/gloria-estefan-se-convertira-en-la-primera-latina-incluida-en-el-salon-de-la-fama-de-los-compositores\/#breadcrumb"},"inLanguage":"es","potentialAction":[{"@type":"ReadAction","target":["https:\/\/draft.nuestrostories.com\/es\/2023\/02\/gloria-estefan-se-convertira-en-la-primera-latina-incluida-en-el-salon-de-la-fama-de-los-compositores\/"]}]},{"@type":"ImageObject","inLanguage":"es","@id":"https:\/\/draft.nuestrostories.com\/es\/2023\/02\/gloria-estefan-se-convertira-en-la-primera-latina-incluida-en-el-salon-de-la-fama-de-los-compositores\/#primaryimage","url":"https:\/\/draft.nuestrostories.com\/wp-content\/uploads\/2023\/02\/Gloria-Estefan-Hall-of-Fame.jpg","contentUrl":"https:\/\/draft.nuestrostories.com\/wp-content\/uploads\/2023\/02\/Gloria-Estefan-Hall-of-Fame.jpg","width":1910,"height":1274,"caption":"Image courtesy of Nuestro Stories."},{"@type":"BreadcrumbList","@id":"https:\/\/draft.nuestrostories.com\/es\/2023\/02\/gloria-estefan-se-convertira-en-la-primera-latina-incluida-en-el-salon-de-la-fama-de-los-compositores\/#breadcrumb","itemListElement":[{"@type":"ListItem","position":1,"name":"Home","item":"https:\/\/draft.nuestrostories.com\/es\/"},{"@type":"ListItem","position":2,"name":"Gloria Estefan se convertir\u00e1 en la primera latina incluida en el Sal\u00f3n de la Fama de los Compositores"}]},{"@type":"WebSite","@id":"https:\/\/draft.nuestrostories.com\/es\/#website","url":"https:\/\/draft.nuestrostories.com\/es\/","name":"Nuestro Stories","description":"Latino Heritage. Every Day.","potentialAction":[{"@type":"SearchAction","target":{"@type":"EntryPoint","urlTemplate":"https:\/\/draft.nuestrostories.com\/es\/?s={search_term_string}"},"query-input":{"@type":"PropertyValueSpecification","valueRequired":true,"valueName":"search_term_string"}}],"inLanguage":"es"},{"@type":"Person","@id":"https:\/\/draft.nuestrostories.com\/es\/#\/schema\/person\/b741b0e4e34088347d1fba305925ff68","name":"Rachel","image":{"@type":"ImageObject","inLanguage":"es","@id":"https:\/\/draft.nuestrostories.com\/es\/#\/schema\/person\/image\/","url":"https:\/\/draft.nuestrostories.com\/wp-content\/uploads\/2023\/06\/RachelBio-150x150.jpg","contentUrl":"https:\/\/draft.nuestrostories.com\/wp-content\/uploads\/2023\/06\/RachelBio-150x150.jpg","caption":"Rachel"},"description":"Olivia Monahan Chicana journalist, editor, educator, and organizer in Sacramento whose sole focus is to shed light on stories on our most impacted and marginalized communities, but even more importantly, for those stories to humanize those normally left out. She is an Ida B Wells Investigative Journalism Fellow 2022 Finalist, a member of the Parenting Journalists Society, and has bylines in The Courier, The Sacramento Bee, The Americano, Submerge Magazine among others.","url":"https:\/\/draft.nuestrostories.com\/es\/author\/rachel\/"}]}},"_links":{"self":[{"href":"https:\/\/draft.nuestrostories.com\/es\/wp-json\/wp\/v2\/posts\/14426","targetHints":{"allow":["GET"]}}],"collection":[{"href":"https:\/\/draft.nuestrostories.com\/es\/wp-json\/wp\/v2\/posts"}],"about":[{"href":"https:\/\/draft.nuestrostories.com\/es\/wp-json\/wp\/v2\/types\/post"}],"author":[{"embeddable":true,"href":"https:\/\/draft.nuestrostories.com\/es\/wp-json\/wp\/v2\/users\/4"}],"replies":[{"embeddable":true,"href":"https:\/\/draft.nuestrostories.com\/es\/wp-json\/wp\/v2\/comments?post=14426"}],"version-history":[{"count":1,"href":"https:\/\/draft.nuestrostories.com\/es\/wp-json\/wp\/v2\/posts\/14426\/revisions"}],"predecessor-version":[{"id":14428,"href":"https:\/\/draft.nuestrostories.com\/es\/wp-json\/wp\/v2\/posts\/14426\/revisions\/14428"}],"wp:featuredmedia":[{"embeddable":true,"href":"https:\/\/draft.nuestrostories.com\/es\/wp-json\/wp\/v2\/media\/10291"}],"wp:attachment":[{"href":"https:\/\/draft.nuestrostories.com\/es\/wp-json\/wp\/v2\/media?parent=14426"}],"wp:term":[{"taxonomy":"category","embeddable":true,"href":"https:\/\/draft.nuestrostories.com\/es\/wp-json\/wp\/v2\/categories?post=14426"},{"taxonomy":"post_tag","embeddable":true,"href":"https:\/\/draft.nuestrostories.com\/es\/wp-json\/wp\/v2\/tags?post=14426"}],"curies":[{"name":"wp","href":"https:\/\/api.w.org\/{rel}","templated":true}]}}