{"id":14346,"date":"2024-01-12T12:52:38","date_gmt":"2024-01-12T17:52:38","guid":{"rendered":"https:\/\/draft.nuestrostories.com\/\/?p=14346"},"modified":"2024-01-12T12:52:40","modified_gmt":"2024-01-12T17:52:40","slug":"como-pedro-pascal-se-convirtio-en-una-de-las-estrellas-latinas-mas-importantes-de-hollywood","status":"publish","type":"post","link":"https:\/\/draft.nuestrostories.com\/es\/2024\/01\/como-pedro-pascal-se-convirtio-en-una-de-las-estrellas-latinas-mas-importantes-de-hollywood\/","title":{"rendered":"C\u00f3mo Pedro Pascal se convirti\u00f3 en una de las estrellas latinas m\u00e1s importantes de Hollywood"},"content":{"rendered":"\n<p><em>Imagen cortes\u00eda de Nuestro Stories<\/em><\/p>\n\n\n\n<p>El actor chileno-estadounidense Pedro Pascal esper\u00f3 a\u00f1os para conseguir su gran oportunidad. Pas\u00f3 del anonimato a interpretar a Oberyn Martell en <em>Game of Thrones<\/em>, a Javier Pe\u00f1a en <em>Narcos<\/em> y a protagonizar la reci\u00e9n estrenada <em>The Great Wall<\/em>. Tambi\u00e9n tiene un papel principal en la secuela de <em>Kingsman<\/em>, que se estrenar\u00e1 este a\u00f1o, y participa en <em>The Last of Us<\/em> de HBO.<\/p>\n\n\n\n<p>Incluso fue nombrado uno de los hombres m\u00e1s sexys del a\u00f1o 2020 por la revista People.<\/p>\n\n\n\n<p>Pero la estrella dorada que confirm\u00f3 que lo hab\u00eda logrado fue la forma en que tom\u00f3 el control de <em>Saturday Night Live<\/em>. Se adue\u00f1\u00f3 del programa porque era el momento de Pascal.<\/p>\n\n\n\n<figure class=\"wp-block-embed is-type-video is-provider-youtube wp-block-embed-youtube wp-embed-aspect-16-9 wp-has-aspect-ratio\"><div class=\"wp-block-embed__wrapper\">\n<iframe loading=\"lazy\" title=\"Pedro Pascal\u2019s SNL First Impression Doesn\u2019t Go as Expected\" width=\"500\" height=\"281\" src=\"https:\/\/www.youtube.com\/embed\/8Wgcbw_q6N0?feature=oembed\" frameborder=\"0\" allow=\"accelerometer; autoplay; clipboard-write; encrypted-media; gyroscope; picture-in-picture; web-share\" referrerpolicy=\"strict-origin-when-cross-origin\" allowfullscreen><\/iframe>\n<\/div><\/figure>\n\n\n\n<p>Sin embargo, Pedro Pascal no es solo <a href=\"https:\/\/draft.nuestrostories.com\/\/?s=actor\">un actor talentoso<\/a> . Apoy\u00f3 dulcemente a su hermana Lux cuando ella se declar\u00f3 mujer transg\u00e9nero. Pascal public\u00f3 una foto de la portada en que apareci\u00f3 Lux para la revista en espa\u00f1ol Ya. Escribi\u00f3 en espa\u00f1ol: \u201cMi hermana, <a href=\"https:\/\/www.instagram.com\/p\/CLEnEL_jUL_\/\">mi coraz\u00f3n, nuestra Lux\u201d.<\/a><\/p>\n\n\n\n<h2 class=\"wp-block-heading\">Un hombre de su tiempo<\/h2>\n\n\n\n<p>Pedro Pascal, de 45 a\u00f1os, naci\u00f3 en Santiago de Chile y creci\u00f3 en San Antonio, Texas y en el condado de Orange, California. Creci\u00f3 so\u00f1ando con pel\u00edculas y amaba <em>Empire of the Sun<\/em>. En una entrevista reciente, dijo que no pod\u00eda dejar de hablar de pel\u00edculas, especialmente de <em>Empire of the Sun<\/em>.<\/p>\n\n\n\n<p>Despu\u00e9s del sangriento golpe del dictador chileno Augusto Pinochet en la d\u00e9cada de 1970, Pascal y su familia huyeron de la junta militar y se establecieron primero en Dinamarca y luego en San Antonio, Texas. Viv\u00eda con relativa comodidad: su padre era m\u00e9dico especialista en fertilidad y su madre, una ex psic\u00f3loga infantil.<\/p>\n\n\n\n<p>Cuando era ni\u00f1o, a Pascal le encantaba nadar y compet\u00eda en campeonatos estatales en Texas. M\u00e1s tarde se mud\u00f3 a California, tom\u00f3 algunas clases de actuaci\u00f3n y qued\u00f3 atrapado por este arte.<\/p>\n\n\n\n<p>Pedro Pascal asisti\u00f3 a la Universidad de Nueva York y, poco despu\u00e9s de graduarse, se sumergi\u00f3 en el mundo de la actuaci\u00f3n. Mientras estudiaba, su padre, su madre y sus hermanos regresaron a Chile. Lamentablemente, poco despu\u00e9s su madre muri\u00f3.<\/p>\n\n\n\n<p>El dinero escaseaba. Pascal pas\u00f3 a\u00f1os sobreviviendo en televisi\u00f3n (en series como <em>Buffy the Vampire Slayer<\/em> y <em>Touched by an Angel<\/em>) y trabajando en teatro.<\/p>\n\n\n\n<figure class=\"wp-block-embed is-type-video is-provider-youtube wp-block-embed-youtube wp-embed-aspect-16-9 wp-has-aspect-ratio\"><div class=\"wp-block-embed__wrapper\">\n<iframe loading=\"lazy\" title=\"Pedro Pascal as Dio in NYPD Blue (All Scenes)\" width=\"500\" height=\"281\" src=\"https:\/\/www.youtube.com\/embed\/PifPVQOFyZI?feature=oembed\" frameborder=\"0\" allow=\"accelerometer; autoplay; clipboard-write; encrypted-media; gyroscope; picture-in-picture; web-share\" referrerpolicy=\"strict-origin-when-cross-origin\" allowfullscreen><\/iframe>\n<\/div><\/figure>\n\n\n\n<p>Ahora, est\u00e1 aprovechando cada oportunidad que tiene.<\/p>\n\n\n\n<p>\"La m\u00e1s peque\u00f1a de las oportunidades me hizo seguir adelante\", dijo recientemente <a href=\"https:\/\/www.dispatch.com\/story\/entertainment\/local\/2017\/02\/28\/actor-pedro-pascal-waited-years\/22060880007\/\">en una entrevista<\/a> . \u201cTanto es as\u00ed que decid\u00ed luchar hasta que ya no pude caminar\u201d.<\/p>\n\n\n\n<p>Recordemos, tuvo su gran oportunidad a los 41 a\u00f1os. Pascal atribuye su \u00e9xito a su madre. \"Siempre fue incre\u00edblemente solidaria, nunca una madre obsesionada con el escenario\", le <a href=\"https:\/\/people.com\/tv\/the-mandalorian-pedro-pascal-credits-his-success-to-his-mom\/\">dijo Pascal a la revista People<\/a>. \"Siempre sent\u00ed que ella sab\u00eda algo que yo no sab\u00eda\".<\/p>\n\n\n\n<p>Ahora que el \u00e9xito ha llamado a su puerta, dice que el Covid le ense\u00f1\u00f3 una gran lecci\u00f3n. A\u00fan vive en la Ciudad de Nueva York y pas\u00f3 la mayor parte de la pandemia solo.<\/p>\n\n\n\n<p>\"Depend\u00ed de mis amigos como uno depender\u00eda de la comida y el agua\", dice. \"Porque estaba solo, me sent\u00ed un poco desconcertado y, en \u00faltima instancia, agradecido por todos mis amigos, viejos y nuevos. Estuvimos all\u00ed el uno para el otro. Eso es lo \u00fanico que importa\", le <a href=\"https:\/\/people.com\/tv\/the-mandalorian-pedro-pascal-credits-his-success-to-his-mom\/\">dijo a la revista People<\/a>.&nbsp;<\/p>\n\n\n\n<p>Los pies de Pascal parecen estar seguros en el suelo mientras su estrella se eleva.<\/p>\n\n\n\n<figure class=\"wp-block-embed\"><div class=\"wp-block-embed__wrapper\">\nhttps:\/\/draft.nuestrostories.com\/\/wp-content\/uploads\/2022\/06\/Susanne-182\u00d7250.jpeg\n<\/div><\/figure>\n\n\n\n<p><strong>Por Susanne Ram\u00edrez de Arellano<\/strong><\/p>\n\n\n\n<p>Susanne Ram\u00edrez de Arellano es una escritora y cr\u00edtica cultural que fue periodista, productora de televisi\u00f3n y directora de noticias. Vive entre San Juan y Nueva York y actualmente est\u00e1 haciendo su primer intento de escribir una novela.<\/p>\n","protected":false},"excerpt":{"rendered":"<p>Imagen cortes\u00eda de Nuestro Stories El actor chileno-estadounidense Pedro Pascal esper\u00f3 a\u00f1os para conseguir su gran oportunidad. Pas\u00f3 del anonimato a interpretar a Oberyn Martell en Game of Thrones, a Javier Pe\u00f1a en Narcos y a protagonizar la reci\u00e9n estrenada The Great Wall. Tambi\u00e9n tiene un papel principal en la secuela de Kingsman, que se [&hellip;]<\/p>\n","protected":false},"author":16,"featured_media":10299,"comment_status":"closed","ping_status":"open","sticky":false,"template":"","format":"standard","meta":{"_acf_changed":false,"footnotes":""},"categories":[1281],"tags":[],"class_list":["post-14346","post","type-post","status-publish","format-standard","has-post-thumbnail","hentry","category-featured-es"],"acf":[],"yoast_head":"<!-- This site is optimized with the Yoast SEO plugin v23.5 - https:\/\/yoast.com\/wordpress\/plugins\/seo\/ -->\n<title>C\u00f3mo Pedro Pascal se convirti\u00f3 en una de las estrellas latinas m\u00e1s importantes de Hollywood - Nuestro Stories<\/title>\n<meta name=\"robots\" content=\"index, follow, max-snippet:-1, max-image-preview:large, max-video-preview:-1\" \/>\n<link rel=\"canonical\" href=\"https:\/\/draft.nuestrostories.com\/es\/2024\/01\/como-pedro-pascal-se-convirtio-en-una-de-las-estrellas-latinas-mas-importantes-de-hollywood\/\" \/>\n<meta property=\"og:locale\" content=\"es_ES\" \/>\n<meta property=\"og:type\" content=\"article\" \/>\n<meta property=\"og:title\" content=\"C\u00f3mo Pedro Pascal se convirti\u00f3 en una de las estrellas latinas m\u00e1s importantes de Hollywood - Nuestro Stories\" \/>\n<meta property=\"og:description\" content=\"Imagen cortes\u00eda de Nuestro Stories El actor chileno-estadounidense Pedro Pascal esper\u00f3 a\u00f1os para conseguir su gran oportunidad. Pas\u00f3 del anonimato a interpretar a Oberyn Martell en Game of Thrones, a Javier Pe\u00f1a en Narcos y a protagonizar la reci\u00e9n estrenada The Great Wall. Tambi\u00e9n tiene un papel principal en la secuela de Kingsman, que se [&hellip;]\" \/>\n<meta property=\"og:url\" content=\"https:\/\/draft.nuestrostories.com\/es\/2024\/01\/como-pedro-pascal-se-convirtio-en-una-de-las-estrellas-latinas-mas-importantes-de-hollywood\/\" \/>\n<meta property=\"og:site_name\" content=\"Nuestro Stories\" \/>\n<meta property=\"article:published_time\" content=\"2024-01-12T17:52:38+00:00\" \/>\n<meta property=\"article:modified_time\" content=\"2024-01-12T17:52:40+00:00\" \/>\n<meta property=\"og:image\" content=\"https:\/\/draft.nuestrostories.com\/wp-content\/uploads\/2023\/02\/Pedro-Pascal.jpg\" \/>\n\t<meta property=\"og:image:width\" content=\"1910\" \/>\n\t<meta property=\"og:image:height\" content=\"1274\" \/>\n\t<meta property=\"og:image:type\" content=\"image\/jpeg\" \/>\n<meta name=\"author\" content=\"Susanne Ram\u00edrez de Arellano\" \/>\n<meta name=\"twitter:card\" content=\"summary_large_image\" \/>\n<meta name=\"twitter:label1\" content=\"Escrito por\" \/>\n\t<meta name=\"twitter:data1\" content=\"Susanne Ram\u00edrez de Arellano\" \/>\n\t<meta name=\"twitter:label2\" content=\"Tiempo de lectura\" \/>\n\t<meta name=\"twitter:data2\" content=\"3 minutos\" \/>\n<script type=\"application\/ld+json\" class=\"yoast-schema-graph\">{\"@context\":\"https:\/\/schema.org\",\"@graph\":[{\"@type\":\"WebPage\",\"@id\":\"https:\/\/draft.nuestrostories.com\/es\/2024\/01\/como-pedro-pascal-se-convirtio-en-una-de-las-estrellas-latinas-mas-importantes-de-hollywood\/\",\"url\":\"https:\/\/draft.nuestrostories.com\/es\/2024\/01\/como-pedro-pascal-se-convirtio-en-una-de-las-estrellas-latinas-mas-importantes-de-hollywood\/\",\"name\":\"C\u00f3mo Pedro Pascal se convirti\u00f3 en una de las estrellas latinas m\u00e1s importantes de Hollywood - Nuestro Stories\",\"isPartOf\":{\"@id\":\"https:\/\/draft.nuestrostories.com\/es\/#website\"},\"primaryImageOfPage\":{\"@id\":\"https:\/\/draft.nuestrostories.com\/es\/2024\/01\/como-pedro-pascal-se-convirtio-en-una-de-las-estrellas-latinas-mas-importantes-de-hollywood\/#primaryimage\"},\"image\":{\"@id\":\"https:\/\/draft.nuestrostories.com\/es\/2024\/01\/como-pedro-pascal-se-convirtio-en-una-de-las-estrellas-latinas-mas-importantes-de-hollywood\/#primaryimage\"},\"thumbnailUrl\":\"https:\/\/draft.nuestrostories.com\/wp-content\/uploads\/2023\/02\/Pedro-Pascal.jpg\",\"datePublished\":\"2024-01-12T17:52:38+00:00\",\"dateModified\":\"2024-01-12T17:52:40+00:00\",\"author\":{\"@id\":\"https:\/\/draft.nuestrostories.com\/es\/#\/schema\/person\/846bcb1c367047f3343023a22b6b0f9d\"},\"breadcrumb\":{\"@id\":\"https:\/\/draft.nuestrostories.com\/es\/2024\/01\/como-pedro-pascal-se-convirtio-en-una-de-las-estrellas-latinas-mas-importantes-de-hollywood\/#breadcrumb\"},\"inLanguage\":\"es\",\"potentialAction\":[{\"@type\":\"ReadAction\",\"target\":[\"https:\/\/draft.nuestrostories.com\/es\/2024\/01\/como-pedro-pascal-se-convirtio-en-una-de-las-estrellas-latinas-mas-importantes-de-hollywood\/\"]}]},{\"@type\":\"ImageObject\",\"inLanguage\":\"es\",\"@id\":\"https:\/\/draft.nuestrostories.com\/es\/2024\/01\/como-pedro-pascal-se-convirtio-en-una-de-las-estrellas-latinas-mas-importantes-de-hollywood\/#primaryimage\",\"url\":\"https:\/\/draft.nuestrostories.com\/wp-content\/uploads\/2023\/02\/Pedro-Pascal.jpg\",\"contentUrl\":\"https:\/\/draft.nuestrostories.com\/wp-content\/uploads\/2023\/02\/Pedro-Pascal.jpg\",\"width\":1910,\"height\":1274,\"caption\":\"Image courtesy of Nuestro Stories.\"},{\"@type\":\"BreadcrumbList\",\"@id\":\"https:\/\/draft.nuestrostories.com\/es\/2024\/01\/como-pedro-pascal-se-convirtio-en-una-de-las-estrellas-latinas-mas-importantes-de-hollywood\/#breadcrumb\",\"itemListElement\":[{\"@type\":\"ListItem\",\"position\":1,\"name\":\"Home\",\"item\":\"https:\/\/draft.nuestrostories.com\/es\/\"},{\"@type\":\"ListItem\",\"position\":2,\"name\":\"C\u00f3mo Pedro Pascal se convirti\u00f3 en una de las estrellas latinas m\u00e1s importantes de Hollywood\"}]},{\"@type\":\"WebSite\",\"@id\":\"https:\/\/draft.nuestrostories.com\/es\/#website\",\"url\":\"https:\/\/draft.nuestrostories.com\/es\/\",\"name\":\"Nuestro Stories\",\"description\":\"Latino Heritage. Every Day.\",\"potentialAction\":[{\"@type\":\"SearchAction\",\"target\":{\"@type\":\"EntryPoint\",\"urlTemplate\":\"https:\/\/draft.nuestrostories.com\/es\/?s={search_term_string}\"},\"query-input\":{\"@type\":\"PropertyValueSpecification\",\"valueRequired\":true,\"valueName\":\"search_term_string\"}}],\"inLanguage\":\"es\"},{\"@type\":\"Person\",\"@id\":\"https:\/\/draft.nuestrostories.com\/es\/#\/schema\/person\/846bcb1c367047f3343023a22b6b0f9d\",\"name\":\"Susanne Ram\u00edrez de Arellano\",\"image\":{\"@type\":\"ImageObject\",\"inLanguage\":\"es\",\"@id\":\"https:\/\/draft.nuestrostories.com\/es\/#\/schema\/person\/image\/\",\"url\":\"https:\/\/draft.nuestrostories.com\/wp-content\/uploads\/2022\/06\/Susanne-150x150.jpeg\",\"contentUrl\":\"https:\/\/draft.nuestrostories.com\/wp-content\/uploads\/2022\/06\/Susanne-150x150.jpeg\",\"caption\":\"Susanne Ram\u00edrez de Arellano\"},\"description\":\"Susanne Ramirez de Arellano is a writer and cultural critic who used to be a journalist, television producer, and news director. She lives between San Juan and New York and is, at present, making her first attempt at writing a novel.\",\"url\":\"https:\/\/draft.nuestrostories.com\/es\/author\/susanne-ramirez-de-arellano\/\"}]}<\/script>\n<!-- \/ Yoast SEO plugin. -->","yoast_head_json":{"title":"C\u00f3mo Pedro Pascal se convirti\u00f3 en una de las estrellas latinas m\u00e1s importantes de Hollywood - Nuestro Stories","robots":{"index":"index","follow":"follow","max-snippet":"max-snippet:-1","max-image-preview":"max-image-preview:large","max-video-preview":"max-video-preview:-1"},"canonical":"https:\/\/draft.nuestrostories.com\/es\/2024\/01\/como-pedro-pascal-se-convirtio-en-una-de-las-estrellas-latinas-mas-importantes-de-hollywood\/","og_locale":"es_ES","og_type":"article","og_title":"C\u00f3mo Pedro Pascal se convirti\u00f3 en una de las estrellas latinas m\u00e1s importantes de Hollywood - Nuestro Stories","og_description":"Imagen cortes\u00eda de Nuestro Stories El actor chileno-estadounidense Pedro Pascal esper\u00f3 a\u00f1os para conseguir su gran oportunidad. Pas\u00f3 del anonimato a interpretar a Oberyn Martell en Game of Thrones, a Javier Pe\u00f1a en Narcos y a protagonizar la reci\u00e9n estrenada The Great Wall. Tambi\u00e9n tiene un papel principal en la secuela de Kingsman, que se [&hellip;]","og_url":"https:\/\/draft.nuestrostories.com\/es\/2024\/01\/como-pedro-pascal-se-convirtio-en-una-de-las-estrellas-latinas-mas-importantes-de-hollywood\/","og_site_name":"Nuestro Stories","article_published_time":"2024-01-12T17:52:38+00:00","article_modified_time":"2024-01-12T17:52:40+00:00","og_image":[{"width":1910,"height":1274,"url":"https:\/\/draft.nuestrostories.com\/wp-content\/uploads\/2023\/02\/Pedro-Pascal.jpg","type":"image\/jpeg"}],"author":"Susanne Ram\u00edrez de Arellano","twitter_card":"summary_large_image","twitter_misc":{"Escrito por":"Susanne Ram\u00edrez de Arellano","Tiempo de lectura":"3 minutos"},"schema":{"@context":"https:\/\/schema.org","@graph":[{"@type":"WebPage","@id":"https:\/\/draft.nuestrostories.com\/es\/2024\/01\/como-pedro-pascal-se-convirtio-en-una-de-las-estrellas-latinas-mas-importantes-de-hollywood\/","url":"https:\/\/draft.nuestrostories.com\/es\/2024\/01\/como-pedro-pascal-se-convirtio-en-una-de-las-estrellas-latinas-mas-importantes-de-hollywood\/","name":"C\u00f3mo Pedro Pascal se convirti\u00f3 en una de las estrellas latinas m\u00e1s importantes de Hollywood - Nuestro Stories","isPartOf":{"@id":"https:\/\/draft.nuestrostories.com\/es\/#website"},"primaryImageOfPage":{"@id":"https:\/\/draft.nuestrostories.com\/es\/2024\/01\/como-pedro-pascal-se-convirtio-en-una-de-las-estrellas-latinas-mas-importantes-de-hollywood\/#primaryimage"},"image":{"@id":"https:\/\/draft.nuestrostories.com\/es\/2024\/01\/como-pedro-pascal-se-convirtio-en-una-de-las-estrellas-latinas-mas-importantes-de-hollywood\/#primaryimage"},"thumbnailUrl":"https:\/\/draft.nuestrostories.com\/wp-content\/uploads\/2023\/02\/Pedro-Pascal.jpg","datePublished":"2024-01-12T17:52:38+00:00","dateModified":"2024-01-12T17:52:40+00:00","author":{"@id":"https:\/\/draft.nuestrostories.com\/es\/#\/schema\/person\/846bcb1c367047f3343023a22b6b0f9d"},"breadcrumb":{"@id":"https:\/\/draft.nuestrostories.com\/es\/2024\/01\/como-pedro-pascal-se-convirtio-en-una-de-las-estrellas-latinas-mas-importantes-de-hollywood\/#breadcrumb"},"inLanguage":"es","potentialAction":[{"@type":"ReadAction","target":["https:\/\/draft.nuestrostories.com\/es\/2024\/01\/como-pedro-pascal-se-convirtio-en-una-de-las-estrellas-latinas-mas-importantes-de-hollywood\/"]}]},{"@type":"ImageObject","inLanguage":"es","@id":"https:\/\/draft.nuestrostories.com\/es\/2024\/01\/como-pedro-pascal-se-convirtio-en-una-de-las-estrellas-latinas-mas-importantes-de-hollywood\/#primaryimage","url":"https:\/\/draft.nuestrostories.com\/wp-content\/uploads\/2023\/02\/Pedro-Pascal.jpg","contentUrl":"https:\/\/draft.nuestrostories.com\/wp-content\/uploads\/2023\/02\/Pedro-Pascal.jpg","width":1910,"height":1274,"caption":"Image courtesy of Nuestro Stories."},{"@type":"BreadcrumbList","@id":"https:\/\/draft.nuestrostories.com\/es\/2024\/01\/como-pedro-pascal-se-convirtio-en-una-de-las-estrellas-latinas-mas-importantes-de-hollywood\/#breadcrumb","itemListElement":[{"@type":"ListItem","position":1,"name":"Home","item":"https:\/\/draft.nuestrostories.com\/es\/"},{"@type":"ListItem","position":2,"name":"C\u00f3mo Pedro Pascal se convirti\u00f3 en una de las estrellas latinas m\u00e1s importantes de Hollywood"}]},{"@type":"WebSite","@id":"https:\/\/draft.nuestrostories.com\/es\/#website","url":"https:\/\/draft.nuestrostories.com\/es\/","name":"Nuestro Stories","description":"Latino Heritage. Every Day.","potentialAction":[{"@type":"SearchAction","target":{"@type":"EntryPoint","urlTemplate":"https:\/\/draft.nuestrostories.com\/es\/?s={search_term_string}"},"query-input":{"@type":"PropertyValueSpecification","valueRequired":true,"valueName":"search_term_string"}}],"inLanguage":"es"},{"@type":"Person","@id":"https:\/\/draft.nuestrostories.com\/es\/#\/schema\/person\/846bcb1c367047f3343023a22b6b0f9d","name":"Susanne Ram\u00edrez de Arellano","image":{"@type":"ImageObject","inLanguage":"es","@id":"https:\/\/draft.nuestrostories.com\/es\/#\/schema\/person\/image\/","url":"https:\/\/draft.nuestrostories.com\/wp-content\/uploads\/2022\/06\/Susanne-150x150.jpeg","contentUrl":"https:\/\/draft.nuestrostories.com\/wp-content\/uploads\/2022\/06\/Susanne-150x150.jpeg","caption":"Susanne Ram\u00edrez de Arellano"},"description":"Susanne Ramirez de Arellano is a writer and cultural critic who used to be a journalist, television producer, and news director. She lives between San Juan and New York and is, at present, making her first attempt at writing a novel.","url":"https:\/\/draft.nuestrostories.com\/es\/author\/susanne-ramirez-de-arellano\/"}]}},"_links":{"self":[{"href":"https:\/\/draft.nuestrostories.com\/es\/wp-json\/wp\/v2\/posts\/14346","targetHints":{"allow":["GET"]}}],"collection":[{"href":"https:\/\/draft.nuestrostories.com\/es\/wp-json\/wp\/v2\/posts"}],"about":[{"href":"https:\/\/draft.nuestrostories.com\/es\/wp-json\/wp\/v2\/types\/post"}],"author":[{"embeddable":true,"href":"https:\/\/draft.nuestrostories.com\/es\/wp-json\/wp\/v2\/users\/16"}],"replies":[{"embeddable":true,"href":"https:\/\/draft.nuestrostories.com\/es\/wp-json\/wp\/v2\/comments?post=14346"}],"version-history":[{"count":1,"href":"https:\/\/draft.nuestrostories.com\/es\/wp-json\/wp\/v2\/posts\/14346\/revisions"}],"predecessor-version":[{"id":14348,"href":"https:\/\/draft.nuestrostories.com\/es\/wp-json\/wp\/v2\/posts\/14346\/revisions\/14348"}],"wp:featuredmedia":[{"embeddable":true,"href":"https:\/\/draft.nuestrostories.com\/es\/wp-json\/wp\/v2\/media\/10299"}],"wp:attachment":[{"href":"https:\/\/draft.nuestrostories.com\/es\/wp-json\/wp\/v2\/media?parent=14346"}],"wp:term":[{"taxonomy":"category","embeddable":true,"href":"https:\/\/draft.nuestrostories.com\/es\/wp-json\/wp\/v2\/categories?post=14346"},{"taxonomy":"post_tag","embeddable":true,"href":"https:\/\/draft.nuestrostories.com\/es\/wp-json\/wp\/v2\/tags?post=14346"}],"curies":[{"name":"wp","href":"https:\/\/api.w.org\/{rel}","templated":true}]}}