{"id":14336,"date":"2024-01-12T09:00:00","date_gmt":"2024-01-12T14:00:00","guid":{"rendered":"https:\/\/draft.nuestrostories.com\/\/?p=14336"},"modified":"2024-01-12T10:19:25","modified_gmt":"2024-01-12T15:19:25","slug":"los-arrestos-de-frida-kahlo-y-su-resiliencia-artistica","status":"publish","type":"post","link":"https:\/\/draft.nuestrostories.com\/es\/2024\/01\/los-arrestos-de-frida-kahlo-y-su-resiliencia-artistica\/","title":{"rendered":"Los arrestos de Frida Kahlo y su resiliencia art\u00edstica"},"content":{"rendered":"\n<p>La artista mexicana e icono feminista Frida Kahlo es probablemente la artista m\u00e1s famosa del mundo.<\/p>\n\n\n\n<p>En la \u00faltima d\u00e9cada, sus obras se han <a href=\"https:\/\/youtu.be\/jg2JMKyDa1o?si=nExugQACrN2ywkcR\">vendido por millones de d\u00f3lares<\/a> en subastas, batiendo r\u00e9cords entre los cuadros de artistas latinoamericanos. Y a menudo se celebran detalles de su vida en libros, obras de teatro, \u00f3peras e incluso exposiciones de jardiner\u00eda.<\/p>\n\n\n\n<figure class=\"wp-block-embed is-type-video is-provider-youtube wp-block-embed-youtube wp-embed-aspect-16-9 wp-has-aspect-ratio\"><div class=\"wp-block-embed__wrapper\">\n<iframe loading=\"lazy\" title=\"Frida Kahlo\u2019s \u2018Diego and I\u2019 Breaks Records With $34.9 Million Sale\" width=\"500\" height=\"281\" src=\"https:\/\/www.youtube.com\/embed\/k64APLZEZu8?feature=oembed\" frameborder=\"0\" allow=\"accelerometer; autoplay; clipboard-write; encrypted-media; gyroscope; picture-in-picture; web-share\" referrerpolicy=\"strict-origin-when-cross-origin\" allowfullscreen><\/iframe>\n<\/div><\/figure>\n\n\n\n<p>Sin embargo, entretejidos en el tapiz de su existencia, a\u00fan hay secretos menos conocidos, que se revelan con el paso del tiempo.<\/p>\n\n\n\n<p>Uno de esos grandes secretos son los d\u00edas que pas\u00f3 en la c\u00e1rcel, arrestada.<\/p>\n\n\n\n<h2 class=\"wp-block-heading\"><strong>Frida Kahlo en la c\u00e1rcel<\/strong><\/h2>\n\n\n\n<p>Algunas fuentes afirman que Kahlo fue arrestada tres veces en su vida: dos por motivos pol\u00edticos y una por asesinato.<\/p>\n\n\n\n<p>Algunas fuentes afirman que la primera vez que arrestaron a Kahlo fue en 1932, junto con su novio, Alejandro G\u00f3mez Arias, que era un activista estudiantil.<\/p>\n\n\n\n<p>\"En julio de 1932, la artista mexicana Frida Kahlo fue arrestada y encarcelada por su papel en un levantamiento estudiantil en su escuela, la Escuela Nacional Preparatoria\", escribe una galer\u00eda de bellas artes en el \u00e1rea metropolitana de Washington D.C. \"El levantamiento se produjo en protesta por el trato que el gobierno daba a los presos pol\u00edticos. Kahlo y sus compa\u00f1eros fueron liberados a los pocos d\u00edas...\".<\/p>\n\n\n\n<p>En agosto, un mes despu\u00e9s, algunos dicen que enfrent\u00f3 otro arresto debido a su participaci\u00f3n en una protesta contra el cierre de la Escuela Nacional Preparatoria por parte del gobierno. <\/p>\n\n\n\n<p>\"Estuvo detenida una semana antes de ser puesta en libertad bajo fianza\", explica <a href=\"https:\/\/huckleberryfineart.com\/\">Huckleberry Fine Art<\/a>.<\/p>\n\n\n\n<h2 class=\"wp-block-heading\"><strong>Es arrestada por un brutal asesinato<\/strong><\/h2>\n\n\n\n<p>En el verano de 1940, Kahlo fue arrestada de nuevo. Esta vez, por asesinato.<\/p>\n\n\n\n<p>\"Despu\u00e9s de que el espa\u00f1ol Ram\u00f3n Mercader asesinara a Trotsky, Frida Kahlo y su hermana Cristina Kahlo pasaron dos d\u00edas en la c\u00e1rcel tras horas de interrogatorio\", explica <a href=\"https:\/\/english.elpais.com\/culture\/2023-07-15\/frida-kahlo-her-accident-inspiration-and-legacy-in-the-art-world.html\">El Pa\u00eds<\/a>.<\/p>\n\n\n\n<p>La polic\u00eda de Ciudad de M\u00e9xico la consideraba posible c\u00f3mplice del asesinato del aguerrido revolucionario ruso Le\u00f3n Trotsky.<\/p>\n\n\n\n<p>Pocos d\u00edas antes del arresto de Kahlo, Trotsky hab\u00eda tenido un final espantoso, atacado mortalmente con un picahielo. <\/p>\n\n\n\n<p>\"Su asesinato \u2013y la implicaci\u00f3n de ella en el crimen\u2013 fue un giro dram\u00e1tico de los acontecimientos, sobre todo teniendo en cuenta que Kahlo y Trotsky hab\u00edan sido vertiginosos amantes solo tres a\u00f1os antes; ella incluso le hab\u00eda dedicado un impresionante <a href=\"https:\/\/nmwa.org\/works\/self-portrait-dedicated-leon-trotsky\">autorretrato<\/a>\", escribe <a href=\"https:\/\/www.artsy.net\/article\/artsy-editorial-frida-kahlos-love-affair-communist-revolutionary-impacted-art\">Artsy.net<\/a>.<\/p>\n\n\n\n<figure class=\"wp-block-embed is-type-video is-provider-youtube wp-block-embed-youtube wp-embed-aspect-16-9 wp-has-aspect-ratio\"><div class=\"wp-block-embed__wrapper\">\n<iframe loading=\"lazy\" title=\"Frida Kahlo - Self-Portrait Dedicated to Leon Trotsky\" width=\"500\" height=\"281\" src=\"https:\/\/www.youtube.com\/embed\/SUgJlO0wj-g?feature=oembed\" frameborder=\"0\" allow=\"accelerometer; autoplay; clipboard-write; encrypted-media; gyroscope; picture-in-picture; web-share\" referrerpolicy=\"strict-origin-when-cross-origin\" allowfullscreen><\/iframe>\n<\/div><\/figure>\n\n\n\n<p>Kahlo y su esposo, el famoso muralista Diego Rivera, conocieron al revolucionario ruso en 1937.<\/p>\n\n\n\n<p>\"Fue Rivera quien convenci\u00f3 al presidente mexicano L\u00e1zaro C\u00e1rdenas para que ofreciera a Trotsky asilo pol\u00edtico en M\u00e9xico\", explica Artsy.net.<\/p>\n\n\n\n<p>Durante varios a\u00f1os, Trotsky y su esposa residieron en la Casa Azul de la pareja, donde se desarroll\u00f3 un inesperado enredo rom\u00e1ntico entre Trotsky y Kahlo.<\/p>\n\n\n\n<p>\"En 1940, \u00e9l fue asesinado y Kahlo, junto con su hermana, fue encarcelada brevemente como sospechosa. Aunque conoc\u00eda al hombre que cometi\u00f3 el asesinato, finalmente fue absuelta y puesta en libertad al cabo de dos d\u00edas\", escribe <a href=\"https:\/\/mymodernmet.com\/frida-kahlo-facts\/\">My Modern Met<\/a>.<\/p>\n\n\n\n<p>Curiosamente, Rivera tambi\u00e9n iba a ser arrestado.<\/p>\n\n\n\n<p>\"Cuando Diego se ve implicado en un intento de acabar con la vida de Trotsky, huye a San Francisco, dejando a Frida en Ciudad de M\u00e9xico, donde finalmente es arrestada\", escribe WPBS.<\/p>\n\n\n\n<p>Aunque los arrestos de Kahlo a\u00f1aden intriga a su enmara\u00f1ada vida, es de esperar que sus pinturas sigan defini\u00e9ndola. <\/p>\n\n\n\n<p>\"La pintura complet\u00f3 mi vida\", dijo Kahlo en una ocasi\u00f3n.<\/p>\n","protected":false},"excerpt":{"rendered":"<p>La artista mexicana e icono feminista Frida Kahlo es probablemente la artista m\u00e1s famosa del mundo. En la \u00faltima d\u00e9cada, sus obras se han vendido por millones de d\u00f3lares en subastas, batiendo r\u00e9cords entre los cuadros de artistas latinoamericanos. Y a menudo se celebran detalles de su vida en libros, obras de teatro, \u00f3peras e [&hellip;]<\/p>\n","protected":false},"author":6,"featured_media":14291,"comment_status":"closed","ping_status":"open","sticky":false,"template":"","format":"standard","meta":{"_acf_changed":false,"footnotes":""},"categories":[1266],"tags":[],"class_list":["post-14336","post","type-post","status-publish","format-standard","has-post-thumbnail","hentry","category-sin-categorizar"],"acf":[],"yoast_head":"<!-- This site is optimized with the Yoast SEO plugin v23.5 - https:\/\/yoast.com\/wordpress\/plugins\/seo\/ -->\n<title>Los arrestos de Frida Kahlo y su resiliencia art\u00edstica - Nuestro Stories<\/title>\n<meta name=\"robots\" content=\"index, follow, max-snippet:-1, max-image-preview:large, max-video-preview:-1\" \/>\n<link rel=\"canonical\" href=\"https:\/\/draft.nuestrostories.com\/es\/2024\/01\/los-arrestos-de-frida-kahlo-y-su-resiliencia-artistica\/\" \/>\n<meta property=\"og:locale\" content=\"es_ES\" \/>\n<meta property=\"og:type\" content=\"article\" \/>\n<meta property=\"og:title\" content=\"Los arrestos de Frida Kahlo y su resiliencia art\u00edstica - Nuestro Stories\" \/>\n<meta property=\"og:description\" content=\"La artista mexicana e icono feminista Frida Kahlo es probablemente la artista m\u00e1s famosa del mundo. En la \u00faltima d\u00e9cada, sus obras se han vendido por millones de d\u00f3lares en subastas, batiendo r\u00e9cords entre los cuadros de artistas latinoamericanos. Y a menudo se celebran detalles de su vida en libros, obras de teatro, \u00f3peras e [&hellip;]\" \/>\n<meta property=\"og:url\" content=\"https:\/\/draft.nuestrostories.com\/es\/2024\/01\/los-arrestos-de-frida-kahlo-y-su-resiliencia-artistica\/\" \/>\n<meta property=\"og:site_name\" content=\"Nuestro Stories\" \/>\n<meta property=\"article:published_time\" content=\"2024-01-12T14:00:00+00:00\" \/>\n<meta property=\"article:modified_time\" content=\"2024-01-12T15:19:25+00:00\" \/>\n<meta property=\"og:image\" content=\"https:\/\/draft.nuestrostories.com\/wp-content\/uploads\/2024\/01\/Frida-Friday-2-1024x576.png\" \/>\n\t<meta property=\"og:image:width\" content=\"1024\" \/>\n\t<meta property=\"og:image:height\" content=\"576\" \/>\n\t<meta property=\"og:image:type\" content=\"image\/png\" \/>\n<meta name=\"author\" content=\"Catherine A. Jones\" \/>\n<meta name=\"twitter:card\" content=\"summary_large_image\" \/>\n<meta name=\"twitter:label1\" content=\"Escrito por\" \/>\n\t<meta name=\"twitter:data1\" content=\"Catherine A. Jones\" \/>\n\t<meta name=\"twitter:label2\" content=\"Tiempo de lectura\" \/>\n\t<meta name=\"twitter:data2\" content=\"3 minutos\" \/>\n<script type=\"application\/ld+json\" class=\"yoast-schema-graph\">{\"@context\":\"https:\/\/schema.org\",\"@graph\":[{\"@type\":\"WebPage\",\"@id\":\"https:\/\/draft.nuestrostories.com\/es\/2024\/01\/los-arrestos-de-frida-kahlo-y-su-resiliencia-artistica\/\",\"url\":\"https:\/\/draft.nuestrostories.com\/es\/2024\/01\/los-arrestos-de-frida-kahlo-y-su-resiliencia-artistica\/\",\"name\":\"Los arrestos de Frida Kahlo y su resiliencia art\u00edstica - Nuestro Stories\",\"isPartOf\":{\"@id\":\"https:\/\/draft.nuestrostories.com\/es\/#website\"},\"primaryImageOfPage\":{\"@id\":\"https:\/\/draft.nuestrostories.com\/es\/2024\/01\/los-arrestos-de-frida-kahlo-y-su-resiliencia-artistica\/#primaryimage\"},\"image\":{\"@id\":\"https:\/\/draft.nuestrostories.com\/es\/2024\/01\/los-arrestos-de-frida-kahlo-y-su-resiliencia-artistica\/#primaryimage\"},\"thumbnailUrl\":\"https:\/\/draft.nuestrostories.com\/wp-content\/uploads\/2024\/01\/Frida-Friday-2.png\",\"datePublished\":\"2024-01-12T14:00:00+00:00\",\"dateModified\":\"2024-01-12T15:19:25+00:00\",\"author\":{\"@id\":\"https:\/\/draft.nuestrostories.com\/es\/#\/schema\/person\/e086ff88b42096a6b00a2dcb2ebd7444\"},\"breadcrumb\":{\"@id\":\"https:\/\/draft.nuestrostories.com\/es\/2024\/01\/los-arrestos-de-frida-kahlo-y-su-resiliencia-artistica\/#breadcrumb\"},\"inLanguage\":\"es\",\"potentialAction\":[{\"@type\":\"ReadAction\",\"target\":[\"https:\/\/draft.nuestrostories.com\/es\/2024\/01\/los-arrestos-de-frida-kahlo-y-su-resiliencia-artistica\/\"]}]},{\"@type\":\"ImageObject\",\"inLanguage\":\"es\",\"@id\":\"https:\/\/draft.nuestrostories.com\/es\/2024\/01\/los-arrestos-de-frida-kahlo-y-su-resiliencia-artistica\/#primaryimage\",\"url\":\"https:\/\/draft.nuestrostories.com\/wp-content\/uploads\/2024\/01\/Frida-Friday-2.png\",\"contentUrl\":\"https:\/\/draft.nuestrostories.com\/wp-content\/uploads\/2024\/01\/Frida-Friday-2.png\",\"width\":2000,\"height\":1125},{\"@type\":\"BreadcrumbList\",\"@id\":\"https:\/\/draft.nuestrostories.com\/es\/2024\/01\/los-arrestos-de-frida-kahlo-y-su-resiliencia-artistica\/#breadcrumb\",\"itemListElement\":[{\"@type\":\"ListItem\",\"position\":1,\"name\":\"Home\",\"item\":\"https:\/\/draft.nuestrostories.com\/es\/\"},{\"@type\":\"ListItem\",\"position\":2,\"name\":\"Los arrestos de Frida Kahlo y su resiliencia art\u00edstica\"}]},{\"@type\":\"WebSite\",\"@id\":\"https:\/\/draft.nuestrostories.com\/es\/#website\",\"url\":\"https:\/\/draft.nuestrostories.com\/es\/\",\"name\":\"Nuestro Stories\",\"description\":\"Latino Heritage. Every Day.\",\"potentialAction\":[{\"@type\":\"SearchAction\",\"target\":{\"@type\":\"EntryPoint\",\"urlTemplate\":\"https:\/\/draft.nuestrostories.com\/es\/?s={search_term_string}\"},\"query-input\":{\"@type\":\"PropertyValueSpecification\",\"valueRequired\":true,\"valueName\":\"search_term_string\"}}],\"inLanguage\":\"es\"},{\"@type\":\"Person\",\"@id\":\"https:\/\/draft.nuestrostories.com\/es\/#\/schema\/person\/e086ff88b42096a6b00a2dcb2ebd7444\",\"name\":\"Catherine A. Jones\",\"image\":{\"@type\":\"ImageObject\",\"inLanguage\":\"es\",\"@id\":\"https:\/\/draft.nuestrostories.com\/es\/#\/schema\/person\/image\/\",\"url\":\"https:\/\/draft.nuestrostories.com\/wp-content\/uploads\/2023\/10\/IMG_20231112_232913-96x96.jpg\",\"contentUrl\":\"https:\/\/draft.nuestrostories.com\/wp-content\/uploads\/2023\/10\/IMG_20231112_232913-96x96.jpg\",\"caption\":\"Catherine A. Jones\"},\"description\":\"Cathy\u2019s writing has appeared in The Washington Post Magazine, USA Weekend, People, Romper.com, The Miami New Times, and dozens of other media publications and online sites. Her opinion pieces have appeared on Today.com, El Tiempo Latino, and more.\",\"url\":\"https:\/\/draft.nuestrostories.com\/es\/author\/cathy\/\"}]}<\/script>\n<!-- \/ Yoast SEO plugin. -->","yoast_head_json":{"title":"Los arrestos de Frida Kahlo y su resiliencia art\u00edstica - Nuestro Stories","robots":{"index":"index","follow":"follow","max-snippet":"max-snippet:-1","max-image-preview":"max-image-preview:large","max-video-preview":"max-video-preview:-1"},"canonical":"https:\/\/draft.nuestrostories.com\/es\/2024\/01\/los-arrestos-de-frida-kahlo-y-su-resiliencia-artistica\/","og_locale":"es_ES","og_type":"article","og_title":"Los arrestos de Frida Kahlo y su resiliencia art\u00edstica - Nuestro Stories","og_description":"La artista mexicana e icono feminista Frida Kahlo es probablemente la artista m\u00e1s famosa del mundo. En la \u00faltima d\u00e9cada, sus obras se han vendido por millones de d\u00f3lares en subastas, batiendo r\u00e9cords entre los cuadros de artistas latinoamericanos. Y a menudo se celebran detalles de su vida en libros, obras de teatro, \u00f3peras e [&hellip;]","og_url":"https:\/\/draft.nuestrostories.com\/es\/2024\/01\/los-arrestos-de-frida-kahlo-y-su-resiliencia-artistica\/","og_site_name":"Nuestro Stories","article_published_time":"2024-01-12T14:00:00+00:00","article_modified_time":"2024-01-12T15:19:25+00:00","og_image":[{"width":1024,"height":576,"url":"https:\/\/draft.nuestrostories.com\/wp-content\/uploads\/2024\/01\/Frida-Friday-2-1024x576.png","type":"image\/png"}],"author":"Catherine A. Jones","twitter_card":"summary_large_image","twitter_misc":{"Escrito por":"Catherine A. Jones","Tiempo de lectura":"3 minutos"},"schema":{"@context":"https:\/\/schema.org","@graph":[{"@type":"WebPage","@id":"https:\/\/draft.nuestrostories.com\/es\/2024\/01\/los-arrestos-de-frida-kahlo-y-su-resiliencia-artistica\/","url":"https:\/\/draft.nuestrostories.com\/es\/2024\/01\/los-arrestos-de-frida-kahlo-y-su-resiliencia-artistica\/","name":"Los arrestos de Frida Kahlo y su resiliencia art\u00edstica - Nuestro Stories","isPartOf":{"@id":"https:\/\/draft.nuestrostories.com\/es\/#website"},"primaryImageOfPage":{"@id":"https:\/\/draft.nuestrostories.com\/es\/2024\/01\/los-arrestos-de-frida-kahlo-y-su-resiliencia-artistica\/#primaryimage"},"image":{"@id":"https:\/\/draft.nuestrostories.com\/es\/2024\/01\/los-arrestos-de-frida-kahlo-y-su-resiliencia-artistica\/#primaryimage"},"thumbnailUrl":"https:\/\/draft.nuestrostories.com\/wp-content\/uploads\/2024\/01\/Frida-Friday-2.png","datePublished":"2024-01-12T14:00:00+00:00","dateModified":"2024-01-12T15:19:25+00:00","author":{"@id":"https:\/\/draft.nuestrostories.com\/es\/#\/schema\/person\/e086ff88b42096a6b00a2dcb2ebd7444"},"breadcrumb":{"@id":"https:\/\/draft.nuestrostories.com\/es\/2024\/01\/los-arrestos-de-frida-kahlo-y-su-resiliencia-artistica\/#breadcrumb"},"inLanguage":"es","potentialAction":[{"@type":"ReadAction","target":["https:\/\/draft.nuestrostories.com\/es\/2024\/01\/los-arrestos-de-frida-kahlo-y-su-resiliencia-artistica\/"]}]},{"@type":"ImageObject","inLanguage":"es","@id":"https:\/\/draft.nuestrostories.com\/es\/2024\/01\/los-arrestos-de-frida-kahlo-y-su-resiliencia-artistica\/#primaryimage","url":"https:\/\/draft.nuestrostories.com\/wp-content\/uploads\/2024\/01\/Frida-Friday-2.png","contentUrl":"https:\/\/draft.nuestrostories.com\/wp-content\/uploads\/2024\/01\/Frida-Friday-2.png","width":2000,"height":1125},{"@type":"BreadcrumbList","@id":"https:\/\/draft.nuestrostories.com\/es\/2024\/01\/los-arrestos-de-frida-kahlo-y-su-resiliencia-artistica\/#breadcrumb","itemListElement":[{"@type":"ListItem","position":1,"name":"Home","item":"https:\/\/draft.nuestrostories.com\/es\/"},{"@type":"ListItem","position":2,"name":"Los arrestos de Frida Kahlo y su resiliencia art\u00edstica"}]},{"@type":"WebSite","@id":"https:\/\/draft.nuestrostories.com\/es\/#website","url":"https:\/\/draft.nuestrostories.com\/es\/","name":"Nuestro Stories","description":"Latino Heritage. Every Day.","potentialAction":[{"@type":"SearchAction","target":{"@type":"EntryPoint","urlTemplate":"https:\/\/draft.nuestrostories.com\/es\/?s={search_term_string}"},"query-input":{"@type":"PropertyValueSpecification","valueRequired":true,"valueName":"search_term_string"}}],"inLanguage":"es"},{"@type":"Person","@id":"https:\/\/draft.nuestrostories.com\/es\/#\/schema\/person\/e086ff88b42096a6b00a2dcb2ebd7444","name":"Catherine A. Jones","image":{"@type":"ImageObject","inLanguage":"es","@id":"https:\/\/draft.nuestrostories.com\/es\/#\/schema\/person\/image\/","url":"https:\/\/draft.nuestrostories.com\/wp-content\/uploads\/2023\/10\/IMG_20231112_232913-96x96.jpg","contentUrl":"https:\/\/draft.nuestrostories.com\/wp-content\/uploads\/2023\/10\/IMG_20231112_232913-96x96.jpg","caption":"Catherine A. Jones"},"description":"Cathy\u2019s writing has appeared in The Washington Post Magazine, USA Weekend, People, Romper.com, The Miami New Times, and dozens of other media publications and online sites. Her opinion pieces have appeared on Today.com, El Tiempo Latino, and more.","url":"https:\/\/draft.nuestrostories.com\/es\/author\/cathy\/"}]}},"_links":{"self":[{"href":"https:\/\/draft.nuestrostories.com\/es\/wp-json\/wp\/v2\/posts\/14336","targetHints":{"allow":["GET"]}}],"collection":[{"href":"https:\/\/draft.nuestrostories.com\/es\/wp-json\/wp\/v2\/posts"}],"about":[{"href":"https:\/\/draft.nuestrostories.com\/es\/wp-json\/wp\/v2\/types\/post"}],"author":[{"embeddable":true,"href":"https:\/\/draft.nuestrostories.com\/es\/wp-json\/wp\/v2\/users\/6"}],"replies":[{"embeddable":true,"href":"https:\/\/draft.nuestrostories.com\/es\/wp-json\/wp\/v2\/comments?post=14336"}],"version-history":[{"count":1,"href":"https:\/\/draft.nuestrostories.com\/es\/wp-json\/wp\/v2\/posts\/14336\/revisions"}],"predecessor-version":[{"id":14337,"href":"https:\/\/draft.nuestrostories.com\/es\/wp-json\/wp\/v2\/posts\/14336\/revisions\/14337"}],"wp:featuredmedia":[{"embeddable":true,"href":"https:\/\/draft.nuestrostories.com\/es\/wp-json\/wp\/v2\/media\/14291"}],"wp:attachment":[{"href":"https:\/\/draft.nuestrostories.com\/es\/wp-json\/wp\/v2\/media?parent=14336"}],"wp:term":[{"taxonomy":"category","embeddable":true,"href":"https:\/\/draft.nuestrostories.com\/es\/wp-json\/wp\/v2\/categories?post=14336"},{"taxonomy":"post_tag","embeddable":true,"href":"https:\/\/draft.nuestrostories.com\/es\/wp-json\/wp\/v2\/tags?post=14336"}],"curies":[{"name":"wp","href":"https:\/\/api.w.org\/{rel}","templated":true}]}}