{"id":13727,"date":"2023-04-11T14:53:16","date_gmt":"2023-04-11T19:53:16","guid":{"rendered":"https:\/\/draft.nuestrostories.com\/\/?p=13727"},"modified":"2023-12-22T10:31:33","modified_gmt":"2023-12-22T15:31:33","slug":"la-tragica-historia-del-campo-de-concentracion-mexicano-de-la-segunda-guerra-mundial","status":"publish","type":"post","link":"https:\/\/draft.nuestrostories.com\/es\/2023\/04\/la-tragica-historia-del-campo-de-concentracion-mexicano-de-la-segunda-guerra-mundial\/","title":{"rendered":"La tr\u00e1gica historia del campo de concentraci\u00f3n mexicano de la Segunda Guerra Mundial"},"content":{"rendered":"\n<p><em>Imagen cortes\u00eda de Nuestro Stories.<\/em><\/p>\n\n\n\n<p>La Hacienda de Temixco, famoso y popular parque acu\u00e1tico mexicano con exuberantes jardines, ha sido descrito como un lugar bonito con un pasado que no lo es tanto.<\/p>\n\n\n\n<p>Tan solo recientemente se revel\u00f3 la verdad sobre este hito mexicano: fue un campo de concentraci\u00f3n para los japoneses que viv\u00edan en M\u00e9xico durante la <a href=\"https:\/\/draft.nuestrostories.com\/\/2022\/12\/rudy-martinez-latino-impact-world-war\/\">Segunda Guerra Mundial.<\/a><\/p>\n\n\n\n<h2 class=\"wp-block-heading\"><span style=\"font-weight: 400;\">De hacienda a campo de concentraci\u00f3n<\/span><\/h2>\n\n\n\n<p>En 1617, la Hacienda de Temixco, a unos 100 kil\u00f3metros al sur de la Ciudad de M\u00e9xico, empez\u00f3 como un ingenio azucarero conocido como la \u201cHacienda de Nuestra Se\u00f1ora de la Concepci\u00f3n\u201d. La hacienda creci\u00f3 y se ampli\u00f3 al invadir tierras ind\u00edgenas.<\/p>\n\n\n\n<p>Siglos m\u00e1s tarde, el sitio de la Hacienda de Temixco fue un puesto militar durante la Revoluci\u00f3n Mexicana entre 1910 y 1917. Los zapatistas y las tropas federales lo usaron como fuerte y almac\u00e9n de armas.<\/p>\n\n\n\n<p>Luego, en 1941, cuando los japoneses atacaron la base naval estadounidense en Pearl Harbor durante la Segunda Guerra Mundial, Estados Unidos le pidi\u00f3 expl\u00edcitamente al presidente Manuel \u00c1vila Camacho que concentrara all\u00ed a los \"ciudadanos peligrosos\" de los pa\u00edses del Eje, Alemania, Jap\u00f3n e Italia. Estados Unidos y M\u00e9xico expresaron su preocupaci\u00f3n de que \u201cagentes\u201d de Alemania, Jap\u00f3n e Italia usaran las fronteras y costas mexicanas como base para atacar a naciones de Am\u00e9rica. El resultado fue que la Hacienda se convirti\u00f3 en un campo de concentraci\u00f3n para mexicanos de ascendencia japonesa.<\/p>\n\n\n\n<p>Los inmigrantes japoneses, y sus descendientes, habitantes en los estados de Baja California, Sonora y Sinaloa, recibieron la orden de alejarse de sus hogares en la frontera y fueron llevados a la Ciudad de M\u00e9xico y Guadalajara.<\/p>\n\n\n\n<p>De hecho, se cree que, durante la guerra, alrededor de 600 hombres, mujeres y ni\u00f1os japoneses fueron internados en la Hacienda de Temixco, en casas de madera \u2014una secci\u00f3n para familias y otra para hombres solteros\u2014 y con campos de arroz y berenjenas para comer.<\/p>\n\n\n\n<p>Para asegurarse de que nadie pudiera salir, siempre hab\u00eda dos soldados apostados en la entrada del campo de concentraci\u00f3n para mantener a todos adentro.<\/p>\n\n\n\n<h2 class=\"wp-block-heading\"><span style=\"font-weight: 400;\">Una historia que nadie deber\u00eda olvidar<\/span><\/h2>\n\n\n\n<p>Lo que ocurri\u00f3 en la Hacienda se ha mantenido escondido durante mucho tiempo en la historia de M\u00e9xico (algo muy parecido a la historia de los campos de concentraci\u00f3n japoneses en la historia de Estados Unidos).<\/p>\n\n\n\n<p>Rosita Urano, una de las sobrevivientes, quien de ni\u00f1a vivi\u00f3 en la Hacienda de Temixco <a href=\"https:\/\/discovernikkei.org\/en\/journal\/2018\/4\/20\/rosita-urano\/\">durante la guerra<\/a>, acaba de contar su historia.<\/p>\n\n\n\n<p>Rosita, sus dos hermanos Alejandrina y Filem\u00f3n, su padre Yashiro Urano y su madre Mar\u00eda Hern\u00e1ndez fueron enviados al campo de concentraci\u00f3n, haciendo el viaje en tren. Mientras Yashiro trabajaba, Mar\u00eda, la madre de Rosita, y las otras mujeres preparaban las comidas y le vend\u00edan nieves de frutas a la gente de la Hacienda. A Rosita y su familia nunca les dijeron por qu\u00e9 los hab\u00edan obligado a abandonar su casa.<\/p>\n\n\n\n<p>Hasta el d\u00eda de hoy, Rosita y la familia Urano no han recibido una disculpa formal de M\u00e9xico.<\/p>\n\n\n\n<p><strong>Por Susanne Ram\u00edrez de Arellano<\/strong><\/p>\n\n\n\n<p>Susanne Ram\u00edrez de Arellano es una escritora y cr\u00edtica cultural que fue periodista, productora de televisi\u00f3n y directora de noticias. Vive entre San Juan y Nueva York y actualmente est\u00e1 haciendo su primer intento de escribir una novela.<\/p>\n","protected":false},"excerpt":{"rendered":"<p>Imagen cortes\u00eda de Nuestro Stories. La Hacienda de Temixco, famoso y popular parque acu\u00e1tico mexicano con exuberantes jardines, ha sido descrito como un lugar bonito con un pasado que no lo es tanto. Tan solo recientemente se revel\u00f3 la verdad sobre este hito mexicano: fue un campo de concentraci\u00f3n para los japoneses que viv\u00edan en [&hellip;]<\/p>\n","protected":false},"author":16,"featured_media":10366,"comment_status":"closed","ping_status":"open","sticky":false,"template":"","format":"standard","meta":{"_acf_changed":false,"footnotes":""},"categories":[1281],"tags":[],"class_list":["post-13727","post","type-post","status-publish","format-standard","has-post-thumbnail","hentry","category-featured-es"],"acf":[],"yoast_head":"<!-- This site is optimized with the Yoast SEO plugin v23.5 - https:\/\/yoast.com\/wordpress\/plugins\/seo\/ -->\n<title>La tr\u00e1gica historia del campo de concentraci\u00f3n mexicano de la Segunda Guerra Mundial - Nuestro Stories<\/title>\n<meta name=\"robots\" content=\"index, follow, max-snippet:-1, max-image-preview:large, max-video-preview:-1\" \/>\n<link rel=\"canonical\" href=\"https:\/\/draft.nuestrostories.com\/es\/2023\/04\/la-tragica-historia-del-campo-de-concentracion-mexicano-de-la-segunda-guerra-mundial\/\" \/>\n<meta property=\"og:locale\" content=\"es_ES\" \/>\n<meta property=\"og:type\" content=\"article\" \/>\n<meta property=\"og:title\" content=\"La tr\u00e1gica historia del campo de concentraci\u00f3n mexicano de la Segunda Guerra Mundial - Nuestro Stories\" \/>\n<meta property=\"og:description\" content=\"Imagen cortes\u00eda de Nuestro Stories. La Hacienda de Temixco, famoso y popular parque acu\u00e1tico mexicano con exuberantes jardines, ha sido descrito como un lugar bonito con un pasado que no lo es tanto. Tan solo recientemente se revel\u00f3 la verdad sobre este hito mexicano: fue un campo de concentraci\u00f3n para los japoneses que viv\u00edan en [&hellip;]\" \/>\n<meta property=\"og:url\" content=\"https:\/\/draft.nuestrostories.com\/es\/2023\/04\/la-tragica-historia-del-campo-de-concentracion-mexicano-de-la-segunda-guerra-mundial\/\" \/>\n<meta property=\"og:site_name\" content=\"Nuestro Stories\" \/>\n<meta property=\"article:published_time\" content=\"2023-04-11T19:53:16+00:00\" \/>\n<meta property=\"article:modified_time\" content=\"2023-12-22T15:31:33+00:00\" \/>\n<meta property=\"og:image\" content=\"https:\/\/draft.nuestrostories.com\/wp-content\/uploads\/2023\/04\/The-Tragic-Story-Of-The-WWII-Mexican-Concentration-Camp.jpg\" \/>\n\t<meta property=\"og:image:width\" content=\"1910\" \/>\n\t<meta property=\"og:image:height\" content=\"1274\" \/>\n\t<meta property=\"og:image:type\" content=\"image\/jpeg\" \/>\n<meta name=\"author\" content=\"Susanne Ram\u00edrez de Arellano\" \/>\n<meta name=\"twitter:card\" content=\"summary_large_image\" \/>\n<meta name=\"twitter:label1\" content=\"Escrito por\" \/>\n\t<meta name=\"twitter:data1\" content=\"Susanne Ram\u00edrez de Arellano\" \/>\n\t<meta name=\"twitter:label2\" content=\"Tiempo de lectura\" \/>\n\t<meta name=\"twitter:data2\" content=\"3 minutos\" \/>\n<script type=\"application\/ld+json\" class=\"yoast-schema-graph\">{\"@context\":\"https:\/\/schema.org\",\"@graph\":[{\"@type\":\"WebPage\",\"@id\":\"https:\/\/draft.nuestrostories.com\/es\/2023\/04\/la-tragica-historia-del-campo-de-concentracion-mexicano-de-la-segunda-guerra-mundial\/\",\"url\":\"https:\/\/draft.nuestrostories.com\/es\/2023\/04\/la-tragica-historia-del-campo-de-concentracion-mexicano-de-la-segunda-guerra-mundial\/\",\"name\":\"La tr\u00e1gica historia del campo de concentraci\u00f3n mexicano de la Segunda Guerra Mundial - Nuestro Stories\",\"isPartOf\":{\"@id\":\"https:\/\/draft.nuestrostories.com\/es\/#website\"},\"primaryImageOfPage\":{\"@id\":\"https:\/\/draft.nuestrostories.com\/es\/2023\/04\/la-tragica-historia-del-campo-de-concentracion-mexicano-de-la-segunda-guerra-mundial\/#primaryimage\"},\"image\":{\"@id\":\"https:\/\/draft.nuestrostories.com\/es\/2023\/04\/la-tragica-historia-del-campo-de-concentracion-mexicano-de-la-segunda-guerra-mundial\/#primaryimage\"},\"thumbnailUrl\":\"https:\/\/draft.nuestrostories.com\/wp-content\/uploads\/2023\/04\/The-Tragic-Story-Of-The-WWII-Mexican-Concentration-Camp.jpg\",\"datePublished\":\"2023-04-11T19:53:16+00:00\",\"dateModified\":\"2023-12-22T15:31:33+00:00\",\"author\":{\"@id\":\"https:\/\/draft.nuestrostories.com\/es\/#\/schema\/person\/846bcb1c367047f3343023a22b6b0f9d\"},\"breadcrumb\":{\"@id\":\"https:\/\/draft.nuestrostories.com\/es\/2023\/04\/la-tragica-historia-del-campo-de-concentracion-mexicano-de-la-segunda-guerra-mundial\/#breadcrumb\"},\"inLanguage\":\"es\",\"potentialAction\":[{\"@type\":\"ReadAction\",\"target\":[\"https:\/\/draft.nuestrostories.com\/es\/2023\/04\/la-tragica-historia-del-campo-de-concentracion-mexicano-de-la-segunda-guerra-mundial\/\"]}]},{\"@type\":\"ImageObject\",\"inLanguage\":\"es\",\"@id\":\"https:\/\/draft.nuestrostories.com\/es\/2023\/04\/la-tragica-historia-del-campo-de-concentracion-mexicano-de-la-segunda-guerra-mundial\/#primaryimage\",\"url\":\"https:\/\/draft.nuestrostories.com\/wp-content\/uploads\/2023\/04\/The-Tragic-Story-Of-The-WWII-Mexican-Concentration-Camp.jpg\",\"contentUrl\":\"https:\/\/draft.nuestrostories.com\/wp-content\/uploads\/2023\/04\/The-Tragic-Story-Of-The-WWII-Mexican-Concentration-Camp.jpg\",\"width\":1910,\"height\":1274,\"caption\":\"Image courtesy of Nuestro Stories.\"},{\"@type\":\"BreadcrumbList\",\"@id\":\"https:\/\/draft.nuestrostories.com\/es\/2023\/04\/la-tragica-historia-del-campo-de-concentracion-mexicano-de-la-segunda-guerra-mundial\/#breadcrumb\",\"itemListElement\":[{\"@type\":\"ListItem\",\"position\":1,\"name\":\"Home\",\"item\":\"https:\/\/draft.nuestrostories.com\/es\/\"},{\"@type\":\"ListItem\",\"position\":2,\"name\":\"La tr\u00e1gica historia del campo de concentraci\u00f3n mexicano de la Segunda Guerra Mundial\"}]},{\"@type\":\"WebSite\",\"@id\":\"https:\/\/draft.nuestrostories.com\/es\/#website\",\"url\":\"https:\/\/draft.nuestrostories.com\/es\/\",\"name\":\"Nuestro Stories\",\"description\":\"Latino Heritage. Every Day.\",\"potentialAction\":[{\"@type\":\"SearchAction\",\"target\":{\"@type\":\"EntryPoint\",\"urlTemplate\":\"https:\/\/draft.nuestrostories.com\/es\/?s={search_term_string}\"},\"query-input\":{\"@type\":\"PropertyValueSpecification\",\"valueRequired\":true,\"valueName\":\"search_term_string\"}}],\"inLanguage\":\"es\"},{\"@type\":\"Person\",\"@id\":\"https:\/\/draft.nuestrostories.com\/es\/#\/schema\/person\/846bcb1c367047f3343023a22b6b0f9d\",\"name\":\"Susanne Ram\u00edrez de Arellano\",\"image\":{\"@type\":\"ImageObject\",\"inLanguage\":\"es\",\"@id\":\"https:\/\/draft.nuestrostories.com\/es\/#\/schema\/person\/image\/\",\"url\":\"https:\/\/draft.nuestrostories.com\/wp-content\/uploads\/2022\/06\/Susanne-150x150.jpeg\",\"contentUrl\":\"https:\/\/draft.nuestrostories.com\/wp-content\/uploads\/2022\/06\/Susanne-150x150.jpeg\",\"caption\":\"Susanne Ram\u00edrez de Arellano\"},\"description\":\"Susanne Ramirez de Arellano is a writer and cultural critic who used to be a journalist, television producer, and news director. She lives between San Juan and New York and is, at present, making her first attempt at writing a novel.\",\"url\":\"https:\/\/draft.nuestrostories.com\/es\/author\/susanne-ramirez-de-arellano\/\"}]}<\/script>\n<!-- \/ Yoast SEO plugin. -->","yoast_head_json":{"title":"La tr\u00e1gica historia del campo de concentraci\u00f3n mexicano de la Segunda Guerra Mundial - Nuestro Stories","robots":{"index":"index","follow":"follow","max-snippet":"max-snippet:-1","max-image-preview":"max-image-preview:large","max-video-preview":"max-video-preview:-1"},"canonical":"https:\/\/draft.nuestrostories.com\/es\/2023\/04\/la-tragica-historia-del-campo-de-concentracion-mexicano-de-la-segunda-guerra-mundial\/","og_locale":"es_ES","og_type":"article","og_title":"La tr\u00e1gica historia del campo de concentraci\u00f3n mexicano de la Segunda Guerra Mundial - Nuestro Stories","og_description":"Imagen cortes\u00eda de Nuestro Stories. La Hacienda de Temixco, famoso y popular parque acu\u00e1tico mexicano con exuberantes jardines, ha sido descrito como un lugar bonito con un pasado que no lo es tanto. Tan solo recientemente se revel\u00f3 la verdad sobre este hito mexicano: fue un campo de concentraci\u00f3n para los japoneses que viv\u00edan en [&hellip;]","og_url":"https:\/\/draft.nuestrostories.com\/es\/2023\/04\/la-tragica-historia-del-campo-de-concentracion-mexicano-de-la-segunda-guerra-mundial\/","og_site_name":"Nuestro Stories","article_published_time":"2023-04-11T19:53:16+00:00","article_modified_time":"2023-12-22T15:31:33+00:00","og_image":[{"width":1910,"height":1274,"url":"https:\/\/draft.nuestrostories.com\/wp-content\/uploads\/2023\/04\/The-Tragic-Story-Of-The-WWII-Mexican-Concentration-Camp.jpg","type":"image\/jpeg"}],"author":"Susanne Ram\u00edrez de Arellano","twitter_card":"summary_large_image","twitter_misc":{"Escrito por":"Susanne Ram\u00edrez de Arellano","Tiempo de lectura":"3 minutos"},"schema":{"@context":"https:\/\/schema.org","@graph":[{"@type":"WebPage","@id":"https:\/\/draft.nuestrostories.com\/es\/2023\/04\/la-tragica-historia-del-campo-de-concentracion-mexicano-de-la-segunda-guerra-mundial\/","url":"https:\/\/draft.nuestrostories.com\/es\/2023\/04\/la-tragica-historia-del-campo-de-concentracion-mexicano-de-la-segunda-guerra-mundial\/","name":"La tr\u00e1gica historia del campo de concentraci\u00f3n mexicano de la Segunda Guerra Mundial - Nuestro Stories","isPartOf":{"@id":"https:\/\/draft.nuestrostories.com\/es\/#website"},"primaryImageOfPage":{"@id":"https:\/\/draft.nuestrostories.com\/es\/2023\/04\/la-tragica-historia-del-campo-de-concentracion-mexicano-de-la-segunda-guerra-mundial\/#primaryimage"},"image":{"@id":"https:\/\/draft.nuestrostories.com\/es\/2023\/04\/la-tragica-historia-del-campo-de-concentracion-mexicano-de-la-segunda-guerra-mundial\/#primaryimage"},"thumbnailUrl":"https:\/\/draft.nuestrostories.com\/wp-content\/uploads\/2023\/04\/The-Tragic-Story-Of-The-WWII-Mexican-Concentration-Camp.jpg","datePublished":"2023-04-11T19:53:16+00:00","dateModified":"2023-12-22T15:31:33+00:00","author":{"@id":"https:\/\/draft.nuestrostories.com\/es\/#\/schema\/person\/846bcb1c367047f3343023a22b6b0f9d"},"breadcrumb":{"@id":"https:\/\/draft.nuestrostories.com\/es\/2023\/04\/la-tragica-historia-del-campo-de-concentracion-mexicano-de-la-segunda-guerra-mundial\/#breadcrumb"},"inLanguage":"es","potentialAction":[{"@type":"ReadAction","target":["https:\/\/draft.nuestrostories.com\/es\/2023\/04\/la-tragica-historia-del-campo-de-concentracion-mexicano-de-la-segunda-guerra-mundial\/"]}]},{"@type":"ImageObject","inLanguage":"es","@id":"https:\/\/draft.nuestrostories.com\/es\/2023\/04\/la-tragica-historia-del-campo-de-concentracion-mexicano-de-la-segunda-guerra-mundial\/#primaryimage","url":"https:\/\/draft.nuestrostories.com\/wp-content\/uploads\/2023\/04\/The-Tragic-Story-Of-The-WWII-Mexican-Concentration-Camp.jpg","contentUrl":"https:\/\/draft.nuestrostories.com\/wp-content\/uploads\/2023\/04\/The-Tragic-Story-Of-The-WWII-Mexican-Concentration-Camp.jpg","width":1910,"height":1274,"caption":"Image courtesy of Nuestro Stories."},{"@type":"BreadcrumbList","@id":"https:\/\/draft.nuestrostories.com\/es\/2023\/04\/la-tragica-historia-del-campo-de-concentracion-mexicano-de-la-segunda-guerra-mundial\/#breadcrumb","itemListElement":[{"@type":"ListItem","position":1,"name":"Home","item":"https:\/\/draft.nuestrostories.com\/es\/"},{"@type":"ListItem","position":2,"name":"La tr\u00e1gica historia del campo de concentraci\u00f3n mexicano de la Segunda Guerra Mundial"}]},{"@type":"WebSite","@id":"https:\/\/draft.nuestrostories.com\/es\/#website","url":"https:\/\/draft.nuestrostories.com\/es\/","name":"Nuestro Stories","description":"Latino Heritage. Every Day.","potentialAction":[{"@type":"SearchAction","target":{"@type":"EntryPoint","urlTemplate":"https:\/\/draft.nuestrostories.com\/es\/?s={search_term_string}"},"query-input":{"@type":"PropertyValueSpecification","valueRequired":true,"valueName":"search_term_string"}}],"inLanguage":"es"},{"@type":"Person","@id":"https:\/\/draft.nuestrostories.com\/es\/#\/schema\/person\/846bcb1c367047f3343023a22b6b0f9d","name":"Susanne Ram\u00edrez de Arellano","image":{"@type":"ImageObject","inLanguage":"es","@id":"https:\/\/draft.nuestrostories.com\/es\/#\/schema\/person\/image\/","url":"https:\/\/draft.nuestrostories.com\/wp-content\/uploads\/2022\/06\/Susanne-150x150.jpeg","contentUrl":"https:\/\/draft.nuestrostories.com\/wp-content\/uploads\/2022\/06\/Susanne-150x150.jpeg","caption":"Susanne Ram\u00edrez de Arellano"},"description":"Susanne Ramirez de Arellano is a writer and cultural critic who used to be a journalist, television producer, and news director. She lives between San Juan and New York and is, at present, making her first attempt at writing a novel.","url":"https:\/\/draft.nuestrostories.com\/es\/author\/susanne-ramirez-de-arellano\/"}]}},"_links":{"self":[{"href":"https:\/\/draft.nuestrostories.com\/es\/wp-json\/wp\/v2\/posts\/13727","targetHints":{"allow":["GET"]}}],"collection":[{"href":"https:\/\/draft.nuestrostories.com\/es\/wp-json\/wp\/v2\/posts"}],"about":[{"href":"https:\/\/draft.nuestrostories.com\/es\/wp-json\/wp\/v2\/types\/post"}],"author":[{"embeddable":true,"href":"https:\/\/draft.nuestrostories.com\/es\/wp-json\/wp\/v2\/users\/16"}],"replies":[{"embeddable":true,"href":"https:\/\/draft.nuestrostories.com\/es\/wp-json\/wp\/v2\/comments?post=13727"}],"version-history":[{"count":1,"href":"https:\/\/draft.nuestrostories.com\/es\/wp-json\/wp\/v2\/posts\/13727\/revisions"}],"predecessor-version":[{"id":13733,"href":"https:\/\/draft.nuestrostories.com\/es\/wp-json\/wp\/v2\/posts\/13727\/revisions\/13733"}],"wp:featuredmedia":[{"embeddable":true,"href":"https:\/\/draft.nuestrostories.com\/es\/wp-json\/wp\/v2\/media\/10366"}],"wp:attachment":[{"href":"https:\/\/draft.nuestrostories.com\/es\/wp-json\/wp\/v2\/media?parent=13727"}],"wp:term":[{"taxonomy":"category","embeddable":true,"href":"https:\/\/draft.nuestrostories.com\/es\/wp-json\/wp\/v2\/categories?post=13727"},{"taxonomy":"post_tag","embeddable":true,"href":"https:\/\/draft.nuestrostories.com\/es\/wp-json\/wp\/v2\/tags?post=13727"}],"curies":[{"name":"wp","href":"https:\/\/api.w.org\/{rel}","templated":true}]}}