{"id":13564,"date":"2023-05-01T17:41:35","date_gmt":"2023-05-01T17:41:35","guid":{"rendered":"https:\/\/draft.nuestrostories.com\/\/?p=13564"},"modified":"2023-12-18T18:28:49","modified_gmt":"2023-12-18T18:28:49","slug":"grupo-frontera-vive-actualmente-su-momento-decisivo-gracias-a-bad-bunny","status":"publish","type":"post","link":"https:\/\/draft.nuestrostories.com\/es\/2023\/05\/grupo-frontera-vive-actualmente-su-momento-decisivo-gracias-a-bad-bunny\/","title":{"rendered":"Grupo Frontera vive actualmente su momento decisivo gracias a Bad Bunny"},"content":{"rendered":"\n<p><em>Cr\u00e9dito: Nuestro Stories<\/em>.<\/p>\n\n\n\n<p><span style=\"font-weight: 400;\">Actualmente hay una explosi\u00f3n de la m\u00fasica regional mexicana. Desde el Grupo Frontera batiendo r\u00e9cords hasta el cantante Peso Pluma convirti\u00e9ndose en uno de los nombres m\u00e1s reconocibles del g\u00e9nero, la escena musical est\u00e1 dando las claves a los sonidos tradicionales.<\/span><\/p>\n\n\n\n<p>Tomemos como ejemplo al <a href=\"https:\/\/www.billboard.com\/music\/chart-beat\/grupo-frontera-bad-bunny-un-x100to-hot-latin-songs-chart-1235315339\/\">Grupo Frontera<\/a>: la banda mexicana de Tijuana ha estado haciendo m\u00fasica durante m\u00e1s de una d\u00e9cada, pero fue su reciente colaboraci\u00f3n con Bad Bunny la que la llev\u00f3 a la vanguardia de la escena musical latina.<\/p>\n\n\n\n<p><span style=\"font-weight: 400;\">Su momento decisivo lleg\u00f3 cuando Bad Bunny los present\u00f3 en su exitosa canci\u00f3n <em>Un x100to<\/em>, que r\u00e1pidamente se convirti\u00f3 en una de las favoritas de los fan\u00e1ticos. El sonido distintivo de Grupo Frontera, que combina la m\u00fasica regional mexicana tradicional con ritmos urbanos modernos, complement\u00f3 perfectamente el estilo caracter\u00edstico de Bad Bunny.<\/span><\/p>\n\n\n\n<p>\u201cEn solo ocho horas de seguimiento, <em>Un x100to <\/em>de Bad Bunny y Grupo Frontera debuta en el puesto n\u00famero cuatro en Spotify Global, con 4,218,971 reproducciones\u201d, report\u00f3 la cuenta de fans Bad Bunny Access en las redes sociales.<\/p>\n\n\n\n<h4 class=\"wp-block-heading\"><strong>Lee m\u00e1s: <\/strong><a href=\"https:\/\/draft.nuestrostories.com\/\/2023\/01\/the-moment-bad-bunny-reached-stardom\/\">El momento en el que el artista puertorrique\u00f1o Bad Bunny alcanz\u00f3 el estrellato<\/a><\/h4>\n\n\n\n<h2 class=\"wp-block-heading\"><span style=\"font-weight: 400;\">Los or\u00edgenes del Grupo Frontera<\/span><\/h2>\n\n\n\n<p><span style=\"font-weight: 400;\">La banda, formada por los hermanos Jes\u00fas y Salvador Arroyo y su primo Roberto Arroyo, tocan juntos desde que eran adolescentes. Empezaron tocando en reuniones familiares y fiestas locales, pero pronto llamaron la atenci\u00f3n en lugares m\u00e1s grandes.<\/span><\/p>\n\n\n\n<p><span style=\"font-weight: 400;\">Su sonido \u00fanico ha sido influenciado por su crianza en Tijuana, una ciudad fronteriza conocida por su mezcla ecl\u00e9ctica de culturas. Los miembros de la banda crecieron escuchando de todo, desde m\u00fasica tradicional mexicana hasta <em>rock <\/em>y <em>hip-hop <\/em>estadounidenses.<\/span><\/p>\n\n\n\n<p><span style=\"font-weight: 400;\">Su m\u00fasica es un reflejo de sus diversas influencias, mezclando los sonidos tradicionales del acorde\u00f3n y el bajo sexto con los ritmos modernos del reggaet\u00f3n y el <em>hip-hop<\/em>. Esta fusi\u00f3n de estilos les ha valido una base de seguidores leales y elogios de la cr\u00edtica.<\/span><\/p>\n\n\n\n<h2 class=\"wp-block-heading\"><span style=\"font-weight: 400;\">Su avance<\/span><\/h2>\n\n\n\n<p><span style=\"font-weight: 400;\">Su colaboraci\u00f3n con Bad Bunny les trajo a\u00fan m\u00e1s atenci\u00f3n y desde entonces aparecieron en varias plataformas de m\u00fasica y medios de comunicaci\u00f3n. Recientemente actuaron en el escenario de los Latin Grammy Awards, consolidando su lugar en la industria de la m\u00fasica latina.<\/span><\/p>\n\n\n\n<p><span style=\"font-weight: 400;\">El gran avance del Grupo Frontera con Bad Bunny tard\u00f3 en llegar y est\u00e1n decididos a continuar haciendo m\u00fasica que combine sonidos tradicionales y modernos. Esperan inspirar a otros artistas a abrazar sus ra\u00edces y, al mismo tiempo, ampliar los l\u00edmites de lo que es posible en la m\u00fasica latina.<\/span><\/p>\n\n\n\n<p><span style=\"font-weight: 400;\">Mientras contin\u00faan dejando su huella en la industria, Grupo Frontera se mantiene fiel a sus ra\u00edces, sin olvidar nunca de d\u00f3nde vienen y siempre celebrando la rica herencia cultural que ha influido en su m\u00fasica.<\/span><\/p>\n\n\n\n<p>Grupo Frontera est\u00e1 actualmente en su tan esperada gira <em>El Comienzo <\/em>por 20 ciudades.<\/p>\n","protected":false},"excerpt":{"rendered":"<p>Cr\u00e9dito: Nuestro Stories. Actualmente hay una explosi\u00f3n de la m\u00fasica regional mexicana. Desde el Grupo Frontera batiendo r\u00e9cords hasta el cantante Peso Pluma convirti\u00e9ndose en uno de los nombres m\u00e1s reconocibles del g\u00e9nero, la escena musical est\u00e1 dando las claves a los sonidos tradicionales. Tomemos como ejemplo al Grupo Frontera: la banda mexicana de Tijuana [&hellip;]<\/p>\n","protected":false},"author":4,"featured_media":10386,"comment_status":"closed","ping_status":"open","sticky":false,"template":"","format":"standard","meta":{"_acf_changed":false,"footnotes":""},"categories":[1281],"tags":[],"class_list":["post-13564","post","type-post","status-publish","format-standard","has-post-thumbnail","hentry","category-featured-es"],"acf":[],"yoast_head":"<!-- This site is optimized with the Yoast SEO plugin v23.5 - https:\/\/yoast.com\/wordpress\/plugins\/seo\/ -->\n<title>Grupo Frontera vive actualmente su momento decisivo gracias a Bad Bunny - Nuestro Stories<\/title>\n<meta name=\"robots\" content=\"index, follow, max-snippet:-1, max-image-preview:large, max-video-preview:-1\" \/>\n<link rel=\"canonical\" href=\"https:\/\/draft.nuestrostories.com\/es\/2023\/05\/grupo-frontera-vive-actualmente-su-momento-decisivo-gracias-a-bad-bunny\/\" \/>\n<meta property=\"og:locale\" content=\"es_ES\" \/>\n<meta property=\"og:type\" content=\"article\" \/>\n<meta property=\"og:title\" content=\"Grupo Frontera vive actualmente su momento decisivo gracias a Bad Bunny - Nuestro Stories\" \/>\n<meta property=\"og:description\" content=\"Cr\u00e9dito: Nuestro Stories. Actualmente hay una explosi\u00f3n de la m\u00fasica regional mexicana. Desde el Grupo Frontera batiendo r\u00e9cords hasta el cantante Peso Pluma convirti\u00e9ndose en uno de los nombres m\u00e1s reconocibles del g\u00e9nero, la escena musical est\u00e1 dando las claves a los sonidos tradicionales. Tomemos como ejemplo al Grupo Frontera: la banda mexicana de Tijuana [&hellip;]\" \/>\n<meta property=\"og:url\" content=\"https:\/\/draft.nuestrostories.com\/es\/2023\/05\/grupo-frontera-vive-actualmente-su-momento-decisivo-gracias-a-bad-bunny\/\" \/>\n<meta property=\"og:site_name\" content=\"Nuestro Stories\" \/>\n<meta property=\"article:published_time\" content=\"2023-05-01T17:41:35+00:00\" \/>\n<meta property=\"article:modified_time\" content=\"2023-12-18T18:28:49+00:00\" \/>\n<meta property=\"og:image\" content=\"https:\/\/draft.nuestrostories.com\/wp-content\/uploads\/2023\/04\/Grupo-Frontera.jpg\" \/>\n\t<meta property=\"og:image:width\" content=\"1910\" \/>\n\t<meta property=\"og:image:height\" content=\"1274\" \/>\n\t<meta property=\"og:image:type\" content=\"image\/jpeg\" \/>\n<meta name=\"author\" content=\"Rachel\" \/>\n<meta name=\"twitter:card\" content=\"summary_large_image\" \/>\n<meta name=\"twitter:label1\" content=\"Escrito por\" \/>\n\t<meta name=\"twitter:data1\" content=\"Rachel\" \/>\n\t<meta name=\"twitter:label2\" content=\"Tiempo de lectura\" \/>\n\t<meta name=\"twitter:data2\" content=\"3 minutos\" \/>\n<script type=\"application\/ld+json\" class=\"yoast-schema-graph\">{\"@context\":\"https:\/\/schema.org\",\"@graph\":[{\"@type\":\"WebPage\",\"@id\":\"https:\/\/draft.nuestrostories.com\/es\/2023\/05\/grupo-frontera-vive-actualmente-su-momento-decisivo-gracias-a-bad-bunny\/\",\"url\":\"https:\/\/draft.nuestrostories.com\/es\/2023\/05\/grupo-frontera-vive-actualmente-su-momento-decisivo-gracias-a-bad-bunny\/\",\"name\":\"Grupo Frontera vive actualmente su momento decisivo gracias a Bad Bunny - Nuestro Stories\",\"isPartOf\":{\"@id\":\"https:\/\/draft.nuestrostories.com\/es\/#website\"},\"primaryImageOfPage\":{\"@id\":\"https:\/\/draft.nuestrostories.com\/es\/2023\/05\/grupo-frontera-vive-actualmente-su-momento-decisivo-gracias-a-bad-bunny\/#primaryimage\"},\"image\":{\"@id\":\"https:\/\/draft.nuestrostories.com\/es\/2023\/05\/grupo-frontera-vive-actualmente-su-momento-decisivo-gracias-a-bad-bunny\/#primaryimage\"},\"thumbnailUrl\":\"https:\/\/draft.nuestrostories.com\/wp-content\/uploads\/2023\/04\/Grupo-Frontera.jpg\",\"datePublished\":\"2023-05-01T17:41:35+00:00\",\"dateModified\":\"2023-12-18T18:28:49+00:00\",\"author\":{\"@id\":\"https:\/\/draft.nuestrostories.com\/es\/#\/schema\/person\/b741b0e4e34088347d1fba305925ff68\"},\"breadcrumb\":{\"@id\":\"https:\/\/draft.nuestrostories.com\/es\/2023\/05\/grupo-frontera-vive-actualmente-su-momento-decisivo-gracias-a-bad-bunny\/#breadcrumb\"},\"inLanguage\":\"es\",\"potentialAction\":[{\"@type\":\"ReadAction\",\"target\":[\"https:\/\/draft.nuestrostories.com\/es\/2023\/05\/grupo-frontera-vive-actualmente-su-momento-decisivo-gracias-a-bad-bunny\/\"]}]},{\"@type\":\"ImageObject\",\"inLanguage\":\"es\",\"@id\":\"https:\/\/draft.nuestrostories.com\/es\/2023\/05\/grupo-frontera-vive-actualmente-su-momento-decisivo-gracias-a-bad-bunny\/#primaryimage\",\"url\":\"https:\/\/draft.nuestrostories.com\/wp-content\/uploads\/2023\/04\/Grupo-Frontera.jpg\",\"contentUrl\":\"https:\/\/draft.nuestrostories.com\/wp-content\/uploads\/2023\/04\/Grupo-Frontera.jpg\",\"width\":1910,\"height\":1274,\"caption\":\"Credit: Twitter\/tourbadbunny\"},{\"@type\":\"BreadcrumbList\",\"@id\":\"https:\/\/draft.nuestrostories.com\/es\/2023\/05\/grupo-frontera-vive-actualmente-su-momento-decisivo-gracias-a-bad-bunny\/#breadcrumb\",\"itemListElement\":[{\"@type\":\"ListItem\",\"position\":1,\"name\":\"Home\",\"item\":\"https:\/\/draft.nuestrostories.com\/es\/\"},{\"@type\":\"ListItem\",\"position\":2,\"name\":\"Grupo Frontera vive actualmente su momento decisivo gracias a Bad Bunny\"}]},{\"@type\":\"WebSite\",\"@id\":\"https:\/\/draft.nuestrostories.com\/es\/#website\",\"url\":\"https:\/\/draft.nuestrostories.com\/es\/\",\"name\":\"Nuestro Stories\",\"description\":\"Latino Heritage. Every Day.\",\"potentialAction\":[{\"@type\":\"SearchAction\",\"target\":{\"@type\":\"EntryPoint\",\"urlTemplate\":\"https:\/\/draft.nuestrostories.com\/es\/?s={search_term_string}\"},\"query-input\":{\"@type\":\"PropertyValueSpecification\",\"valueRequired\":true,\"valueName\":\"search_term_string\"}}],\"inLanguage\":\"es\"},{\"@type\":\"Person\",\"@id\":\"https:\/\/draft.nuestrostories.com\/es\/#\/schema\/person\/b741b0e4e34088347d1fba305925ff68\",\"name\":\"Rachel\",\"image\":{\"@type\":\"ImageObject\",\"inLanguage\":\"es\",\"@id\":\"https:\/\/draft.nuestrostories.com\/es\/#\/schema\/person\/image\/\",\"url\":\"https:\/\/draft.nuestrostories.com\/wp-content\/uploads\/2023\/06\/RachelBio-150x150.jpg\",\"contentUrl\":\"https:\/\/draft.nuestrostories.com\/wp-content\/uploads\/2023\/06\/RachelBio-150x150.jpg\",\"caption\":\"Rachel\"},\"description\":\"Olivia Monahan Chicana journalist, editor, educator, and organizer in Sacramento whose sole focus is to shed light on stories on our most impacted and marginalized communities, but even more importantly, for those stories to humanize those normally left out. She is an Ida B Wells Investigative Journalism Fellow 2022 Finalist, a member of the Parenting Journalists Society, and has bylines in The Courier, The Sacramento Bee, The Americano, Submerge Magazine among others.\",\"url\":\"https:\/\/draft.nuestrostories.com\/es\/author\/rachel\/\"}]}<\/script>\n<!-- \/ Yoast SEO plugin. -->","yoast_head_json":{"title":"Grupo Frontera vive actualmente su momento decisivo gracias a Bad Bunny - Nuestro Stories","robots":{"index":"index","follow":"follow","max-snippet":"max-snippet:-1","max-image-preview":"max-image-preview:large","max-video-preview":"max-video-preview:-1"},"canonical":"https:\/\/draft.nuestrostories.com\/es\/2023\/05\/grupo-frontera-vive-actualmente-su-momento-decisivo-gracias-a-bad-bunny\/","og_locale":"es_ES","og_type":"article","og_title":"Grupo Frontera vive actualmente su momento decisivo gracias a Bad Bunny - Nuestro Stories","og_description":"Cr\u00e9dito: Nuestro Stories. Actualmente hay una explosi\u00f3n de la m\u00fasica regional mexicana. Desde el Grupo Frontera batiendo r\u00e9cords hasta el cantante Peso Pluma convirti\u00e9ndose en uno de los nombres m\u00e1s reconocibles del g\u00e9nero, la escena musical est\u00e1 dando las claves a los sonidos tradicionales. Tomemos como ejemplo al Grupo Frontera: la banda mexicana de Tijuana [&hellip;]","og_url":"https:\/\/draft.nuestrostories.com\/es\/2023\/05\/grupo-frontera-vive-actualmente-su-momento-decisivo-gracias-a-bad-bunny\/","og_site_name":"Nuestro Stories","article_published_time":"2023-05-01T17:41:35+00:00","article_modified_time":"2023-12-18T18:28:49+00:00","og_image":[{"width":1910,"height":1274,"url":"https:\/\/draft.nuestrostories.com\/wp-content\/uploads\/2023\/04\/Grupo-Frontera.jpg","type":"image\/jpeg"}],"author":"Rachel","twitter_card":"summary_large_image","twitter_misc":{"Escrito por":"Rachel","Tiempo de lectura":"3 minutos"},"schema":{"@context":"https:\/\/schema.org","@graph":[{"@type":"WebPage","@id":"https:\/\/draft.nuestrostories.com\/es\/2023\/05\/grupo-frontera-vive-actualmente-su-momento-decisivo-gracias-a-bad-bunny\/","url":"https:\/\/draft.nuestrostories.com\/es\/2023\/05\/grupo-frontera-vive-actualmente-su-momento-decisivo-gracias-a-bad-bunny\/","name":"Grupo Frontera vive actualmente su momento decisivo gracias a Bad Bunny - Nuestro Stories","isPartOf":{"@id":"https:\/\/draft.nuestrostories.com\/es\/#website"},"primaryImageOfPage":{"@id":"https:\/\/draft.nuestrostories.com\/es\/2023\/05\/grupo-frontera-vive-actualmente-su-momento-decisivo-gracias-a-bad-bunny\/#primaryimage"},"image":{"@id":"https:\/\/draft.nuestrostories.com\/es\/2023\/05\/grupo-frontera-vive-actualmente-su-momento-decisivo-gracias-a-bad-bunny\/#primaryimage"},"thumbnailUrl":"https:\/\/draft.nuestrostories.com\/wp-content\/uploads\/2023\/04\/Grupo-Frontera.jpg","datePublished":"2023-05-01T17:41:35+00:00","dateModified":"2023-12-18T18:28:49+00:00","author":{"@id":"https:\/\/draft.nuestrostories.com\/es\/#\/schema\/person\/b741b0e4e34088347d1fba305925ff68"},"breadcrumb":{"@id":"https:\/\/draft.nuestrostories.com\/es\/2023\/05\/grupo-frontera-vive-actualmente-su-momento-decisivo-gracias-a-bad-bunny\/#breadcrumb"},"inLanguage":"es","potentialAction":[{"@type":"ReadAction","target":["https:\/\/draft.nuestrostories.com\/es\/2023\/05\/grupo-frontera-vive-actualmente-su-momento-decisivo-gracias-a-bad-bunny\/"]}]},{"@type":"ImageObject","inLanguage":"es","@id":"https:\/\/draft.nuestrostories.com\/es\/2023\/05\/grupo-frontera-vive-actualmente-su-momento-decisivo-gracias-a-bad-bunny\/#primaryimage","url":"https:\/\/draft.nuestrostories.com\/wp-content\/uploads\/2023\/04\/Grupo-Frontera.jpg","contentUrl":"https:\/\/draft.nuestrostories.com\/wp-content\/uploads\/2023\/04\/Grupo-Frontera.jpg","width":1910,"height":1274,"caption":"Credit: Twitter\/tourbadbunny"},{"@type":"BreadcrumbList","@id":"https:\/\/draft.nuestrostories.com\/es\/2023\/05\/grupo-frontera-vive-actualmente-su-momento-decisivo-gracias-a-bad-bunny\/#breadcrumb","itemListElement":[{"@type":"ListItem","position":1,"name":"Home","item":"https:\/\/draft.nuestrostories.com\/es\/"},{"@type":"ListItem","position":2,"name":"Grupo Frontera vive actualmente su momento decisivo gracias a Bad Bunny"}]},{"@type":"WebSite","@id":"https:\/\/draft.nuestrostories.com\/es\/#website","url":"https:\/\/draft.nuestrostories.com\/es\/","name":"Nuestro Stories","description":"Latino Heritage. Every Day.","potentialAction":[{"@type":"SearchAction","target":{"@type":"EntryPoint","urlTemplate":"https:\/\/draft.nuestrostories.com\/es\/?s={search_term_string}"},"query-input":{"@type":"PropertyValueSpecification","valueRequired":true,"valueName":"search_term_string"}}],"inLanguage":"es"},{"@type":"Person","@id":"https:\/\/draft.nuestrostories.com\/es\/#\/schema\/person\/b741b0e4e34088347d1fba305925ff68","name":"Rachel","image":{"@type":"ImageObject","inLanguage":"es","@id":"https:\/\/draft.nuestrostories.com\/es\/#\/schema\/person\/image\/","url":"https:\/\/draft.nuestrostories.com\/wp-content\/uploads\/2023\/06\/RachelBio-150x150.jpg","contentUrl":"https:\/\/draft.nuestrostories.com\/wp-content\/uploads\/2023\/06\/RachelBio-150x150.jpg","caption":"Rachel"},"description":"Olivia Monahan Chicana journalist, editor, educator, and organizer in Sacramento whose sole focus is to shed light on stories on our most impacted and marginalized communities, but even more importantly, for those stories to humanize those normally left out. She is an Ida B Wells Investigative Journalism Fellow 2022 Finalist, a member of the Parenting Journalists Society, and has bylines in The Courier, The Sacramento Bee, The Americano, Submerge Magazine among others.","url":"https:\/\/draft.nuestrostories.com\/es\/author\/rachel\/"}]}},"_links":{"self":[{"href":"https:\/\/draft.nuestrostories.com\/es\/wp-json\/wp\/v2\/posts\/13564","targetHints":{"allow":["GET"]}}],"collection":[{"href":"https:\/\/draft.nuestrostories.com\/es\/wp-json\/wp\/v2\/posts"}],"about":[{"href":"https:\/\/draft.nuestrostories.com\/es\/wp-json\/wp\/v2\/types\/post"}],"author":[{"embeddable":true,"href":"https:\/\/draft.nuestrostories.com\/es\/wp-json\/wp\/v2\/users\/4"}],"replies":[{"embeddable":true,"href":"https:\/\/draft.nuestrostories.com\/es\/wp-json\/wp\/v2\/comments?post=13564"}],"version-history":[{"count":1,"href":"https:\/\/draft.nuestrostories.com\/es\/wp-json\/wp\/v2\/posts\/13564\/revisions"}],"predecessor-version":[{"id":13586,"href":"https:\/\/draft.nuestrostories.com\/es\/wp-json\/wp\/v2\/posts\/13564\/revisions\/13586"}],"wp:featuredmedia":[{"embeddable":true,"href":"https:\/\/draft.nuestrostories.com\/es\/wp-json\/wp\/v2\/media\/10386"}],"wp:attachment":[{"href":"https:\/\/draft.nuestrostories.com\/es\/wp-json\/wp\/v2\/media?parent=13564"}],"wp:term":[{"taxonomy":"category","embeddable":true,"href":"https:\/\/draft.nuestrostories.com\/es\/wp-json\/wp\/v2\/categories?post=13564"},{"taxonomy":"post_tag","embeddable":true,"href":"https:\/\/draft.nuestrostories.com\/es\/wp-json\/wp\/v2\/tags?post=13564"}],"curies":[{"name":"wp","href":"https:\/\/api.w.org\/{rel}","templated":true}]}}