{"id":13559,"date":"2023-05-03T13:40:02","date_gmt":"2023-05-03T13:40:02","guid":{"rendered":"https:\/\/draft.nuestrostories.com\/\/?p=13559"},"modified":"2023-12-18T14:37:08","modified_gmt":"2023-12-18T14:37:08","slug":"becky-g-recibio-la-llave-de-coachella-por-sus-aportes-a-la-comunidad-latina","status":"publish","type":"post","link":"https:\/\/draft.nuestrostories.com\/es\/2023\/05\/becky-g-recibio-la-llave-de-coachella-por-sus-aportes-a-la-comunidad-latina\/","title":{"rendered":"Becky G recibi\u00f3 la llave de Coachella por sus aportes a la comunidad latina"},"content":{"rendered":"\n<p><em>Cr\u00e9dito: Nuestro Stories<\/em>.<\/p>\n\n\n\n<p>Despu\u00e9s de una exitosa actuaci\u00f3n en el Festival de M\u00fasica y Artes del Valle de Coachella 2023, la cantante e int\u00e9rprete latina Becky G fue honrada con la llave de la ciudad de Coachella por \u201csu continua contribuci\u00f3n a la m\u00fasica y apoyo a la comunidad latina\u201d.<\/p>\n\n\n\n<p>La ciudad de <a href=\"https:\/\/www.facebook.com\/yourcoachella\/videos\/1010020326632760\/\">Coachella<\/a> es la ciudad m\u00e1s oriental del Valle de Coachella, en donde el 96.6 por ciento de la poblaci\u00f3n es de origen latino (seg\u00fan la <a href=\"https:\/\/www.census.gov\/quickfacts\/coachellacitycalifornia\">Oficina del Censo de Estados Unidos<\/a>).<\/p>\n\n\n\n<p>Los cuatro abuelos de Becky G inmigraron a Estados Unidos desde Jalisco, M\u00e9xico, mientras que ella, junto con sus dos hermanos y su hermana, crecieron en el \u00e1rea de Moreno Valley, California. Sin lugar a dudas, es una gran trabajadora hasta el d\u00eda de hoy, pues la estrella incluso tuvo varios empleos de medio tiempo para ayudar a su familia cuando era m\u00e1s joven.<\/p>\n\n\n\n<p>\u201cDesde peque\u00f1a, sent\u00ed en mi coraz\u00f3n seguir adelante y demostrar que nada es imposible\u201d, dijo Becky G durante la ceremonia de Coachella. \u201cS\u00ed se puede\u201d,<em> <\/em>agreg\u00f3 en espa\u00f1ol y continu\u00f3: \u201dEn todo lo que hago, en mi carrera, en mi vida personal, con mi salud mental\u2026 en todos los aspectos de mi vida quiero demostrar que somos capaces y fuertes\u201d.<\/p>\n\n\n\n<p><strong>Leer m\u00e1s: <\/strong><a href=\"https:\/\/draft.nuestrostories.com\/\/2023\/04\/karol-g-first-latina-to-headline-lollapalooza\/\">Karol G, primera latina en encabezar Lollapalooza<\/a><\/p>\n\n\n\n<h2 class=\"wp-block-heading\"><span style=\"font-weight: 400;\">Becky G fue celebrada por la gente de Coachella<\/span><\/h2>\n\n\n\n<p>Becky comparti\u00f3 una <a href=\"https:\/\/www.instagram.com\/p\/CrW682uv8j4\/\">publicaci\u00f3n en Instagram<\/a> sobre el reconocimiento de la Ciudad de Coachella, en donde le agradeci\u00f3 al alcalde Steven Hern\u00e1ndez por este honor y reconoci\u00f3 la fortaleza del pueblo latino, que es lo \u00fanico que la ayuda a salir adelante, de acuerdo con lo que comparti\u00f3.<\/p>\n\n\n\n<p>\"Es por eso que creo que s\u00ed se puede y la raz\u00f3n de que todos debamos inspirarnos unos a otros para siempre profundizar, mirar hacia adelante y seguir adelante para continuar levantando nuestras banderas con orgullo\", se lee en la publicaci\u00f3n, de nuevo incluyendo palabras en espa\u00f1ol. \u201cAl verdadero Coachella, gracias. Es un honor tener la llave de tu coraz\u00f3n\u201d.<\/p>\n","protected":false},"excerpt":{"rendered":"<p>Cr\u00e9dito: Nuestro Stories. Despu\u00e9s de una exitosa actuaci\u00f3n en el Festival de M\u00fasica y Artes del Valle de Coachella 2023, la cantante e int\u00e9rprete latina Becky G fue honrada con la llave de la ciudad de Coachella por \u201csu continua contribuci\u00f3n a la m\u00fasica y apoyo a la comunidad latina\u201d. La ciudad de Coachella es [&hellip;]<\/p>\n","protected":false},"author":4,"featured_media":10389,"comment_status":"closed","ping_status":"open","sticky":false,"template":"","format":"standard","meta":{"_acf_changed":false,"footnotes":""},"categories":[1281],"tags":[],"class_list":["post-13559","post","type-post","status-publish","format-standard","has-post-thumbnail","hentry","category-featured-es"],"acf":[],"yoast_head":"<!-- This site is optimized with the Yoast SEO plugin v23.5 - https:\/\/yoast.com\/wordpress\/plugins\/seo\/ -->\n<title>Becky G recibi\u00f3 la llave de Coachella por sus aportes a la comunidad latina - Nuestro Stories<\/title>\n<meta name=\"robots\" content=\"index, follow, max-snippet:-1, max-image-preview:large, max-video-preview:-1\" \/>\n<link rel=\"canonical\" href=\"https:\/\/draft.nuestrostories.com\/es\/2023\/05\/becky-g-recibio-la-llave-de-coachella-por-sus-aportes-a-la-comunidad-latina\/\" \/>\n<meta property=\"og:locale\" content=\"es_ES\" \/>\n<meta property=\"og:type\" content=\"article\" \/>\n<meta property=\"og:title\" content=\"Becky G recibi\u00f3 la llave de Coachella por sus aportes a la comunidad latina - Nuestro Stories\" \/>\n<meta property=\"og:description\" content=\"Cr\u00e9dito: Nuestro Stories. Despu\u00e9s de una exitosa actuaci\u00f3n en el Festival de M\u00fasica y Artes del Valle de Coachella 2023, la cantante e int\u00e9rprete latina Becky G fue honrada con la llave de la ciudad de Coachella por \u201csu continua contribuci\u00f3n a la m\u00fasica y apoyo a la comunidad latina\u201d. La ciudad de Coachella es [&hellip;]\" \/>\n<meta property=\"og:url\" content=\"https:\/\/draft.nuestrostories.com\/es\/2023\/05\/becky-g-recibio-la-llave-de-coachella-por-sus-aportes-a-la-comunidad-latina\/\" \/>\n<meta property=\"og:site_name\" content=\"Nuestro Stories\" \/>\n<meta property=\"article:published_time\" content=\"2023-05-03T13:40:02+00:00\" \/>\n<meta property=\"article:modified_time\" content=\"2023-12-18T14:37:08+00:00\" \/>\n<meta property=\"og:image\" content=\"https:\/\/draft.nuestrostories.com\/wp-content\/uploads\/2023\/04\/Becky-G-Coachella-1.jpg\" \/>\n\t<meta property=\"og:image:width\" content=\"1910\" \/>\n\t<meta property=\"og:image:height\" content=\"1274\" \/>\n\t<meta property=\"og:image:type\" content=\"image\/jpeg\" \/>\n<meta name=\"author\" content=\"Rachel\" \/>\n<meta name=\"twitter:card\" content=\"summary_large_image\" \/>\n<meta name=\"twitter:label1\" content=\"Escrito por\" \/>\n\t<meta name=\"twitter:data1\" content=\"Rachel\" \/>\n\t<meta name=\"twitter:label2\" content=\"Tiempo de lectura\" \/>\n\t<meta name=\"twitter:data2\" content=\"2 minutos\" \/>\n<script type=\"application\/ld+json\" class=\"yoast-schema-graph\">{\"@context\":\"https:\/\/schema.org\",\"@graph\":[{\"@type\":\"WebPage\",\"@id\":\"https:\/\/draft.nuestrostories.com\/es\/2023\/05\/becky-g-recibio-la-llave-de-coachella-por-sus-aportes-a-la-comunidad-latina\/\",\"url\":\"https:\/\/draft.nuestrostories.com\/es\/2023\/05\/becky-g-recibio-la-llave-de-coachella-por-sus-aportes-a-la-comunidad-latina\/\",\"name\":\"Becky G recibi\u00f3 la llave de Coachella por sus aportes a la comunidad latina - Nuestro Stories\",\"isPartOf\":{\"@id\":\"https:\/\/draft.nuestrostories.com\/es\/#website\"},\"primaryImageOfPage\":{\"@id\":\"https:\/\/draft.nuestrostories.com\/es\/2023\/05\/becky-g-recibio-la-llave-de-coachella-por-sus-aportes-a-la-comunidad-latina\/#primaryimage\"},\"image\":{\"@id\":\"https:\/\/draft.nuestrostories.com\/es\/2023\/05\/becky-g-recibio-la-llave-de-coachella-por-sus-aportes-a-la-comunidad-latina\/#primaryimage\"},\"thumbnailUrl\":\"https:\/\/draft.nuestrostories.com\/wp-content\/uploads\/2023\/04\/Becky-G-Coachella-1.jpg\",\"datePublished\":\"2023-05-03T13:40:02+00:00\",\"dateModified\":\"2023-12-18T14:37:08+00:00\",\"author\":{\"@id\":\"https:\/\/draft.nuestrostories.com\/es\/#\/schema\/person\/b741b0e4e34088347d1fba305925ff68\"},\"breadcrumb\":{\"@id\":\"https:\/\/draft.nuestrostories.com\/es\/2023\/05\/becky-g-recibio-la-llave-de-coachella-por-sus-aportes-a-la-comunidad-latina\/#breadcrumb\"},\"inLanguage\":\"es\",\"potentialAction\":[{\"@type\":\"ReadAction\",\"target\":[\"https:\/\/draft.nuestrostories.com\/es\/2023\/05\/becky-g-recibio-la-llave-de-coachella-por-sus-aportes-a-la-comunidad-latina\/\"]}]},{\"@type\":\"ImageObject\",\"inLanguage\":\"es\",\"@id\":\"https:\/\/draft.nuestrostories.com\/es\/2023\/05\/becky-g-recibio-la-llave-de-coachella-por-sus-aportes-a-la-comunidad-latina\/#primaryimage\",\"url\":\"https:\/\/draft.nuestrostories.com\/wp-content\/uploads\/2023\/04\/Becky-G-Coachella-1.jpg\",\"contentUrl\":\"https:\/\/draft.nuestrostories.com\/wp-content\/uploads\/2023\/04\/Becky-G-Coachella-1.jpg\",\"width\":1910,\"height\":1274},{\"@type\":\"BreadcrumbList\",\"@id\":\"https:\/\/draft.nuestrostories.com\/es\/2023\/05\/becky-g-recibio-la-llave-de-coachella-por-sus-aportes-a-la-comunidad-latina\/#breadcrumb\",\"itemListElement\":[{\"@type\":\"ListItem\",\"position\":1,\"name\":\"Home\",\"item\":\"https:\/\/draft.nuestrostories.com\/es\/\"},{\"@type\":\"ListItem\",\"position\":2,\"name\":\"Becky G recibi\u00f3 la llave de Coachella por sus aportes a la comunidad latina\"}]},{\"@type\":\"WebSite\",\"@id\":\"https:\/\/draft.nuestrostories.com\/es\/#website\",\"url\":\"https:\/\/draft.nuestrostories.com\/es\/\",\"name\":\"Nuestro Stories\",\"description\":\"Latino Heritage. Every Day.\",\"potentialAction\":[{\"@type\":\"SearchAction\",\"target\":{\"@type\":\"EntryPoint\",\"urlTemplate\":\"https:\/\/draft.nuestrostories.com\/es\/?s={search_term_string}\"},\"query-input\":{\"@type\":\"PropertyValueSpecification\",\"valueRequired\":true,\"valueName\":\"search_term_string\"}}],\"inLanguage\":\"es\"},{\"@type\":\"Person\",\"@id\":\"https:\/\/draft.nuestrostories.com\/es\/#\/schema\/person\/b741b0e4e34088347d1fba305925ff68\",\"name\":\"Rachel\",\"image\":{\"@type\":\"ImageObject\",\"inLanguage\":\"es\",\"@id\":\"https:\/\/draft.nuestrostories.com\/es\/#\/schema\/person\/image\/\",\"url\":\"https:\/\/draft.nuestrostories.com\/wp-content\/uploads\/2023\/06\/RachelBio-150x150.jpg\",\"contentUrl\":\"https:\/\/draft.nuestrostories.com\/wp-content\/uploads\/2023\/06\/RachelBio-150x150.jpg\",\"caption\":\"Rachel\"},\"description\":\"Olivia Monahan Chicana journalist, editor, educator, and organizer in Sacramento whose sole focus is to shed light on stories on our most impacted and marginalized communities, but even more importantly, for those stories to humanize those normally left out. She is an Ida B Wells Investigative Journalism Fellow 2022 Finalist, a member of the Parenting Journalists Society, and has bylines in The Courier, The Sacramento Bee, The Americano, Submerge Magazine among others.\",\"url\":\"https:\/\/draft.nuestrostories.com\/es\/author\/rachel\/\"}]}<\/script>\n<!-- \/ Yoast SEO plugin. -->","yoast_head_json":{"title":"Becky G recibi\u00f3 la llave de Coachella por sus aportes a la comunidad latina - Nuestro Stories","robots":{"index":"index","follow":"follow","max-snippet":"max-snippet:-1","max-image-preview":"max-image-preview:large","max-video-preview":"max-video-preview:-1"},"canonical":"https:\/\/draft.nuestrostories.com\/es\/2023\/05\/becky-g-recibio-la-llave-de-coachella-por-sus-aportes-a-la-comunidad-latina\/","og_locale":"es_ES","og_type":"article","og_title":"Becky G recibi\u00f3 la llave de Coachella por sus aportes a la comunidad latina - Nuestro Stories","og_description":"Cr\u00e9dito: Nuestro Stories. Despu\u00e9s de una exitosa actuaci\u00f3n en el Festival de M\u00fasica y Artes del Valle de Coachella 2023, la cantante e int\u00e9rprete latina Becky G fue honrada con la llave de la ciudad de Coachella por \u201csu continua contribuci\u00f3n a la m\u00fasica y apoyo a la comunidad latina\u201d. La ciudad de Coachella es [&hellip;]","og_url":"https:\/\/draft.nuestrostories.com\/es\/2023\/05\/becky-g-recibio-la-llave-de-coachella-por-sus-aportes-a-la-comunidad-latina\/","og_site_name":"Nuestro Stories","article_published_time":"2023-05-03T13:40:02+00:00","article_modified_time":"2023-12-18T14:37:08+00:00","og_image":[{"width":1910,"height":1274,"url":"https:\/\/draft.nuestrostories.com\/wp-content\/uploads\/2023\/04\/Becky-G-Coachella-1.jpg","type":"image\/jpeg"}],"author":"Rachel","twitter_card":"summary_large_image","twitter_misc":{"Escrito por":"Rachel","Tiempo de lectura":"2 minutos"},"schema":{"@context":"https:\/\/schema.org","@graph":[{"@type":"WebPage","@id":"https:\/\/draft.nuestrostories.com\/es\/2023\/05\/becky-g-recibio-la-llave-de-coachella-por-sus-aportes-a-la-comunidad-latina\/","url":"https:\/\/draft.nuestrostories.com\/es\/2023\/05\/becky-g-recibio-la-llave-de-coachella-por-sus-aportes-a-la-comunidad-latina\/","name":"Becky G recibi\u00f3 la llave de Coachella por sus aportes a la comunidad latina - Nuestro Stories","isPartOf":{"@id":"https:\/\/draft.nuestrostories.com\/es\/#website"},"primaryImageOfPage":{"@id":"https:\/\/draft.nuestrostories.com\/es\/2023\/05\/becky-g-recibio-la-llave-de-coachella-por-sus-aportes-a-la-comunidad-latina\/#primaryimage"},"image":{"@id":"https:\/\/draft.nuestrostories.com\/es\/2023\/05\/becky-g-recibio-la-llave-de-coachella-por-sus-aportes-a-la-comunidad-latina\/#primaryimage"},"thumbnailUrl":"https:\/\/draft.nuestrostories.com\/wp-content\/uploads\/2023\/04\/Becky-G-Coachella-1.jpg","datePublished":"2023-05-03T13:40:02+00:00","dateModified":"2023-12-18T14:37:08+00:00","author":{"@id":"https:\/\/draft.nuestrostories.com\/es\/#\/schema\/person\/b741b0e4e34088347d1fba305925ff68"},"breadcrumb":{"@id":"https:\/\/draft.nuestrostories.com\/es\/2023\/05\/becky-g-recibio-la-llave-de-coachella-por-sus-aportes-a-la-comunidad-latina\/#breadcrumb"},"inLanguage":"es","potentialAction":[{"@type":"ReadAction","target":["https:\/\/draft.nuestrostories.com\/es\/2023\/05\/becky-g-recibio-la-llave-de-coachella-por-sus-aportes-a-la-comunidad-latina\/"]}]},{"@type":"ImageObject","inLanguage":"es","@id":"https:\/\/draft.nuestrostories.com\/es\/2023\/05\/becky-g-recibio-la-llave-de-coachella-por-sus-aportes-a-la-comunidad-latina\/#primaryimage","url":"https:\/\/draft.nuestrostories.com\/wp-content\/uploads\/2023\/04\/Becky-G-Coachella-1.jpg","contentUrl":"https:\/\/draft.nuestrostories.com\/wp-content\/uploads\/2023\/04\/Becky-G-Coachella-1.jpg","width":1910,"height":1274},{"@type":"BreadcrumbList","@id":"https:\/\/draft.nuestrostories.com\/es\/2023\/05\/becky-g-recibio-la-llave-de-coachella-por-sus-aportes-a-la-comunidad-latina\/#breadcrumb","itemListElement":[{"@type":"ListItem","position":1,"name":"Home","item":"https:\/\/draft.nuestrostories.com\/es\/"},{"@type":"ListItem","position":2,"name":"Becky G recibi\u00f3 la llave de Coachella por sus aportes a la comunidad latina"}]},{"@type":"WebSite","@id":"https:\/\/draft.nuestrostories.com\/es\/#website","url":"https:\/\/draft.nuestrostories.com\/es\/","name":"Nuestro Stories","description":"Latino Heritage. Every Day.","potentialAction":[{"@type":"SearchAction","target":{"@type":"EntryPoint","urlTemplate":"https:\/\/draft.nuestrostories.com\/es\/?s={search_term_string}"},"query-input":{"@type":"PropertyValueSpecification","valueRequired":true,"valueName":"search_term_string"}}],"inLanguage":"es"},{"@type":"Person","@id":"https:\/\/draft.nuestrostories.com\/es\/#\/schema\/person\/b741b0e4e34088347d1fba305925ff68","name":"Rachel","image":{"@type":"ImageObject","inLanguage":"es","@id":"https:\/\/draft.nuestrostories.com\/es\/#\/schema\/person\/image\/","url":"https:\/\/draft.nuestrostories.com\/wp-content\/uploads\/2023\/06\/RachelBio-150x150.jpg","contentUrl":"https:\/\/draft.nuestrostories.com\/wp-content\/uploads\/2023\/06\/RachelBio-150x150.jpg","caption":"Rachel"},"description":"Olivia Monahan Chicana journalist, editor, educator, and organizer in Sacramento whose sole focus is to shed light on stories on our most impacted and marginalized communities, but even more importantly, for those stories to humanize those normally left out. She is an Ida B Wells Investigative Journalism Fellow 2022 Finalist, a member of the Parenting Journalists Society, and has bylines in The Courier, The Sacramento Bee, The Americano, Submerge Magazine among others.","url":"https:\/\/draft.nuestrostories.com\/es\/author\/rachel\/"}]}},"_links":{"self":[{"href":"https:\/\/draft.nuestrostories.com\/es\/wp-json\/wp\/v2\/posts\/13559","targetHints":{"allow":["GET"]}}],"collection":[{"href":"https:\/\/draft.nuestrostories.com\/es\/wp-json\/wp\/v2\/posts"}],"about":[{"href":"https:\/\/draft.nuestrostories.com\/es\/wp-json\/wp\/v2\/types\/post"}],"author":[{"embeddable":true,"href":"https:\/\/draft.nuestrostories.com\/es\/wp-json\/wp\/v2\/users\/4"}],"replies":[{"embeddable":true,"href":"https:\/\/draft.nuestrostories.com\/es\/wp-json\/wp\/v2\/comments?post=13559"}],"version-history":[{"count":2,"href":"https:\/\/draft.nuestrostories.com\/es\/wp-json\/wp\/v2\/posts\/13559\/revisions"}],"predecessor-version":[{"id":13562,"href":"https:\/\/draft.nuestrostories.com\/es\/wp-json\/wp\/v2\/posts\/13559\/revisions\/13562"}],"wp:featuredmedia":[{"embeddable":true,"href":"https:\/\/draft.nuestrostories.com\/es\/wp-json\/wp\/v2\/media\/10389"}],"wp:attachment":[{"href":"https:\/\/draft.nuestrostories.com\/es\/wp-json\/wp\/v2\/media?parent=13559"}],"wp:term":[{"taxonomy":"category","embeddable":true,"href":"https:\/\/draft.nuestrostories.com\/es\/wp-json\/wp\/v2\/categories?post=13559"},{"taxonomy":"post_tag","embeddable":true,"href":"https:\/\/draft.nuestrostories.com\/es\/wp-json\/wp\/v2\/tags?post=13559"}],"curies":[{"name":"wp","href":"https:\/\/api.w.org\/{rel}","templated":true}]}}