{"id":13555,"date":"2023-05-03T14:25:55","date_gmt":"2023-05-03T14:25:55","guid":{"rendered":"https:\/\/draft.nuestrostories.com\/\/?p=13555"},"modified":"2023-12-18T14:19:31","modified_gmt":"2023-12-18T14:19:31","slug":"john-leguizamo-dijo-que-continua-cabildeando-por-latino-nacional-museum-y-por-que-es-importante","status":"publish","type":"post","link":"https:\/\/draft.nuestrostories.com\/es\/2023\/05\/john-leguizamo-dijo-que-continua-cabildeando-por-latino-nacional-museum-y-por-que-es-importante\/","title":{"rendered":"John Leguizamo dijo que contin\u00faa cabildeando por Latino Nacional Museum y por qu\u00e9 es importante"},"content":{"rendered":"\n<p><em>Imagen: Cortes\u00eda de Nuestro Stories<\/em>.<\/p>\n\n\n\n<p>El actor y comediante John Leguizamo aboga por una mayor representaci\u00f3n latina. Eligi\u00f3 esta misi\u00f3n para luchar por una interpretaci\u00f3n justa y notable de esta comunidad que contribuye diariamente a Estados Unidos.<\/p>\n\n\n\n<p>El colombianoestadounidense, quien ha aparecido en m\u00e1s de 100 pel\u00edculas, visit\u00f3 Washington, DC, para <a href=\"https:\/\/people.com\/politics\/john-leguizamo-lobbies-for-national-latino-museum-big-thing-i-want-to-do-before-i-die-exclusive\/\">cabildear<\/a> a favor de <a href=\"https:\/\/draft.nuestrostories.com\/\/2022\/05\/smithsonians-national-museum-of-the-american-latino-first-exhibition\/\">Latino National Museum<\/a>, un proyecto en el que el actor le dijo a la revista People que quiere participar antes de morir.<\/p>\n\n\n\n<p>Durante la entrevista exclusiva, que tuvo lugar en el anual \"Garden Brunch\" de Tammy Haddad antes de la cena de corresponsales de la Casa Blanca, Leguizamo dijo que planea hablar con legisladores y buscar una buena ubicaci\u00f3n para el museo.<\/p>\n\n\n\n<p>\"Est\u00e1 estancado en cuanto a la ubicaci\u00f3n\", dijo el comediante a la revista People. \u201cNo queremos que el museo est\u00e9 a millas de aqu\u00ed, porque nos hace sentir como de segunda clase, como si no importara. Necesitamos estar en el  Mall porque somos muy importantes. Hemos contribuido durante 500 a\u00f1os\u201d.<\/p>\n\n\n\n<h2 class=\"wp-block-heading\"><span style=\"font-weight: 400;\">Seg\u00fan Leguizamo, la representaci\u00f3n latina en Estados Unidos sigue siendo m\u00ednima<\/span><\/h2>\n\n\n\n<p>Aunque los hispanos constituyen el 20 por ciento de la poblaci\u00f3n, John Leguizamo dijo que esa cifra no se refleja en industrias como el cine, el entretenimiento, la pol\u00edtica y el periodismo.<\/p>\n\n\n\n<p>\"Es pat\u00e9tico; quiero decir, los blancos son solo el 59 por ciento de la poblaci\u00f3n, pero entonces \u00bfcu\u00e1nta participaci\u00f3n deber\u00edan tener? \u00bfCu\u00e1nta propiedad inmobiliaria deber\u00edan tener? Digamos que al menos el 60 por ciento. Nosotros somos el 20 por ciento de la poblaci\u00f3n y menos del dos por ciento de los pol\u00edticos, menos del dos o tres por ciento de los dirigentes, menos del uno por ciento de los editores y periodistas\u201d, dijo para la publicaci\u00f3n.<\/p>\n\n\n\n<p>John Leguizamo agreg\u00f3 que est\u00e1 abogando y exigiendo que ese 20 por ciento se transmita en horario estelar de televisi\u00f3n, ya que los latinos tambi\u00e9n contribuyen a esta industria. En una entrevista reciente con TMZ, el actor incluso dijo que est\u00e1 boicoteando la nueva pel\u00edcula de <em>Super Mario<\/em> debido a la falta de representaci\u00f3n latina.<\/p>\n\n\n\n<p>\u201cEllos  necesitan dar luz verde a nuestros proyectos. Sigo haciendo propuestas y ellos se siguen negando y siguen teniendo excusas\u201d, le dijo el colombianoestadounidense a People. Los fan\u00e1ticos pueden ver a la estrella recorriendo el pa\u00eds en su nueva serie de MSNBC <em>Leguizamo Does America.<\/em><\/p>\n\n\n\n<p><\/p>\n\n\n\n<div class=\"autor-box__text\">\n\n<\/div>\n","protected":false},"excerpt":{"rendered":"<p>Imagen: Cortes\u00eda de Nuestro Stories. El actor y comediante John Leguizamo aboga por una mayor representaci\u00f3n latina. Eligi\u00f3 esta misi\u00f3n para luchar por una interpretaci\u00f3n justa y notable de esta comunidad que contribuye diariamente a Estados Unidos. El colombianoestadounidense, quien ha aparecido en m\u00e1s de 100 pel\u00edculas, visit\u00f3 Washington, DC, para cabildear a favor de [&hellip;]<\/p>\n","protected":false},"author":4,"featured_media":10390,"comment_status":"closed","ping_status":"open","sticky":false,"template":"","format":"standard","meta":{"_acf_changed":false,"footnotes":""},"categories":[1281],"tags":[],"class_list":["post-13555","post","type-post","status-publish","format-standard","has-post-thumbnail","hentry","category-featured-es"],"acf":[],"yoast_head":"<!-- This site is optimized with the Yoast SEO plugin v23.5 - https:\/\/yoast.com\/wordpress\/plugins\/seo\/ -->\n<title>John Leguizamo dijo que contin\u00faa cabildeando por Latino Nacional Museum y por qu\u00e9 es importante - Nuestro Stories<\/title>\n<meta name=\"robots\" content=\"index, follow, max-snippet:-1, max-image-preview:large, max-video-preview:-1\" \/>\n<link rel=\"canonical\" href=\"https:\/\/draft.nuestrostories.com\/es\/2023\/05\/john-leguizamo-dijo-que-continua-cabildeando-por-latino-nacional-museum-y-por-que-es-importante\/\" \/>\n<meta property=\"og:locale\" content=\"es_ES\" \/>\n<meta property=\"og:type\" content=\"article\" \/>\n<meta property=\"og:title\" content=\"John Leguizamo dijo que contin\u00faa cabildeando por Latino Nacional Museum y por qu\u00e9 es importante - Nuestro Stories\" \/>\n<meta property=\"og:description\" content=\"Imagen: Cortes\u00eda de Nuestro Stories. El actor y comediante John Leguizamo aboga por una mayor representaci\u00f3n latina. Eligi\u00f3 esta misi\u00f3n para luchar por una interpretaci\u00f3n justa y notable de esta comunidad que contribuye diariamente a Estados Unidos. El colombianoestadounidense, quien ha aparecido en m\u00e1s de 100 pel\u00edculas, visit\u00f3 Washington, DC, para cabildear a favor de [&hellip;]\" \/>\n<meta property=\"og:url\" content=\"https:\/\/draft.nuestrostories.com\/es\/2023\/05\/john-leguizamo-dijo-que-continua-cabildeando-por-latino-nacional-museum-y-por-que-es-importante\/\" \/>\n<meta property=\"og:site_name\" content=\"Nuestro Stories\" \/>\n<meta property=\"article:published_time\" content=\"2023-05-03T14:25:55+00:00\" \/>\n<meta property=\"article:modified_time\" content=\"2023-12-18T14:19:31+00:00\" \/>\n<meta property=\"og:image\" content=\"https:\/\/draft.nuestrostories.com\/wp-content\/uploads\/2023\/05\/John-Leguizamo.jpg\" \/>\n\t<meta property=\"og:image:width\" content=\"1910\" \/>\n\t<meta property=\"og:image:height\" content=\"1274\" \/>\n\t<meta property=\"og:image:type\" content=\"image\/jpeg\" \/>\n<meta name=\"author\" content=\"Rachel\" \/>\n<meta name=\"twitter:card\" content=\"summary_large_image\" \/>\n<meta name=\"twitter:label1\" content=\"Escrito por\" \/>\n\t<meta name=\"twitter:data1\" content=\"Rachel\" \/>\n\t<meta name=\"twitter:label2\" content=\"Tiempo de lectura\" \/>\n\t<meta name=\"twitter:data2\" content=\"2 minutos\" \/>\n<script type=\"application\/ld+json\" class=\"yoast-schema-graph\">{\"@context\":\"https:\/\/schema.org\",\"@graph\":[{\"@type\":\"WebPage\",\"@id\":\"https:\/\/draft.nuestrostories.com\/es\/2023\/05\/john-leguizamo-dijo-que-continua-cabildeando-por-latino-nacional-museum-y-por-que-es-importante\/\",\"url\":\"https:\/\/draft.nuestrostories.com\/es\/2023\/05\/john-leguizamo-dijo-que-continua-cabildeando-por-latino-nacional-museum-y-por-que-es-importante\/\",\"name\":\"John Leguizamo dijo que contin\u00faa cabildeando por Latino Nacional Museum y por qu\u00e9 es importante - Nuestro Stories\",\"isPartOf\":{\"@id\":\"https:\/\/draft.nuestrostories.com\/es\/#website\"},\"primaryImageOfPage\":{\"@id\":\"https:\/\/draft.nuestrostories.com\/es\/2023\/05\/john-leguizamo-dijo-que-continua-cabildeando-por-latino-nacional-museum-y-por-que-es-importante\/#primaryimage\"},\"image\":{\"@id\":\"https:\/\/draft.nuestrostories.com\/es\/2023\/05\/john-leguizamo-dijo-que-continua-cabildeando-por-latino-nacional-museum-y-por-que-es-importante\/#primaryimage\"},\"thumbnailUrl\":\"https:\/\/draft.nuestrostories.com\/wp-content\/uploads\/2023\/05\/John-Leguizamo.jpg\",\"datePublished\":\"2023-05-03T14:25:55+00:00\",\"dateModified\":\"2023-12-18T14:19:31+00:00\",\"author\":{\"@id\":\"https:\/\/draft.nuestrostories.com\/es\/#\/schema\/person\/b741b0e4e34088347d1fba305925ff68\"},\"breadcrumb\":{\"@id\":\"https:\/\/draft.nuestrostories.com\/es\/2023\/05\/john-leguizamo-dijo-que-continua-cabildeando-por-latino-nacional-museum-y-por-que-es-importante\/#breadcrumb\"},\"inLanguage\":\"es\",\"potentialAction\":[{\"@type\":\"ReadAction\",\"target\":[\"https:\/\/draft.nuestrostories.com\/es\/2023\/05\/john-leguizamo-dijo-que-continua-cabildeando-por-latino-nacional-museum-y-por-que-es-importante\/\"]}]},{\"@type\":\"ImageObject\",\"inLanguage\":\"es\",\"@id\":\"https:\/\/draft.nuestrostories.com\/es\/2023\/05\/john-leguizamo-dijo-que-continua-cabildeando-por-latino-nacional-museum-y-por-que-es-importante\/#primaryimage\",\"url\":\"https:\/\/draft.nuestrostories.com\/wp-content\/uploads\/2023\/05\/John-Leguizamo.jpg\",\"contentUrl\":\"https:\/\/draft.nuestrostories.com\/wp-content\/uploads\/2023\/05\/John-Leguizamo.jpg\",\"width\":1910,\"height\":1274,\"caption\":\"Image courtesy of Nuestro Stories.\"},{\"@type\":\"BreadcrumbList\",\"@id\":\"https:\/\/draft.nuestrostories.com\/es\/2023\/05\/john-leguizamo-dijo-que-continua-cabildeando-por-latino-nacional-museum-y-por-que-es-importante\/#breadcrumb\",\"itemListElement\":[{\"@type\":\"ListItem\",\"position\":1,\"name\":\"Home\",\"item\":\"https:\/\/draft.nuestrostories.com\/es\/\"},{\"@type\":\"ListItem\",\"position\":2,\"name\":\"John Leguizamo dijo que contin\u00faa cabildeando por Latino Nacional Museum y por qu\u00e9 es importante\"}]},{\"@type\":\"WebSite\",\"@id\":\"https:\/\/draft.nuestrostories.com\/es\/#website\",\"url\":\"https:\/\/draft.nuestrostories.com\/es\/\",\"name\":\"Nuestro Stories\",\"description\":\"Latino Heritage. Every Day.\",\"potentialAction\":[{\"@type\":\"SearchAction\",\"target\":{\"@type\":\"EntryPoint\",\"urlTemplate\":\"https:\/\/draft.nuestrostories.com\/es\/?s={search_term_string}\"},\"query-input\":{\"@type\":\"PropertyValueSpecification\",\"valueRequired\":true,\"valueName\":\"search_term_string\"}}],\"inLanguage\":\"es\"},{\"@type\":\"Person\",\"@id\":\"https:\/\/draft.nuestrostories.com\/es\/#\/schema\/person\/b741b0e4e34088347d1fba305925ff68\",\"name\":\"Rachel\",\"image\":{\"@type\":\"ImageObject\",\"inLanguage\":\"es\",\"@id\":\"https:\/\/draft.nuestrostories.com\/es\/#\/schema\/person\/image\/\",\"url\":\"https:\/\/draft.nuestrostories.com\/wp-content\/uploads\/2023\/06\/RachelBio-150x150.jpg\",\"contentUrl\":\"https:\/\/draft.nuestrostories.com\/wp-content\/uploads\/2023\/06\/RachelBio-150x150.jpg\",\"caption\":\"Rachel\"},\"description\":\"Olivia Monahan Chicana journalist, editor, educator, and organizer in Sacramento whose sole focus is to shed light on stories on our most impacted and marginalized communities, but even more importantly, for those stories to humanize those normally left out. She is an Ida B Wells Investigative Journalism Fellow 2022 Finalist, a member of the Parenting Journalists Society, and has bylines in The Courier, The Sacramento Bee, The Americano, Submerge Magazine among others.\",\"url\":\"https:\/\/draft.nuestrostories.com\/es\/author\/rachel\/\"}]}<\/script>\n<!-- \/ Yoast SEO plugin. -->","yoast_head_json":{"title":"John Leguizamo dijo que contin\u00faa cabildeando por Latino Nacional Museum y por qu\u00e9 es importante - Nuestro Stories","robots":{"index":"index","follow":"follow","max-snippet":"max-snippet:-1","max-image-preview":"max-image-preview:large","max-video-preview":"max-video-preview:-1"},"canonical":"https:\/\/draft.nuestrostories.com\/es\/2023\/05\/john-leguizamo-dijo-que-continua-cabildeando-por-latino-nacional-museum-y-por-que-es-importante\/","og_locale":"es_ES","og_type":"article","og_title":"John Leguizamo dijo que contin\u00faa cabildeando por Latino Nacional Museum y por qu\u00e9 es importante - Nuestro Stories","og_description":"Imagen: Cortes\u00eda de Nuestro Stories. El actor y comediante John Leguizamo aboga por una mayor representaci\u00f3n latina. Eligi\u00f3 esta misi\u00f3n para luchar por una interpretaci\u00f3n justa y notable de esta comunidad que contribuye diariamente a Estados Unidos. El colombianoestadounidense, quien ha aparecido en m\u00e1s de 100 pel\u00edculas, visit\u00f3 Washington, DC, para cabildear a favor de [&hellip;]","og_url":"https:\/\/draft.nuestrostories.com\/es\/2023\/05\/john-leguizamo-dijo-que-continua-cabildeando-por-latino-nacional-museum-y-por-que-es-importante\/","og_site_name":"Nuestro Stories","article_published_time":"2023-05-03T14:25:55+00:00","article_modified_time":"2023-12-18T14:19:31+00:00","og_image":[{"width":1910,"height":1274,"url":"https:\/\/draft.nuestrostories.com\/wp-content\/uploads\/2023\/05\/John-Leguizamo.jpg","type":"image\/jpeg"}],"author":"Rachel","twitter_card":"summary_large_image","twitter_misc":{"Escrito por":"Rachel","Tiempo de lectura":"2 minutos"},"schema":{"@context":"https:\/\/schema.org","@graph":[{"@type":"WebPage","@id":"https:\/\/draft.nuestrostories.com\/es\/2023\/05\/john-leguizamo-dijo-que-continua-cabildeando-por-latino-nacional-museum-y-por-que-es-importante\/","url":"https:\/\/draft.nuestrostories.com\/es\/2023\/05\/john-leguizamo-dijo-que-continua-cabildeando-por-latino-nacional-museum-y-por-que-es-importante\/","name":"John Leguizamo dijo que contin\u00faa cabildeando por Latino Nacional Museum y por qu\u00e9 es importante - Nuestro Stories","isPartOf":{"@id":"https:\/\/draft.nuestrostories.com\/es\/#website"},"primaryImageOfPage":{"@id":"https:\/\/draft.nuestrostories.com\/es\/2023\/05\/john-leguizamo-dijo-que-continua-cabildeando-por-latino-nacional-museum-y-por-que-es-importante\/#primaryimage"},"image":{"@id":"https:\/\/draft.nuestrostories.com\/es\/2023\/05\/john-leguizamo-dijo-que-continua-cabildeando-por-latino-nacional-museum-y-por-que-es-importante\/#primaryimage"},"thumbnailUrl":"https:\/\/draft.nuestrostories.com\/wp-content\/uploads\/2023\/05\/John-Leguizamo.jpg","datePublished":"2023-05-03T14:25:55+00:00","dateModified":"2023-12-18T14:19:31+00:00","author":{"@id":"https:\/\/draft.nuestrostories.com\/es\/#\/schema\/person\/b741b0e4e34088347d1fba305925ff68"},"breadcrumb":{"@id":"https:\/\/draft.nuestrostories.com\/es\/2023\/05\/john-leguizamo-dijo-que-continua-cabildeando-por-latino-nacional-museum-y-por-que-es-importante\/#breadcrumb"},"inLanguage":"es","potentialAction":[{"@type":"ReadAction","target":["https:\/\/draft.nuestrostories.com\/es\/2023\/05\/john-leguizamo-dijo-que-continua-cabildeando-por-latino-nacional-museum-y-por-que-es-importante\/"]}]},{"@type":"ImageObject","inLanguage":"es","@id":"https:\/\/draft.nuestrostories.com\/es\/2023\/05\/john-leguizamo-dijo-que-continua-cabildeando-por-latino-nacional-museum-y-por-que-es-importante\/#primaryimage","url":"https:\/\/draft.nuestrostories.com\/wp-content\/uploads\/2023\/05\/John-Leguizamo.jpg","contentUrl":"https:\/\/draft.nuestrostories.com\/wp-content\/uploads\/2023\/05\/John-Leguizamo.jpg","width":1910,"height":1274,"caption":"Image courtesy of Nuestro Stories."},{"@type":"BreadcrumbList","@id":"https:\/\/draft.nuestrostories.com\/es\/2023\/05\/john-leguizamo-dijo-que-continua-cabildeando-por-latino-nacional-museum-y-por-que-es-importante\/#breadcrumb","itemListElement":[{"@type":"ListItem","position":1,"name":"Home","item":"https:\/\/draft.nuestrostories.com\/es\/"},{"@type":"ListItem","position":2,"name":"John Leguizamo dijo que contin\u00faa cabildeando por Latino Nacional Museum y por qu\u00e9 es importante"}]},{"@type":"WebSite","@id":"https:\/\/draft.nuestrostories.com\/es\/#website","url":"https:\/\/draft.nuestrostories.com\/es\/","name":"Nuestro Stories","description":"Latino Heritage. Every Day.","potentialAction":[{"@type":"SearchAction","target":{"@type":"EntryPoint","urlTemplate":"https:\/\/draft.nuestrostories.com\/es\/?s={search_term_string}"},"query-input":{"@type":"PropertyValueSpecification","valueRequired":true,"valueName":"search_term_string"}}],"inLanguage":"es"},{"@type":"Person","@id":"https:\/\/draft.nuestrostories.com\/es\/#\/schema\/person\/b741b0e4e34088347d1fba305925ff68","name":"Rachel","image":{"@type":"ImageObject","inLanguage":"es","@id":"https:\/\/draft.nuestrostories.com\/es\/#\/schema\/person\/image\/","url":"https:\/\/draft.nuestrostories.com\/wp-content\/uploads\/2023\/06\/RachelBio-150x150.jpg","contentUrl":"https:\/\/draft.nuestrostories.com\/wp-content\/uploads\/2023\/06\/RachelBio-150x150.jpg","caption":"Rachel"},"description":"Olivia Monahan Chicana journalist, editor, educator, and organizer in Sacramento whose sole focus is to shed light on stories on our most impacted and marginalized communities, but even more importantly, for those stories to humanize those normally left out. She is an Ida B Wells Investigative Journalism Fellow 2022 Finalist, a member of the Parenting Journalists Society, and has bylines in The Courier, The Sacramento Bee, The Americano, Submerge Magazine among others.","url":"https:\/\/draft.nuestrostories.com\/es\/author\/rachel\/"}]}},"_links":{"self":[{"href":"https:\/\/draft.nuestrostories.com\/es\/wp-json\/wp\/v2\/posts\/13555","targetHints":{"allow":["GET"]}}],"collection":[{"href":"https:\/\/draft.nuestrostories.com\/es\/wp-json\/wp\/v2\/posts"}],"about":[{"href":"https:\/\/draft.nuestrostories.com\/es\/wp-json\/wp\/v2\/types\/post"}],"author":[{"embeddable":true,"href":"https:\/\/draft.nuestrostories.com\/es\/wp-json\/wp\/v2\/users\/4"}],"replies":[{"embeddable":true,"href":"https:\/\/draft.nuestrostories.com\/es\/wp-json\/wp\/v2\/comments?post=13555"}],"version-history":[{"count":2,"href":"https:\/\/draft.nuestrostories.com\/es\/wp-json\/wp\/v2\/posts\/13555\/revisions"}],"predecessor-version":[{"id":13558,"href":"https:\/\/draft.nuestrostories.com\/es\/wp-json\/wp\/v2\/posts\/13555\/revisions\/13558"}],"wp:featuredmedia":[{"embeddable":true,"href":"https:\/\/draft.nuestrostories.com\/es\/wp-json\/wp\/v2\/media\/10390"}],"wp:attachment":[{"href":"https:\/\/draft.nuestrostories.com\/es\/wp-json\/wp\/v2\/media?parent=13555"}],"wp:term":[{"taxonomy":"category","embeddable":true,"href":"https:\/\/draft.nuestrostories.com\/es\/wp-json\/wp\/v2\/categories?post=13555"},{"taxonomy":"post_tag","embeddable":true,"href":"https:\/\/draft.nuestrostories.com\/es\/wp-json\/wp\/v2\/tags?post=13555"}],"curies":[{"name":"wp","href":"https:\/\/api.w.org\/{rel}","templated":true}]}}