{"id":13430,"date":"2023-12-14T13:00:00","date_gmt":"2023-12-14T13:00:00","guid":{"rendered":"https:\/\/draft.nuestrostories.com\/\/?p=13430"},"modified":"2023-12-15T04:07:43","modified_gmt":"2023-12-15T04:07:43","slug":"el-ano-en-busquedas-de-google-shakira-jenna-ortega-y-pedro-pascal","status":"publish","type":"post","link":"https:\/\/draft.nuestrostories.com\/es\/2023\/12\/el-ano-en-busquedas-de-google-shakira-jenna-ortega-y-pedro-pascal\/","title":{"rendered":"El a\u00f1o en b\u00fasquedas de Google: Shakira, Jenna Ortega y Pedro Pascal\u00a0"},"content":{"rendered":"\n<p>A medida que el a\u00f1o se acerca a su fin, es hora de echar la vista atr\u00e1s al 2023. Esta semana, gracias a Google, \u00a1ya tenemos las principales tendencias de 2023! <\/p>\n\n\n\n<p>Por 25\u00ba a\u00f1o consecutivo, el gigante de las b\u00fasquedas Google acaba de dar a conocer sus listas de tendencias principales, \"basadas en los t\u00e9rminos de b\u00fasqueda que tuvieron el mayor pico este a\u00f1o en comparaci\u00f3n con el a\u00f1o anterior\".<\/p>\n\n\n\n<figure class=\"wp-block-embed is-type-video is-provider-youtube wp-block-embed-youtube wp-embed-aspect-16-9 wp-has-aspect-ratio\"><div class=\"wp-block-embed__wrapper\">\n<iframe loading=\"lazy\" title=\"Google \u2014 25 Years in Search: The Most Searched\" width=\"500\" height=\"281\" src=\"https:\/\/www.youtube.com\/embed\/3KtWfp0UopM?feature=oembed\" frameborder=\"0\" allow=\"accelerometer; autoplay; clipboard-write; encrypted-media; gyroscope; picture-in-picture; web-share\" referrerpolicy=\"strict-origin-when-cross-origin\" allowfullscreen><\/iframe>\n<\/div><\/figure>\n\n\n\n<p>Este a\u00f1o, Shakira fue el m\u00fasico m\u00e1s buscado en el mundo. En 2022, fue Adam Levine, y Shakira ni siquiera estuvo entre los 10 primeros. Y los actores Jenna Ortega y Pedro Pascal entraron en las listas de los 5 actores m\u00e1s buscados del mundo, aunque, al igual que Shakira, no figuraban en las listas del a\u00f1o anterior.<\/p>\n\n\n\n<p>\u00bfQu\u00e9 y qui\u00e9nes fueron los que m\u00e1s buscamos? Aqu\u00ed tienes otras interesantes listas de tendencias de 2023:<\/p>\n\n\n\n<p><strong>Canciones m\u00e1s buscadas en el mundo:<\/strong><\/p>\n\n\n\n<p>1 <a href=\"https:\/\/trends.google.com\/trends\/explore?date=2023-01-01%202023-12-31&amp;q=%E3%82%A2%E3%82%A4%E3%83%89%E3%83%AB\">\u30a2\u30a4\u30c9\u30eb - Yoasobi<\/a><\/p>\n\n\n\n<p>2 <a href=\"https:\/\/trends.google.com\/trends\/explore?date=2023-01-01%202023-12-31&amp;q=Try%20That%20In%20A%20Small%20Town\"><em>Try That In A Small Town<\/em> - Jason Aldean<\/a><\/p>\n\n\n\n<p>3 <a href=\"https:\/\/trends.google.com\/trends\/explore?date=2023-01-01%202023-12-31&amp;q=Bzrp\"><em>Bzrp Music Sessions, Vol. 53<\/em> - Shakira and Bizarrap<\/a><\/p>\n\n\n\n<p>4 <a href=\"https:\/\/trends.google.com\/trends\/explore?date=2023-01-01%202023-12-31&amp;q=Unholy\"><em>Unholy<\/em> - Sam Smith and Kim Petras<\/a><\/p>\n\n\n\n<p>5 <a href=\"https:\/\/trends.google.com\/trends\/explore?date=2023-01-01%202023-12-31&amp;q=Cupid\"><em>Cupid<\/em> - FIFTY FIFTY<\/a><\/p>\n\n\n\n<p><strong>Actores m\u00e1s buscados en el mundo:<\/strong><\/p>\n\n\n\n<p>1 <a href=\"https:\/\/trends.google.com\/trends\/explore?date=2023-01-01%202023-12-31&amp;q=Jeremy%20Renner\">Jeremy Renner<\/a><\/p>\n\n\n\n<p>2 <a href=\"https:\/\/trends.google.com\/trends\/explore?date=2023-01-01%202023-12-31&amp;q=Jenna%20Ortega\">Jenna Ortega<\/a><\/p>\n\n\n\n<p>3 <a href=\"https:\/\/trends.google.com\/trends\/explore?date=2023-01-01%202023-12-31&amp;q=%E5%B8%82%E5%B7%9D%20%E7%8C%BF%E4%B9%8B%E5%8A%A9\">\u5e02\u5ddd \u733f\u4e4b\u52a9 (Ichikawa Ennosuke IV)<\/a><\/p>\n\n\n\n<p>4 <a href=\"https:\/\/trends.google.com\/trends\/explore?date=2023-01-01%202023-12-31&amp;q=Danny%20Masterson\">Danny Masterson<\/a><\/p>\n\n\n\n<p>5 <a href=\"https:\/\/trends.google.com\/trends\/explore?date=2023-01-01%202023-12-31&amp;q=Pedro%20Pascal\">Pedro Pascal<\/a><\/p>\n\n\n\n<p><strong>M\u00fasicos m\u00e1s buscados en Estados Unidos:<\/strong><\/p>\n\n\n\n<p>1 <a href=\"https:\/\/trends.google.com\/trends\/explore?date=2023-01-01%202023-12-31&amp;q=Jason%20Aldean&amp;geo=US\">Jason Aldean<\/a><\/p>\n\n\n\n<p>2 <a href=\"https:\/\/trends.google.com\/trends\/explore?date=2023-01-01%202023-12-31&amp;q=Ice%20Spice&amp;geo=US\">Ice Spice<\/a><\/p>\n\n\n\n<p>3 <a href=\"https:\/\/trends.google.com\/trends\/explore?date=2023-01-01%202023-12-31&amp;q=Oliver%20Anthony&amp;geo=US\">Oliver Anthony<\/a><\/p>\n\n\n\n<p>4 <a href=\"https:\/\/trends.google.com\/trends\/explore?date=2023-01-01%202023-12-31&amp;q=Peso%20Pluma&amp;geo=US\">Peso Pluma<\/a><\/p>\n\n\n\n<p>5 <a href=\"https:\/\/trends.google.com\/trends\/explore?date=2023-01-01%202023-12-31&amp;q=Joe%20Jonas&amp;geo=US\">Joe Jonas<\/a><\/p>\n\n\n\n<p><strong>Las canciones en espa\u00f1ol m\u00e1s buscadas en Estados Unidos:<\/strong><\/p>\n\n\n\n<p>1 <a href=\"https:\/\/trends.google.com\/trends\/explore?date=2023-01-01%202023-12-31&amp;q=Bzrp&amp;geo=US\"><em>Bzrp Music Sessions, Vol. 53<\/em> - Shakira y Bizarrap<\/a><\/p>\n\n\n\n<p>2 <a href=\"https:\/\/trends.google.com\/trends\/explore?date=2023-01-01%202023-12-31&amp;q=LA%20PEOPLE&amp;geo=US\"><em>LA PEOPLE<\/em> - Peso Pluma y Tito Double P<\/a><\/p>\n\n\n\n<p>3 <a href=\"https:\/\/trends.google.com\/trends\/explore?date=2023-01-01%202023-12-31&amp;q=AMG&amp;geo=US\"><em>AMG<\/em> - Gabito Ballesteros, Natanael Cano, y Peso Pluma<\/a><\/p>\n\n\n\n<p>4 <a href=\"https:\/\/trends.google.com\/trends\/explore?date=2023-01-01%202023-12-31&amp;q=El%20Azul&amp;geo=US\"><em>El azul<\/em> - Junior H y Peso Pluma<\/a><\/p>\n\n\n\n<p>5 <a href=\"https:\/\/trends.google.com\/trends\/explore?date=2023-01-01%202023-12-31&amp;q=Ella%20Baila%20Sola&amp;geo=US\"><em>Ella baila sola<\/em> - Eslab\u00f3n Armado y Peso Pluma<\/a><\/p>\n","protected":false},"excerpt":{"rendered":"<p>A medida que el a\u00f1o se acerca a su fin, es hora de echar la vista atr\u00e1s al 2023. Esta semana, gracias a Google, \u00a1ya tenemos las principales tendencias de 2023! Por 25\u00ba a\u00f1o consecutivo, el gigante de las b\u00fasquedas Google acaba de dar a conocer sus listas de tendencias principales, \"basadas en los t\u00e9rminos [&hellip;]<\/p>\n","protected":false},"author":1,"featured_media":13471,"comment_status":"closed","ping_status":"open","sticky":false,"template":"","format":"standard","meta":{"_acf_changed":false,"footnotes":""},"categories":[1266],"tags":[],"class_list":["post-13430","post","type-post","status-publish","format-standard","has-post-thumbnail","hentry","category-sin-categorizar"],"acf":[],"yoast_head":"<!-- This site is optimized with the Yoast SEO plugin v23.5 - https:\/\/yoast.com\/wordpress\/plugins\/seo\/ -->\n<title>El a\u00f1o en b\u00fasquedas de Google: Shakira, Jenna Ortega y Pedro Pascal\u00a0 - Nuestro Stories<\/title>\n<meta name=\"robots\" content=\"index, follow, max-snippet:-1, max-image-preview:large, max-video-preview:-1\" \/>\n<link rel=\"canonical\" href=\"https:\/\/draft.nuestrostories.com\/es\/2023\/12\/el-ano-en-busquedas-de-google-shakira-jenna-ortega-y-pedro-pascal\/\" \/>\n<meta property=\"og:locale\" content=\"es_ES\" \/>\n<meta property=\"og:type\" content=\"article\" \/>\n<meta property=\"og:title\" content=\"El a\u00f1o en b\u00fasquedas de Google: Shakira, Jenna Ortega y Pedro Pascal\u00a0 - Nuestro Stories\" \/>\n<meta property=\"og:description\" content=\"A medida que el a\u00f1o se acerca a su fin, es hora de echar la vista atr\u00e1s al 2023. Esta semana, gracias a Google, \u00a1ya tenemos las principales tendencias de 2023! Por 25\u00ba a\u00f1o consecutivo, el gigante de las b\u00fasquedas Google acaba de dar a conocer sus listas de tendencias principales, &quot;basadas en los t\u00e9rminos [&hellip;]\" \/>\n<meta property=\"og:url\" content=\"https:\/\/draft.nuestrostories.com\/es\/2023\/12\/el-ano-en-busquedas-de-google-shakira-jenna-ortega-y-pedro-pascal\/\" \/>\n<meta property=\"og:site_name\" content=\"Nuestro Stories\" \/>\n<meta property=\"article:published_time\" content=\"2023-12-14T13:00:00+00:00\" \/>\n<meta property=\"article:modified_time\" content=\"2023-12-15T04:07:43+00:00\" \/>\n<meta property=\"og:image\" content=\"https:\/\/draft.nuestrostories.com\/wp-content\/uploads\/2023\/12\/Shakira-1-1024x576.png\" \/>\n\t<meta property=\"og:image:width\" content=\"1024\" \/>\n\t<meta property=\"og:image:height\" content=\"576\" \/>\n\t<meta property=\"og:image:type\" content=\"image\/png\" \/>\n<meta name=\"author\" content=\"Nuestro Stories Staff\" \/>\n<meta name=\"twitter:card\" content=\"summary_large_image\" \/>\n<meta name=\"twitter:label1\" content=\"Escrito por\" \/>\n\t<meta name=\"twitter:data1\" content=\"Nuestro Stories Staff\" \/>\n\t<meta name=\"twitter:label2\" content=\"Tiempo de lectura\" \/>\n\t<meta name=\"twitter:data2\" content=\"2 minutos\" \/>\n<script type=\"application\/ld+json\" class=\"yoast-schema-graph\">{\"@context\":\"https:\/\/schema.org\",\"@graph\":[{\"@type\":\"WebPage\",\"@id\":\"https:\/\/draft.nuestrostories.com\/es\/2023\/12\/el-ano-en-busquedas-de-google-shakira-jenna-ortega-y-pedro-pascal\/\",\"url\":\"https:\/\/draft.nuestrostories.com\/es\/2023\/12\/el-ano-en-busquedas-de-google-shakira-jenna-ortega-y-pedro-pascal\/\",\"name\":\"El a\u00f1o en b\u00fasquedas de Google: Shakira, Jenna Ortega y Pedro Pascal\u00a0 - Nuestro Stories\",\"isPartOf\":{\"@id\":\"https:\/\/draft.nuestrostories.com\/es\/#website\"},\"primaryImageOfPage\":{\"@id\":\"https:\/\/draft.nuestrostories.com\/es\/2023\/12\/el-ano-en-busquedas-de-google-shakira-jenna-ortega-y-pedro-pascal\/#primaryimage\"},\"image\":{\"@id\":\"https:\/\/draft.nuestrostories.com\/es\/2023\/12\/el-ano-en-busquedas-de-google-shakira-jenna-ortega-y-pedro-pascal\/#primaryimage\"},\"thumbnailUrl\":\"https:\/\/draft.nuestrostories.com\/wp-content\/uploads\/2023\/12\/Shakira-1.png\",\"datePublished\":\"2023-12-14T13:00:00+00:00\",\"dateModified\":\"2023-12-15T04:07:43+00:00\",\"author\":{\"@id\":\"https:\/\/draft.nuestrostories.com\/es\/#\/schema\/person\/caad17c089f879f1e5bbd3a3af7e7314\"},\"breadcrumb\":{\"@id\":\"https:\/\/draft.nuestrostories.com\/es\/2023\/12\/el-ano-en-busquedas-de-google-shakira-jenna-ortega-y-pedro-pascal\/#breadcrumb\"},\"inLanguage\":\"es\",\"potentialAction\":[{\"@type\":\"ReadAction\",\"target\":[\"https:\/\/draft.nuestrostories.com\/es\/2023\/12\/el-ano-en-busquedas-de-google-shakira-jenna-ortega-y-pedro-pascal\/\"]}]},{\"@type\":\"ImageObject\",\"inLanguage\":\"es\",\"@id\":\"https:\/\/draft.nuestrostories.com\/es\/2023\/12\/el-ano-en-busquedas-de-google-shakira-jenna-ortega-y-pedro-pascal\/#primaryimage\",\"url\":\"https:\/\/draft.nuestrostories.com\/wp-content\/uploads\/2023\/12\/Shakira-1.png\",\"contentUrl\":\"https:\/\/draft.nuestrostories.com\/wp-content\/uploads\/2023\/12\/Shakira-1.png\",\"width\":2000,\"height\":1125},{\"@type\":\"BreadcrumbList\",\"@id\":\"https:\/\/draft.nuestrostories.com\/es\/2023\/12\/el-ano-en-busquedas-de-google-shakira-jenna-ortega-y-pedro-pascal\/#breadcrumb\",\"itemListElement\":[{\"@type\":\"ListItem\",\"position\":1,\"name\":\"Home\",\"item\":\"https:\/\/draft.nuestrostories.com\/es\/\"},{\"@type\":\"ListItem\",\"position\":2,\"name\":\"El a\u00f1o en b\u00fasquedas de Google: Shakira, Jenna Ortega y Pedro Pascal\u00a0\"}]},{\"@type\":\"WebSite\",\"@id\":\"https:\/\/draft.nuestrostories.com\/es\/#website\",\"url\":\"https:\/\/draft.nuestrostories.com\/es\/\",\"name\":\"Nuestro Stories\",\"description\":\"Latino Heritage. Every Day.\",\"potentialAction\":[{\"@type\":\"SearchAction\",\"target\":{\"@type\":\"EntryPoint\",\"urlTemplate\":\"https:\/\/draft.nuestrostories.com\/es\/?s={search_term_string}\"},\"query-input\":{\"@type\":\"PropertyValueSpecification\",\"valueRequired\":true,\"valueName\":\"search_term_string\"}}],\"inLanguage\":\"es\"},{\"@type\":\"Person\",\"@id\":\"https:\/\/draft.nuestrostories.com\/es\/#\/schema\/person\/caad17c089f879f1e5bbd3a3af7e7314\",\"name\":\"Nuestro Stories Staff\",\"image\":{\"@type\":\"ImageObject\",\"inLanguage\":\"es\",\"@id\":\"https:\/\/draft.nuestrostories.com\/es\/#\/schema\/person\/image\/\",\"url\":\"https:\/\/draft.nuestrostories.com\/wp-content\/uploads\/2023\/10\/NSteam-96x96.png\",\"contentUrl\":\"https:\/\/draft.nuestrostories.com\/wp-content\/uploads\/2023\/10\/NSteam-96x96.png\",\"caption\":\"Nuestro Stories Staff\"},\"sameAs\":[\"https:\/\/draft.nuestrostories.com\/\"],\"url\":\"https:\/\/draft.nuestrostories.com\/es\/author\/nuestroteam\/\"}]}<\/script>\n<!-- \/ Yoast SEO plugin. -->","yoast_head_json":{"title":"El a\u00f1o en b\u00fasquedas de Google: Shakira, Jenna Ortega y Pedro Pascal\u00a0 - Nuestro Stories","robots":{"index":"index","follow":"follow","max-snippet":"max-snippet:-1","max-image-preview":"max-image-preview:large","max-video-preview":"max-video-preview:-1"},"canonical":"https:\/\/draft.nuestrostories.com\/es\/2023\/12\/el-ano-en-busquedas-de-google-shakira-jenna-ortega-y-pedro-pascal\/","og_locale":"es_ES","og_type":"article","og_title":"El a\u00f1o en b\u00fasquedas de Google: Shakira, Jenna Ortega y Pedro Pascal\u00a0 - Nuestro Stories","og_description":"A medida que el a\u00f1o se acerca a su fin, es hora de echar la vista atr\u00e1s al 2023. Esta semana, gracias a Google, \u00a1ya tenemos las principales tendencias de 2023! Por 25\u00ba a\u00f1o consecutivo, el gigante de las b\u00fasquedas Google acaba de dar a conocer sus listas de tendencias principales, \"basadas en los t\u00e9rminos [&hellip;]","og_url":"https:\/\/draft.nuestrostories.com\/es\/2023\/12\/el-ano-en-busquedas-de-google-shakira-jenna-ortega-y-pedro-pascal\/","og_site_name":"Nuestro Stories","article_published_time":"2023-12-14T13:00:00+00:00","article_modified_time":"2023-12-15T04:07:43+00:00","og_image":[{"width":1024,"height":576,"url":"https:\/\/draft.nuestrostories.com\/wp-content\/uploads\/2023\/12\/Shakira-1-1024x576.png","type":"image\/png"}],"author":"Nuestro Stories Staff","twitter_card":"summary_large_image","twitter_misc":{"Escrito por":"Nuestro Stories Staff","Tiempo de lectura":"2 minutos"},"schema":{"@context":"https:\/\/schema.org","@graph":[{"@type":"WebPage","@id":"https:\/\/draft.nuestrostories.com\/es\/2023\/12\/el-ano-en-busquedas-de-google-shakira-jenna-ortega-y-pedro-pascal\/","url":"https:\/\/draft.nuestrostories.com\/es\/2023\/12\/el-ano-en-busquedas-de-google-shakira-jenna-ortega-y-pedro-pascal\/","name":"El a\u00f1o en b\u00fasquedas de Google: Shakira, Jenna Ortega y Pedro Pascal\u00a0 - Nuestro Stories","isPartOf":{"@id":"https:\/\/draft.nuestrostories.com\/es\/#website"},"primaryImageOfPage":{"@id":"https:\/\/draft.nuestrostories.com\/es\/2023\/12\/el-ano-en-busquedas-de-google-shakira-jenna-ortega-y-pedro-pascal\/#primaryimage"},"image":{"@id":"https:\/\/draft.nuestrostories.com\/es\/2023\/12\/el-ano-en-busquedas-de-google-shakira-jenna-ortega-y-pedro-pascal\/#primaryimage"},"thumbnailUrl":"https:\/\/draft.nuestrostories.com\/wp-content\/uploads\/2023\/12\/Shakira-1.png","datePublished":"2023-12-14T13:00:00+00:00","dateModified":"2023-12-15T04:07:43+00:00","author":{"@id":"https:\/\/draft.nuestrostories.com\/es\/#\/schema\/person\/caad17c089f879f1e5bbd3a3af7e7314"},"breadcrumb":{"@id":"https:\/\/draft.nuestrostories.com\/es\/2023\/12\/el-ano-en-busquedas-de-google-shakira-jenna-ortega-y-pedro-pascal\/#breadcrumb"},"inLanguage":"es","potentialAction":[{"@type":"ReadAction","target":["https:\/\/draft.nuestrostories.com\/es\/2023\/12\/el-ano-en-busquedas-de-google-shakira-jenna-ortega-y-pedro-pascal\/"]}]},{"@type":"ImageObject","inLanguage":"es","@id":"https:\/\/draft.nuestrostories.com\/es\/2023\/12\/el-ano-en-busquedas-de-google-shakira-jenna-ortega-y-pedro-pascal\/#primaryimage","url":"https:\/\/draft.nuestrostories.com\/wp-content\/uploads\/2023\/12\/Shakira-1.png","contentUrl":"https:\/\/draft.nuestrostories.com\/wp-content\/uploads\/2023\/12\/Shakira-1.png","width":2000,"height":1125},{"@type":"BreadcrumbList","@id":"https:\/\/draft.nuestrostories.com\/es\/2023\/12\/el-ano-en-busquedas-de-google-shakira-jenna-ortega-y-pedro-pascal\/#breadcrumb","itemListElement":[{"@type":"ListItem","position":1,"name":"Home","item":"https:\/\/draft.nuestrostories.com\/es\/"},{"@type":"ListItem","position":2,"name":"El a\u00f1o en b\u00fasquedas de Google: Shakira, Jenna Ortega y Pedro Pascal\u00a0"}]},{"@type":"WebSite","@id":"https:\/\/draft.nuestrostories.com\/es\/#website","url":"https:\/\/draft.nuestrostories.com\/es\/","name":"Nuestro Stories","description":"Latino Heritage. Every Day.","potentialAction":[{"@type":"SearchAction","target":{"@type":"EntryPoint","urlTemplate":"https:\/\/draft.nuestrostories.com\/es\/?s={search_term_string}"},"query-input":{"@type":"PropertyValueSpecification","valueRequired":true,"valueName":"search_term_string"}}],"inLanguage":"es"},{"@type":"Person","@id":"https:\/\/draft.nuestrostories.com\/es\/#\/schema\/person\/caad17c089f879f1e5bbd3a3af7e7314","name":"Nuestro Stories Staff","image":{"@type":"ImageObject","inLanguage":"es","@id":"https:\/\/draft.nuestrostories.com\/es\/#\/schema\/person\/image\/","url":"https:\/\/draft.nuestrostories.com\/wp-content\/uploads\/2023\/10\/NSteam-96x96.png","contentUrl":"https:\/\/draft.nuestrostories.com\/wp-content\/uploads\/2023\/10\/NSteam-96x96.png","caption":"Nuestro Stories Staff"},"sameAs":["https:\/\/draft.nuestrostories.com\/"],"url":"https:\/\/draft.nuestrostories.com\/es\/author\/nuestroteam\/"}]}},"_links":{"self":[{"href":"https:\/\/draft.nuestrostories.com\/es\/wp-json\/wp\/v2\/posts\/13430","targetHints":{"allow":["GET"]}}],"collection":[{"href":"https:\/\/draft.nuestrostories.com\/es\/wp-json\/wp\/v2\/posts"}],"about":[{"href":"https:\/\/draft.nuestrostories.com\/es\/wp-json\/wp\/v2\/types\/post"}],"author":[{"embeddable":true,"href":"https:\/\/draft.nuestrostories.com\/es\/wp-json\/wp\/v2\/users\/1"}],"replies":[{"embeddable":true,"href":"https:\/\/draft.nuestrostories.com\/es\/wp-json\/wp\/v2\/comments?post=13430"}],"version-history":[{"count":1,"href":"https:\/\/draft.nuestrostories.com\/es\/wp-json\/wp\/v2\/posts\/13430\/revisions"}],"predecessor-version":[{"id":13431,"href":"https:\/\/draft.nuestrostories.com\/es\/wp-json\/wp\/v2\/posts\/13430\/revisions\/13431"}],"wp:featuredmedia":[{"embeddable":true,"href":"https:\/\/draft.nuestrostories.com\/es\/wp-json\/wp\/v2\/media\/13471"}],"wp:attachment":[{"href":"https:\/\/draft.nuestrostories.com\/es\/wp-json\/wp\/v2\/media?parent=13430"}],"wp:term":[{"taxonomy":"category","embeddable":true,"href":"https:\/\/draft.nuestrostories.com\/es\/wp-json\/wp\/v2\/categories?post=13430"},{"taxonomy":"post_tag","embeddable":true,"href":"https:\/\/draft.nuestrostories.com\/es\/wp-json\/wp\/v2\/tags?post=13430"}],"curies":[{"name":"wp","href":"https:\/\/api.w.org\/{rel}","templated":true}]}}