{"id":13319,"date":"2023-05-12T12:00:09","date_gmt":"2023-05-12T12:00:09","guid":{"rendered":"https:\/\/draft.nuestrostories.com\/\/?p=13319"},"modified":"2023-12-13T03:21:00","modified_gmt":"2023-12-13T03:21:00","slug":"radar-de-latinas-jenna-ortega-esta-en-accion-otra-vez","status":"publish","type":"post","link":"https:\/\/draft.nuestrostories.com\/es\/2023\/05\/radar-de-latinas-jenna-ortega-esta-en-accion-otra-vez\/","title":{"rendered":"Radar de Latinas: \u00a1Jenna Ortega est\u00e1 en acci\u00f3n otra vez!"},"content":{"rendered":"\n<p><em>Cr\u00e9dito: Nuestro Stories<\/em><\/p>\n\n\n\n<p>\u00a1Jenna Ortega! \u00a1Jenna Ortega! \u00a1Jenna Ortega!<\/p>\n\n\n\n<p>La actriz latina Jenna Ortega, la reina del g\u00f3tico adolescente de la Generaci\u00f3n Z, asume otro papel ic\u00f3nico. Y ni siquiera tuvimos que decir su nombre tres veces (pero lo hicimos).<\/p>\n\n\n\n<p>Para deleite de muchos, la joven de 20 a\u00f1os se une al elenco de <em>Beetlejuice 2<\/em>, junto a las estrellas Michael Keaton y Winona Ryder, para retomar el papel de la adolescente incomprendida Lydia Deetz (que Ryder hizo famosa en el cl\u00e1sico de culto original de 1988). Los cr\u00edticos de cine ya est\u00e1n diciendo que el papel de Lydia es perfecto para la estrella latina de las pel\u00edculas dram\u00e1ticas y de terror de la pantalla grande <em>ScreamVI<\/em>, <em>X<\/em> y <em>Fallout<\/em>.<\/p>\n\n\n\n<h2 class=\"wp-block-heading\">\u201cMe siento m\u00e1s una figura p\u00fablica que nunca. Y eso es realmente estresante\u201d, admiti\u00f3 Ortega en una entrevista reciente.<\/h2>\n\n\n\n<p>Jenna Marie Ortega naci\u00f3 en Coachella Valley, California en 2002 de padre de ascendencia mexicana y madre de ascendencia mexicana y puertorrique\u00f1a. Obtuvo fama como actriz infantil en varios programas, incluida una joven Jane en <em>Jane the Virgin<\/em> de CW, y luego en su papel decisivo como Harley D\u00edaz, la protagonista (hija de en medio) en <em>Stuck in the Middle<\/em> del canal Disney.<\/p>\n\n\n\n<p>Con su propio estilo chic Wednesday\/Beetlejuice, Ortega se est\u00e1 convirtiendo en un \u00edcono indiscutible de la moda y tambi\u00e9n en una persona influyente fuera de la pantalla. Como \u201cembajadora de marca\u201d del gigante del cuidado de la piel Neutrogena, por ejemplo, Ortega desafi\u00f3 a sus 21.1 millones de seguidores de TikTok a un desaf\u00edo \u201c#MakeaSplash\u201d, obteniendo m\u00e1s de 61 millones de visitas y 7.1 millones de me gusta.<\/p>\n\n\n\n<p>\u00bfC\u00f3mo es realmente Ortega? Se describe a s\u00ed misma como una \u201cpersona bastante introvertida, sarc\u00e1stica y curiosa\u201d.Ortega y su elenco repleto de estrellas se encuentran actualmente filmando <em>Beetlejuice2<\/em>, que debutar\u00e1 en los cines el 6 de septiembre de 2024. Netflix tambi\u00e9n renov\u00f3 su contrato para una segunda temporada.<\/p>\n\n\n\n<p><strong>Por Sof\u00eda Jones<\/strong><\/p>\n\n\n\n<p>Cuando Sofia Jones no est\u00e1 entrevistando a estrellas latinas para su podcast iHeartRadio, puedes encontrarla criando (y abrazando) lindos perros peque\u00f1os para una organizaci\u00f3n sin fines de lucro de rescate de animales del sur de Florida.<a href=\"https:\/\/draft.nuestrostories.com\/\/category\/sofia-jones\/\"><\/a><\/p>\n","protected":false},"excerpt":{"rendered":"<p>Cr\u00e9dito: Nuestro Stories \u00a1Jenna Ortega! \u00a1Jenna Ortega! \u00a1Jenna Ortega! La actriz latina Jenna Ortega, la reina del g\u00f3tico adolescente de la Generaci\u00f3n Z, asume otro papel ic\u00f3nico. Y ni siquiera tuvimos que decir su nombre tres veces (pero lo hicimos). Para deleite de muchos, la joven de 20 a\u00f1os se une al elenco de Beetlejuice [&hellip;]<\/p>\n","protected":false},"author":15,"featured_media":10411,"comment_status":"closed","ping_status":"open","sticky":false,"template":"","format":"standard","meta":{"_acf_changed":false,"footnotes":""},"categories":[1281,1284],"tags":[],"class_list":["post-13319","post","type-post","status-publish","format-standard","has-post-thumbnail","hentry","category-featured-es","category-sofia-jones-es"],"acf":[],"yoast_head":"<!-- This site is optimized with the Yoast SEO plugin v23.5 - https:\/\/yoast.com\/wordpress\/plugins\/seo\/ -->\n<title>Radar de Latinas: \u00a1Jenna Ortega est\u00e1 en acci\u00f3n otra vez! - Nuestro Stories<\/title>\n<meta name=\"robots\" content=\"index, follow, max-snippet:-1, max-image-preview:large, max-video-preview:-1\" \/>\n<link rel=\"canonical\" href=\"https:\/\/draft.nuestrostories.com\/es\/2023\/05\/radar-de-latinas-jenna-ortega-esta-en-accion-otra-vez\/\" \/>\n<meta property=\"og:locale\" content=\"es_ES\" \/>\n<meta property=\"og:type\" content=\"article\" \/>\n<meta property=\"og:title\" content=\"Radar de Latinas: \u00a1Jenna Ortega est\u00e1 en acci\u00f3n otra vez! - Nuestro Stories\" \/>\n<meta property=\"og:description\" content=\"Cr\u00e9dito: Nuestro Stories \u00a1Jenna Ortega! \u00a1Jenna Ortega! \u00a1Jenna Ortega! La actriz latina Jenna Ortega, la reina del g\u00f3tico adolescente de la Generaci\u00f3n Z, asume otro papel ic\u00f3nico. Y ni siquiera tuvimos que decir su nombre tres veces (pero lo hicimos). Para deleite de muchos, la joven de 20 a\u00f1os se une al elenco de Beetlejuice [&hellip;]\" \/>\n<meta property=\"og:url\" content=\"https:\/\/draft.nuestrostories.com\/es\/2023\/05\/radar-de-latinas-jenna-ortega-esta-en-accion-otra-vez\/\" \/>\n<meta property=\"og:site_name\" content=\"Nuestro Stories\" \/>\n<meta property=\"article:published_time\" content=\"2023-05-12T12:00:09+00:00\" \/>\n<meta property=\"article:modified_time\" content=\"2023-12-13T03:21:00+00:00\" \/>\n<meta property=\"og:image\" content=\"https:\/\/draft.nuestrostories.com\/wp-content\/uploads\/2023\/05\/Jenna-Ortega.jpg\" \/>\n\t<meta property=\"og:image:width\" content=\"1910\" \/>\n\t<meta property=\"og:image:height\" content=\"1274\" \/>\n\t<meta property=\"og:image:type\" content=\"image\/jpeg\" \/>\n<meta name=\"author\" content=\"Sofia Jones\" \/>\n<meta name=\"twitter:card\" content=\"summary_large_image\" \/>\n<meta name=\"twitter:label1\" content=\"Escrito por\" \/>\n\t<meta name=\"twitter:data1\" content=\"Sofia Jones\" \/>\n\t<meta name=\"twitter:label2\" content=\"Tiempo de lectura\" \/>\n\t<meta name=\"twitter:data2\" content=\"2 minutos\" \/>\n<script type=\"application\/ld+json\" class=\"yoast-schema-graph\">{\"@context\":\"https:\/\/schema.org\",\"@graph\":[{\"@type\":\"WebPage\",\"@id\":\"https:\/\/draft.nuestrostories.com\/es\/2023\/05\/radar-de-latinas-jenna-ortega-esta-en-accion-otra-vez\/\",\"url\":\"https:\/\/draft.nuestrostories.com\/es\/2023\/05\/radar-de-latinas-jenna-ortega-esta-en-accion-otra-vez\/\",\"name\":\"Radar de Latinas: \u00a1Jenna Ortega est\u00e1 en acci\u00f3n otra vez! - Nuestro Stories\",\"isPartOf\":{\"@id\":\"https:\/\/draft.nuestrostories.com\/es\/#website\"},\"primaryImageOfPage\":{\"@id\":\"https:\/\/draft.nuestrostories.com\/es\/2023\/05\/radar-de-latinas-jenna-ortega-esta-en-accion-otra-vez\/#primaryimage\"},\"image\":{\"@id\":\"https:\/\/draft.nuestrostories.com\/es\/2023\/05\/radar-de-latinas-jenna-ortega-esta-en-accion-otra-vez\/#primaryimage\"},\"thumbnailUrl\":\"https:\/\/draft.nuestrostories.com\/wp-content\/uploads\/2023\/05\/Jenna-Ortega.jpg\",\"datePublished\":\"2023-05-12T12:00:09+00:00\",\"dateModified\":\"2023-12-13T03:21:00+00:00\",\"author\":{\"@id\":\"https:\/\/draft.nuestrostories.com\/es\/#\/schema\/person\/e140429b910fdc1852f1732c43b8956b\"},\"breadcrumb\":{\"@id\":\"https:\/\/draft.nuestrostories.com\/es\/2023\/05\/radar-de-latinas-jenna-ortega-esta-en-accion-otra-vez\/#breadcrumb\"},\"inLanguage\":\"es\",\"potentialAction\":[{\"@type\":\"ReadAction\",\"target\":[\"https:\/\/draft.nuestrostories.com\/es\/2023\/05\/radar-de-latinas-jenna-ortega-esta-en-accion-otra-vez\/\"]}]},{\"@type\":\"ImageObject\",\"inLanguage\":\"es\",\"@id\":\"https:\/\/draft.nuestrostories.com\/es\/2023\/05\/radar-de-latinas-jenna-ortega-esta-en-accion-otra-vez\/#primaryimage\",\"url\":\"https:\/\/draft.nuestrostories.com\/wp-content\/uploads\/2023\/05\/Jenna-Ortega.jpg\",\"contentUrl\":\"https:\/\/draft.nuestrostories.com\/wp-content\/uploads\/2023\/05\/Jenna-Ortega.jpg\",\"width\":1910,\"height\":1274},{\"@type\":\"BreadcrumbList\",\"@id\":\"https:\/\/draft.nuestrostories.com\/es\/2023\/05\/radar-de-latinas-jenna-ortega-esta-en-accion-otra-vez\/#breadcrumb\",\"itemListElement\":[{\"@type\":\"ListItem\",\"position\":1,\"name\":\"Home\",\"item\":\"https:\/\/draft.nuestrostories.com\/es\/\"},{\"@type\":\"ListItem\",\"position\":2,\"name\":\"Radar de Latinas: \u00a1Jenna Ortega est\u00e1 en acci\u00f3n otra vez!\"}]},{\"@type\":\"WebSite\",\"@id\":\"https:\/\/draft.nuestrostories.com\/es\/#website\",\"url\":\"https:\/\/draft.nuestrostories.com\/es\/\",\"name\":\"Nuestro Stories\",\"description\":\"Latino Heritage. Every Day.\",\"potentialAction\":[{\"@type\":\"SearchAction\",\"target\":{\"@type\":\"EntryPoint\",\"urlTemplate\":\"https:\/\/draft.nuestrostories.com\/es\/?s={search_term_string}\"},\"query-input\":{\"@type\":\"PropertyValueSpecification\",\"valueRequired\":true,\"valueName\":\"search_term_string\"}}],\"inLanguage\":\"es\"},{\"@type\":\"Person\",\"@id\":\"https:\/\/draft.nuestrostories.com\/es\/#\/schema\/person\/e140429b910fdc1852f1732c43b8956b\",\"name\":\"Sofia Jones\",\"image\":{\"@type\":\"ImageObject\",\"inLanguage\":\"es\",\"@id\":\"https:\/\/draft.nuestrostories.com\/es\/#\/schema\/person\/image\/\",\"url\":\"https:\/\/draft.nuestrostories.com\/wp-content\/uploads\/2023\/05\/Sofia-Jones-Nuestro-Stories-Writer-Image-150x150.png\",\"contentUrl\":\"https:\/\/draft.nuestrostories.com\/wp-content\/uploads\/2023\/05\/Sofia-Jones-Nuestro-Stories-Writer-Image-150x150.png\",\"caption\":\"Sofia Jones\"},\"description\":\"When Sofia Jones is not interviewing Latinx stars for her iHeartRadio podcast, she can be found fostering (and cuddling with) cute small dogs for a South Florida animal rescue nonprofit.\",\"url\":\"https:\/\/draft.nuestrostories.com\/es\/author\/sofia-jones\/\"}]}<\/script>\n<!-- \/ Yoast SEO plugin. -->","yoast_head_json":{"title":"Radar de Latinas: \u00a1Jenna Ortega est\u00e1 en acci\u00f3n otra vez! - Nuestro Stories","robots":{"index":"index","follow":"follow","max-snippet":"max-snippet:-1","max-image-preview":"max-image-preview:large","max-video-preview":"max-video-preview:-1"},"canonical":"https:\/\/draft.nuestrostories.com\/es\/2023\/05\/radar-de-latinas-jenna-ortega-esta-en-accion-otra-vez\/","og_locale":"es_ES","og_type":"article","og_title":"Radar de Latinas: \u00a1Jenna Ortega est\u00e1 en acci\u00f3n otra vez! - Nuestro Stories","og_description":"Cr\u00e9dito: Nuestro Stories \u00a1Jenna Ortega! \u00a1Jenna Ortega! \u00a1Jenna Ortega! La actriz latina Jenna Ortega, la reina del g\u00f3tico adolescente de la Generaci\u00f3n Z, asume otro papel ic\u00f3nico. Y ni siquiera tuvimos que decir su nombre tres veces (pero lo hicimos). Para deleite de muchos, la joven de 20 a\u00f1os se une al elenco de Beetlejuice [&hellip;]","og_url":"https:\/\/draft.nuestrostories.com\/es\/2023\/05\/radar-de-latinas-jenna-ortega-esta-en-accion-otra-vez\/","og_site_name":"Nuestro Stories","article_published_time":"2023-05-12T12:00:09+00:00","article_modified_time":"2023-12-13T03:21:00+00:00","og_image":[{"width":1910,"height":1274,"url":"https:\/\/draft.nuestrostories.com\/wp-content\/uploads\/2023\/05\/Jenna-Ortega.jpg","type":"image\/jpeg"}],"author":"Sofia Jones","twitter_card":"summary_large_image","twitter_misc":{"Escrito por":"Sofia Jones","Tiempo de lectura":"2 minutos"},"schema":{"@context":"https:\/\/schema.org","@graph":[{"@type":"WebPage","@id":"https:\/\/draft.nuestrostories.com\/es\/2023\/05\/radar-de-latinas-jenna-ortega-esta-en-accion-otra-vez\/","url":"https:\/\/draft.nuestrostories.com\/es\/2023\/05\/radar-de-latinas-jenna-ortega-esta-en-accion-otra-vez\/","name":"Radar de Latinas: \u00a1Jenna Ortega est\u00e1 en acci\u00f3n otra vez! - Nuestro Stories","isPartOf":{"@id":"https:\/\/draft.nuestrostories.com\/es\/#website"},"primaryImageOfPage":{"@id":"https:\/\/draft.nuestrostories.com\/es\/2023\/05\/radar-de-latinas-jenna-ortega-esta-en-accion-otra-vez\/#primaryimage"},"image":{"@id":"https:\/\/draft.nuestrostories.com\/es\/2023\/05\/radar-de-latinas-jenna-ortega-esta-en-accion-otra-vez\/#primaryimage"},"thumbnailUrl":"https:\/\/draft.nuestrostories.com\/wp-content\/uploads\/2023\/05\/Jenna-Ortega.jpg","datePublished":"2023-05-12T12:00:09+00:00","dateModified":"2023-12-13T03:21:00+00:00","author":{"@id":"https:\/\/draft.nuestrostories.com\/es\/#\/schema\/person\/e140429b910fdc1852f1732c43b8956b"},"breadcrumb":{"@id":"https:\/\/draft.nuestrostories.com\/es\/2023\/05\/radar-de-latinas-jenna-ortega-esta-en-accion-otra-vez\/#breadcrumb"},"inLanguage":"es","potentialAction":[{"@type":"ReadAction","target":["https:\/\/draft.nuestrostories.com\/es\/2023\/05\/radar-de-latinas-jenna-ortega-esta-en-accion-otra-vez\/"]}]},{"@type":"ImageObject","inLanguage":"es","@id":"https:\/\/draft.nuestrostories.com\/es\/2023\/05\/radar-de-latinas-jenna-ortega-esta-en-accion-otra-vez\/#primaryimage","url":"https:\/\/draft.nuestrostories.com\/wp-content\/uploads\/2023\/05\/Jenna-Ortega.jpg","contentUrl":"https:\/\/draft.nuestrostories.com\/wp-content\/uploads\/2023\/05\/Jenna-Ortega.jpg","width":1910,"height":1274},{"@type":"BreadcrumbList","@id":"https:\/\/draft.nuestrostories.com\/es\/2023\/05\/radar-de-latinas-jenna-ortega-esta-en-accion-otra-vez\/#breadcrumb","itemListElement":[{"@type":"ListItem","position":1,"name":"Home","item":"https:\/\/draft.nuestrostories.com\/es\/"},{"@type":"ListItem","position":2,"name":"Radar de Latinas: \u00a1Jenna Ortega est\u00e1 en acci\u00f3n otra vez!"}]},{"@type":"WebSite","@id":"https:\/\/draft.nuestrostories.com\/es\/#website","url":"https:\/\/draft.nuestrostories.com\/es\/","name":"Nuestro Stories","description":"Latino Heritage. Every Day.","potentialAction":[{"@type":"SearchAction","target":{"@type":"EntryPoint","urlTemplate":"https:\/\/draft.nuestrostories.com\/es\/?s={search_term_string}"},"query-input":{"@type":"PropertyValueSpecification","valueRequired":true,"valueName":"search_term_string"}}],"inLanguage":"es"},{"@type":"Person","@id":"https:\/\/draft.nuestrostories.com\/es\/#\/schema\/person\/e140429b910fdc1852f1732c43b8956b","name":"Sofia Jones","image":{"@type":"ImageObject","inLanguage":"es","@id":"https:\/\/draft.nuestrostories.com\/es\/#\/schema\/person\/image\/","url":"https:\/\/draft.nuestrostories.com\/wp-content\/uploads\/2023\/05\/Sofia-Jones-Nuestro-Stories-Writer-Image-150x150.png","contentUrl":"https:\/\/draft.nuestrostories.com\/wp-content\/uploads\/2023\/05\/Sofia-Jones-Nuestro-Stories-Writer-Image-150x150.png","caption":"Sofia Jones"},"description":"When Sofia Jones is not interviewing Latinx stars for her iHeartRadio podcast, she can be found fostering (and cuddling with) cute small dogs for a South Florida animal rescue nonprofit.","url":"https:\/\/draft.nuestrostories.com\/es\/author\/sofia-jones\/"}]}},"_links":{"self":[{"href":"https:\/\/draft.nuestrostories.com\/es\/wp-json\/wp\/v2\/posts\/13319","targetHints":{"allow":["GET"]}}],"collection":[{"href":"https:\/\/draft.nuestrostories.com\/es\/wp-json\/wp\/v2\/posts"}],"about":[{"href":"https:\/\/draft.nuestrostories.com\/es\/wp-json\/wp\/v2\/types\/post"}],"author":[{"embeddable":true,"href":"https:\/\/draft.nuestrostories.com\/es\/wp-json\/wp\/v2\/users\/15"}],"replies":[{"embeddable":true,"href":"https:\/\/draft.nuestrostories.com\/es\/wp-json\/wp\/v2\/comments?post=13319"}],"version-history":[{"count":1,"href":"https:\/\/draft.nuestrostories.com\/es\/wp-json\/wp\/v2\/posts\/13319\/revisions"}],"predecessor-version":[{"id":13320,"href":"https:\/\/draft.nuestrostories.com\/es\/wp-json\/wp\/v2\/posts\/13319\/revisions\/13320"}],"wp:featuredmedia":[{"embeddable":true,"href":"https:\/\/draft.nuestrostories.com\/es\/wp-json\/wp\/v2\/media\/10411"}],"wp:attachment":[{"href":"https:\/\/draft.nuestrostories.com\/es\/wp-json\/wp\/v2\/media?parent=13319"}],"wp:term":[{"taxonomy":"category","embeddable":true,"href":"https:\/\/draft.nuestrostories.com\/es\/wp-json\/wp\/v2\/categories?post=13319"},{"taxonomy":"post_tag","embeddable":true,"href":"https:\/\/draft.nuestrostories.com\/es\/wp-json\/wp\/v2\/tags?post=13319"}],"curies":[{"name":"wp","href":"https:\/\/api.w.org\/{rel}","templated":true}]}}