{"id":13267,"date":"2023-05-20T01:05:28","date_gmt":"2023-05-20T01:05:28","guid":{"rendered":"https:\/\/draft.nuestrostories.com\/\/?p=13267"},"modified":"2023-12-12T14:26:28","modified_gmt":"2023-12-12T14:26:28","slug":"antes-se-prohibia-a-los-latinos-inscribirse-en-ciertas-escuelas-sylvia-mendez-ayudo-a-cambiar-esto","status":"publish","type":"post","link":"https:\/\/draft.nuestrostories.com\/es\/2023\/05\/antes-se-prohibia-a-los-latinos-inscribirse-en-ciertas-escuelas-sylvia-mendez-ayudo-a-cambiar-esto\/","title":{"rendered":"Antes se prohib\u00eda a los latinos inscribirse en ciertas escuelas; Sylvia M\u00e9ndez ayud\u00f3 a cambiar esto"},"content":{"rendered":"\n<p><em>Cr\u00e9dito: Nuestro Stories<\/em><\/p>\n\n\n\n<p>A estas alturas, todos estamos de acuerdo en que las latinas son \u00e1ngeles en la Tierra. Sus contribuciones son infinitas y no podemos dejar de hablar de ello. Tomemos a Sylvia M\u00e9ndez, por ejemplo.<\/p>\n\n\n\n<p>Es una aut\u00e9ntica jefa, que te inspirar\u00e1 mientras vivas.<\/p>\n\n\n\n<p>M\u00e9ndez es una de las muchas latinas que han luchado incansablemente por la justicia y la igualdad. Ha hecho el objetivo de su vida dedicar tiempo y alma a la igualdad educativa. De hecho, cambi\u00f3 para siempre el panorama de la educaci\u00f3n en Estados Unidos.<\/p>\n\n\n\n<p><strong>Lee m\u00e1s:<\/strong><a href=\"https:\/\/draft.nuestrostories.com\/\/2023\/05\/gloria-molina-political-trailblazer-los-angeles\/\"><strong> Gloria Molina: La pionera pol\u00edtica que cambi\u00f3 para siempre Los \u00c1ngeles<\/strong><\/a><\/p>\n\n\n\n<h2 class=\"wp-block-heading\">\u00bfQu\u00e9 hizo exactamente Sylvia M\u00e9ndez?\u00a0<\/h2>\n\n\n\n<p>En la d\u00e9cada de 1940, Sylvia M\u00e9ndez emprendi\u00f3 un viaje extraordinario cuando era una ni\u00f1a. Al neg\u00e1rsele la admisi\u00f3n en una escuela \"solo para blancos\" del Condado de Orange debido a su ascendencia mexicana y puertorrique\u00f1a, los padres de Sylvia se pusieron manos a la obra. Uniendo fuerzas con otras familias valientes, presentaron una demanda contra las pol\u00edticas discriminatorias de segregaci\u00f3n de la \u00e9poca. Esto ha ayudado a muchas generaciones, incluida la nuestra.<\/p>\n\n\n\n<p>El caso hist\u00f3rico de<a href=\"https:\/\/www.uscourts.gov\/educational-resources\/educational-activities\/background-mendez-v-westminster-re-enactment\"> M\u00e9ndez contra el Distrito Escolar de Westminster<\/a> se convirti\u00f3 en un catalizador de la desegregaci\u00f3n educativa en California y sent\u00f3 las bases para la sentencia pionera de Brown contra la Junta de Educaci\u00f3n. En 1947, el tribunal reglament\u00f3 a favor de la familia M\u00e9ndez, declarando que segregar a los ni\u00f1os por motivos de raza u origen \u00e9tnico violaba la Decimocuarta Enmienda.<\/p>\n\n\n\n<p>El triunfo de la latina reson\u00f3 mucho m\u00e1s all\u00e1 de California, convirti\u00e9ndose en un momento crucial del movimiento por los derechos civiles. Fue un testimonio del poder de las personas que se levantan contra la injusticia. \u00a1S\u00ed, se puede!<\/p>\n\n\n\n<p>En la actualidad, Sylvia M\u00e9ndez sigue siendo una figura influyente y una activista de la igualdad educativa. Como cofundadora de la Mendez Foundation y galardonada con la<a href=\"https:\/\/www.hispaniclifestyle.com\/lifestyle\/people\/sylvia-mendez-receives-presidential-medal-of-freedom\/\"> Medalla Presidencial de la Libertad<\/a>, que le concedi\u00f3 el presidente Obama, lucha incansablemente por garantizar que todos los ni\u00f1os tengan acceso a una educaci\u00f3n de calidad, independientemente de su origen.<\/p>\n\n\n\n<figure class=\"wp-block-embed is-type-video is-provider-youtube wp-block-embed-youtube wp-embed-aspect-16-9 wp-has-aspect-ratio\"><div class=\"wp-block-embed__wrapper\">\n<iframe loading=\"lazy\" title=\"Presidential Medal of Freedom Recipient: Sylvia Mendez\" width=\"500\" height=\"281\" src=\"https:\/\/www.youtube.com\/embed\/eMoAXggpj_0?feature=oembed\" frameborder=\"0\" allow=\"accelerometer; autoplay; clipboard-write; encrypted-media; gyroscope; picture-in-picture; web-share\" referrerpolicy=\"strict-origin-when-cross-origin\" allowfullscreen><\/iframe>\n<\/div><\/figure>\n\n\n\n<p>Tambi\u00e9n cuenta con una escuela que lleva su nombre. La Sylvia Mendez School en Santa Ana, California, es un testimonio vivo de su legado perdurable. Nombrada en su honor, la escuela se dedica a proporcionar un entorno de aprendizaje enriquecedor e integrador que celebra la diversidad que enriquece nuestra naci\u00f3n.<\/p>\n\n\n\n<p>La historia de Sylvia M\u00e9ndez nos sirve de inspiraci\u00f3n y nos recuerda la fuerza de la resiliencia, la determinaci\u00f3n y la lucha por la justicia. Su legado brilla como un faro de esperanza, que nos insta a continuar la b\u00fasqueda de la igualdad educativa para las generaciones futuras.<\/p>\n","protected":false},"excerpt":{"rendered":"<p>Cr\u00e9dito: Nuestro Stories A estas alturas, todos estamos de acuerdo en que las latinas son \u00e1ngeles en la Tierra. Sus contribuciones son infinitas y no podemos dejar de hablar de ello. Tomemos a Sylvia M\u00e9ndez, por ejemplo. Es una aut\u00e9ntica jefa, que te inspirar\u00e1 mientras vivas. M\u00e9ndez es una de las muchas latinas que han [&hellip;]<\/p>\n","protected":false},"author":4,"featured_media":10427,"comment_status":"closed","ping_status":"open","sticky":false,"template":"","format":"standard","meta":{"_acf_changed":false,"footnotes":""},"categories":[1281],"tags":[],"class_list":["post-13267","post","type-post","status-publish","format-standard","has-post-thumbnail","hentry","category-featured-es"],"acf":[],"yoast_head":"<!-- This site is optimized with the Yoast SEO plugin v23.5 - https:\/\/yoast.com\/wordpress\/plugins\/seo\/ -->\n<title>Antes se prohib\u00eda a los latinos inscribirse en ciertas escuelas; Sylvia M\u00e9ndez ayud\u00f3 a cambiar esto - Nuestro Stories<\/title>\n<meta name=\"robots\" content=\"index, follow, max-snippet:-1, max-image-preview:large, max-video-preview:-1\" \/>\n<link rel=\"canonical\" href=\"https:\/\/draft.nuestrostories.com\/es\/2023\/05\/antes-se-prohibia-a-los-latinos-inscribirse-en-ciertas-escuelas-sylvia-mendez-ayudo-a-cambiar-esto\/\" \/>\n<meta property=\"og:locale\" content=\"es_ES\" \/>\n<meta property=\"og:type\" content=\"article\" \/>\n<meta property=\"og:title\" content=\"Antes se prohib\u00eda a los latinos inscribirse en ciertas escuelas; Sylvia M\u00e9ndez ayud\u00f3 a cambiar esto - Nuestro Stories\" \/>\n<meta property=\"og:description\" content=\"Cr\u00e9dito: Nuestro Stories A estas alturas, todos estamos de acuerdo en que las latinas son \u00e1ngeles en la Tierra. Sus contribuciones son infinitas y no podemos dejar de hablar de ello. Tomemos a Sylvia M\u00e9ndez, por ejemplo. Es una aut\u00e9ntica jefa, que te inspirar\u00e1 mientras vivas. M\u00e9ndez es una de las muchas latinas que han [&hellip;]\" \/>\n<meta property=\"og:url\" content=\"https:\/\/draft.nuestrostories.com\/es\/2023\/05\/antes-se-prohibia-a-los-latinos-inscribirse-en-ciertas-escuelas-sylvia-mendez-ayudo-a-cambiar-esto\/\" \/>\n<meta property=\"og:site_name\" content=\"Nuestro Stories\" \/>\n<meta property=\"article:published_time\" content=\"2023-05-20T01:05:28+00:00\" \/>\n<meta property=\"article:modified_time\" content=\"2023-12-12T14:26:28+00:00\" \/>\n<meta property=\"og:image\" content=\"https:\/\/draft.nuestrostories.com\/wp-content\/uploads\/2023\/05\/Sylvia-Mendez.jpg\" \/>\n\t<meta property=\"og:image:width\" content=\"1910\" \/>\n\t<meta property=\"og:image:height\" content=\"1274\" \/>\n\t<meta property=\"og:image:type\" content=\"image\/jpeg\" \/>\n<meta name=\"author\" content=\"Rachel\" \/>\n<meta name=\"twitter:card\" content=\"summary_large_image\" \/>\n<meta name=\"twitter:label1\" content=\"Escrito por\" \/>\n\t<meta name=\"twitter:data1\" content=\"Rachel\" \/>\n\t<meta name=\"twitter:label2\" content=\"Tiempo de lectura\" \/>\n\t<meta name=\"twitter:data2\" content=\"2 minutos\" \/>\n<script type=\"application\/ld+json\" class=\"yoast-schema-graph\">{\"@context\":\"https:\/\/schema.org\",\"@graph\":[{\"@type\":\"WebPage\",\"@id\":\"https:\/\/draft.nuestrostories.com\/es\/2023\/05\/antes-se-prohibia-a-los-latinos-inscribirse-en-ciertas-escuelas-sylvia-mendez-ayudo-a-cambiar-esto\/\",\"url\":\"https:\/\/draft.nuestrostories.com\/es\/2023\/05\/antes-se-prohibia-a-los-latinos-inscribirse-en-ciertas-escuelas-sylvia-mendez-ayudo-a-cambiar-esto\/\",\"name\":\"Antes se prohib\u00eda a los latinos inscribirse en ciertas escuelas; Sylvia M\u00e9ndez ayud\u00f3 a cambiar esto - Nuestro Stories\",\"isPartOf\":{\"@id\":\"https:\/\/draft.nuestrostories.com\/es\/#website\"},\"primaryImageOfPage\":{\"@id\":\"https:\/\/draft.nuestrostories.com\/es\/2023\/05\/antes-se-prohibia-a-los-latinos-inscribirse-en-ciertas-escuelas-sylvia-mendez-ayudo-a-cambiar-esto\/#primaryimage\"},\"image\":{\"@id\":\"https:\/\/draft.nuestrostories.com\/es\/2023\/05\/antes-se-prohibia-a-los-latinos-inscribirse-en-ciertas-escuelas-sylvia-mendez-ayudo-a-cambiar-esto\/#primaryimage\"},\"thumbnailUrl\":\"https:\/\/draft.nuestrostories.com\/wp-content\/uploads\/2023\/05\/Sylvia-Mendez.jpg\",\"datePublished\":\"2023-05-20T01:05:28+00:00\",\"dateModified\":\"2023-12-12T14:26:28+00:00\",\"author\":{\"@id\":\"https:\/\/draft.nuestrostories.com\/es\/#\/schema\/person\/b741b0e4e34088347d1fba305925ff68\"},\"breadcrumb\":{\"@id\":\"https:\/\/draft.nuestrostories.com\/es\/2023\/05\/antes-se-prohibia-a-los-latinos-inscribirse-en-ciertas-escuelas-sylvia-mendez-ayudo-a-cambiar-esto\/#breadcrumb\"},\"inLanguage\":\"es\",\"potentialAction\":[{\"@type\":\"ReadAction\",\"target\":[\"https:\/\/draft.nuestrostories.com\/es\/2023\/05\/antes-se-prohibia-a-los-latinos-inscribirse-en-ciertas-escuelas-sylvia-mendez-ayudo-a-cambiar-esto\/\"]}]},{\"@type\":\"ImageObject\",\"inLanguage\":\"es\",\"@id\":\"https:\/\/draft.nuestrostories.com\/es\/2023\/05\/antes-se-prohibia-a-los-latinos-inscribirse-en-ciertas-escuelas-sylvia-mendez-ayudo-a-cambiar-esto\/#primaryimage\",\"url\":\"https:\/\/draft.nuestrostories.com\/wp-content\/uploads\/2023\/05\/Sylvia-Mendez.jpg\",\"contentUrl\":\"https:\/\/draft.nuestrostories.com\/wp-content\/uploads\/2023\/05\/Sylvia-Mendez.jpg\",\"width\":1910,\"height\":1274},{\"@type\":\"BreadcrumbList\",\"@id\":\"https:\/\/draft.nuestrostories.com\/es\/2023\/05\/antes-se-prohibia-a-los-latinos-inscribirse-en-ciertas-escuelas-sylvia-mendez-ayudo-a-cambiar-esto\/#breadcrumb\",\"itemListElement\":[{\"@type\":\"ListItem\",\"position\":1,\"name\":\"Home\",\"item\":\"https:\/\/draft.nuestrostories.com\/es\/\"},{\"@type\":\"ListItem\",\"position\":2,\"name\":\"Antes se prohib\u00eda a los latinos inscribirse en ciertas escuelas; Sylvia M\u00e9ndez ayud\u00f3 a cambiar esto\"}]},{\"@type\":\"WebSite\",\"@id\":\"https:\/\/draft.nuestrostories.com\/es\/#website\",\"url\":\"https:\/\/draft.nuestrostories.com\/es\/\",\"name\":\"Nuestro Stories\",\"description\":\"Latino Heritage. Every Day.\",\"potentialAction\":[{\"@type\":\"SearchAction\",\"target\":{\"@type\":\"EntryPoint\",\"urlTemplate\":\"https:\/\/draft.nuestrostories.com\/es\/?s={search_term_string}\"},\"query-input\":{\"@type\":\"PropertyValueSpecification\",\"valueRequired\":true,\"valueName\":\"search_term_string\"}}],\"inLanguage\":\"es\"},{\"@type\":\"Person\",\"@id\":\"https:\/\/draft.nuestrostories.com\/es\/#\/schema\/person\/b741b0e4e34088347d1fba305925ff68\",\"name\":\"Rachel\",\"image\":{\"@type\":\"ImageObject\",\"inLanguage\":\"es\",\"@id\":\"https:\/\/draft.nuestrostories.com\/es\/#\/schema\/person\/image\/\",\"url\":\"https:\/\/draft.nuestrostories.com\/wp-content\/uploads\/2023\/06\/RachelBio-150x150.jpg\",\"contentUrl\":\"https:\/\/draft.nuestrostories.com\/wp-content\/uploads\/2023\/06\/RachelBio-150x150.jpg\",\"caption\":\"Rachel\"},\"description\":\"Olivia Monahan Chicana journalist, editor, educator, and organizer in Sacramento whose sole focus is to shed light on stories on our most impacted and marginalized communities, but even more importantly, for those stories to humanize those normally left out. She is an Ida B Wells Investigative Journalism Fellow 2022 Finalist, a member of the Parenting Journalists Society, and has bylines in The Courier, The Sacramento Bee, The Americano, Submerge Magazine among others.\",\"url\":\"https:\/\/draft.nuestrostories.com\/es\/author\/rachel\/\"}]}<\/script>\n<!-- \/ Yoast SEO plugin. -->","yoast_head_json":{"title":"Antes se prohib\u00eda a los latinos inscribirse en ciertas escuelas; Sylvia M\u00e9ndez ayud\u00f3 a cambiar esto - Nuestro Stories","robots":{"index":"index","follow":"follow","max-snippet":"max-snippet:-1","max-image-preview":"max-image-preview:large","max-video-preview":"max-video-preview:-1"},"canonical":"https:\/\/draft.nuestrostories.com\/es\/2023\/05\/antes-se-prohibia-a-los-latinos-inscribirse-en-ciertas-escuelas-sylvia-mendez-ayudo-a-cambiar-esto\/","og_locale":"es_ES","og_type":"article","og_title":"Antes se prohib\u00eda a los latinos inscribirse en ciertas escuelas; Sylvia M\u00e9ndez ayud\u00f3 a cambiar esto - Nuestro Stories","og_description":"Cr\u00e9dito: Nuestro Stories A estas alturas, todos estamos de acuerdo en que las latinas son \u00e1ngeles en la Tierra. Sus contribuciones son infinitas y no podemos dejar de hablar de ello. Tomemos a Sylvia M\u00e9ndez, por ejemplo. Es una aut\u00e9ntica jefa, que te inspirar\u00e1 mientras vivas. M\u00e9ndez es una de las muchas latinas que han [&hellip;]","og_url":"https:\/\/draft.nuestrostories.com\/es\/2023\/05\/antes-se-prohibia-a-los-latinos-inscribirse-en-ciertas-escuelas-sylvia-mendez-ayudo-a-cambiar-esto\/","og_site_name":"Nuestro Stories","article_published_time":"2023-05-20T01:05:28+00:00","article_modified_time":"2023-12-12T14:26:28+00:00","og_image":[{"width":1910,"height":1274,"url":"https:\/\/draft.nuestrostories.com\/wp-content\/uploads\/2023\/05\/Sylvia-Mendez.jpg","type":"image\/jpeg"}],"author":"Rachel","twitter_card":"summary_large_image","twitter_misc":{"Escrito por":"Rachel","Tiempo de lectura":"2 minutos"},"schema":{"@context":"https:\/\/schema.org","@graph":[{"@type":"WebPage","@id":"https:\/\/draft.nuestrostories.com\/es\/2023\/05\/antes-se-prohibia-a-los-latinos-inscribirse-en-ciertas-escuelas-sylvia-mendez-ayudo-a-cambiar-esto\/","url":"https:\/\/draft.nuestrostories.com\/es\/2023\/05\/antes-se-prohibia-a-los-latinos-inscribirse-en-ciertas-escuelas-sylvia-mendez-ayudo-a-cambiar-esto\/","name":"Antes se prohib\u00eda a los latinos inscribirse en ciertas escuelas; Sylvia M\u00e9ndez ayud\u00f3 a cambiar esto - Nuestro Stories","isPartOf":{"@id":"https:\/\/draft.nuestrostories.com\/es\/#website"},"primaryImageOfPage":{"@id":"https:\/\/draft.nuestrostories.com\/es\/2023\/05\/antes-se-prohibia-a-los-latinos-inscribirse-en-ciertas-escuelas-sylvia-mendez-ayudo-a-cambiar-esto\/#primaryimage"},"image":{"@id":"https:\/\/draft.nuestrostories.com\/es\/2023\/05\/antes-se-prohibia-a-los-latinos-inscribirse-en-ciertas-escuelas-sylvia-mendez-ayudo-a-cambiar-esto\/#primaryimage"},"thumbnailUrl":"https:\/\/draft.nuestrostories.com\/wp-content\/uploads\/2023\/05\/Sylvia-Mendez.jpg","datePublished":"2023-05-20T01:05:28+00:00","dateModified":"2023-12-12T14:26:28+00:00","author":{"@id":"https:\/\/draft.nuestrostories.com\/es\/#\/schema\/person\/b741b0e4e34088347d1fba305925ff68"},"breadcrumb":{"@id":"https:\/\/draft.nuestrostories.com\/es\/2023\/05\/antes-se-prohibia-a-los-latinos-inscribirse-en-ciertas-escuelas-sylvia-mendez-ayudo-a-cambiar-esto\/#breadcrumb"},"inLanguage":"es","potentialAction":[{"@type":"ReadAction","target":["https:\/\/draft.nuestrostories.com\/es\/2023\/05\/antes-se-prohibia-a-los-latinos-inscribirse-en-ciertas-escuelas-sylvia-mendez-ayudo-a-cambiar-esto\/"]}]},{"@type":"ImageObject","inLanguage":"es","@id":"https:\/\/draft.nuestrostories.com\/es\/2023\/05\/antes-se-prohibia-a-los-latinos-inscribirse-en-ciertas-escuelas-sylvia-mendez-ayudo-a-cambiar-esto\/#primaryimage","url":"https:\/\/draft.nuestrostories.com\/wp-content\/uploads\/2023\/05\/Sylvia-Mendez.jpg","contentUrl":"https:\/\/draft.nuestrostories.com\/wp-content\/uploads\/2023\/05\/Sylvia-Mendez.jpg","width":1910,"height":1274},{"@type":"BreadcrumbList","@id":"https:\/\/draft.nuestrostories.com\/es\/2023\/05\/antes-se-prohibia-a-los-latinos-inscribirse-en-ciertas-escuelas-sylvia-mendez-ayudo-a-cambiar-esto\/#breadcrumb","itemListElement":[{"@type":"ListItem","position":1,"name":"Home","item":"https:\/\/draft.nuestrostories.com\/es\/"},{"@type":"ListItem","position":2,"name":"Antes se prohib\u00eda a los latinos inscribirse en ciertas escuelas; Sylvia M\u00e9ndez ayud\u00f3 a cambiar esto"}]},{"@type":"WebSite","@id":"https:\/\/draft.nuestrostories.com\/es\/#website","url":"https:\/\/draft.nuestrostories.com\/es\/","name":"Nuestro Stories","description":"Latino Heritage. Every Day.","potentialAction":[{"@type":"SearchAction","target":{"@type":"EntryPoint","urlTemplate":"https:\/\/draft.nuestrostories.com\/es\/?s={search_term_string}"},"query-input":{"@type":"PropertyValueSpecification","valueRequired":true,"valueName":"search_term_string"}}],"inLanguage":"es"},{"@type":"Person","@id":"https:\/\/draft.nuestrostories.com\/es\/#\/schema\/person\/b741b0e4e34088347d1fba305925ff68","name":"Rachel","image":{"@type":"ImageObject","inLanguage":"es","@id":"https:\/\/draft.nuestrostories.com\/es\/#\/schema\/person\/image\/","url":"https:\/\/draft.nuestrostories.com\/wp-content\/uploads\/2023\/06\/RachelBio-150x150.jpg","contentUrl":"https:\/\/draft.nuestrostories.com\/wp-content\/uploads\/2023\/06\/RachelBio-150x150.jpg","caption":"Rachel"},"description":"Olivia Monahan Chicana journalist, editor, educator, and organizer in Sacramento whose sole focus is to shed light on stories on our most impacted and marginalized communities, but even more importantly, for those stories to humanize those normally left out. She is an Ida B Wells Investigative Journalism Fellow 2022 Finalist, a member of the Parenting Journalists Society, and has bylines in The Courier, The Sacramento Bee, The Americano, Submerge Magazine among others.","url":"https:\/\/draft.nuestrostories.com\/es\/author\/rachel\/"}]}},"_links":{"self":[{"href":"https:\/\/draft.nuestrostories.com\/es\/wp-json\/wp\/v2\/posts\/13267","targetHints":{"allow":["GET"]}}],"collection":[{"href":"https:\/\/draft.nuestrostories.com\/es\/wp-json\/wp\/v2\/posts"}],"about":[{"href":"https:\/\/draft.nuestrostories.com\/es\/wp-json\/wp\/v2\/types\/post"}],"author":[{"embeddable":true,"href":"https:\/\/draft.nuestrostories.com\/es\/wp-json\/wp\/v2\/users\/4"}],"replies":[{"embeddable":true,"href":"https:\/\/draft.nuestrostories.com\/es\/wp-json\/wp\/v2\/comments?post=13267"}],"version-history":[{"count":1,"href":"https:\/\/draft.nuestrostories.com\/es\/wp-json\/wp\/v2\/posts\/13267\/revisions"}],"predecessor-version":[{"id":13268,"href":"https:\/\/draft.nuestrostories.com\/es\/wp-json\/wp\/v2\/posts\/13267\/revisions\/13268"}],"wp:featuredmedia":[{"embeddable":true,"href":"https:\/\/draft.nuestrostories.com\/es\/wp-json\/wp\/v2\/media\/10427"}],"wp:attachment":[{"href":"https:\/\/draft.nuestrostories.com\/es\/wp-json\/wp\/v2\/media?parent=13267"}],"wp:term":[{"taxonomy":"category","embeddable":true,"href":"https:\/\/draft.nuestrostories.com\/es\/wp-json\/wp\/v2\/categories?post=13267"},{"taxonomy":"post_tag","embeddable":true,"href":"https:\/\/draft.nuestrostories.com\/es\/wp-json\/wp\/v2\/tags?post=13267"}],"curies":[{"name":"wp","href":"https:\/\/api.w.org\/{rel}","templated":true}]}}