{"id":13172,"date":"2023-05-25T19:58:44","date_gmt":"2023-05-25T19:58:44","guid":{"rendered":"https:\/\/draft.nuestrostories.com\/\/?p=13172"},"modified":"2023-12-08T16:56:33","modified_gmt":"2023-12-08T16:56:33","slug":"celebrando-el-legado-de-ildaura-murillo-rohde-defensora-de-las-enfermeras-latinas","status":"publish","type":"post","link":"https:\/\/draft.nuestrostories.com\/es\/2023\/05\/celebrando-el-legado-de-ildaura-murillo-rohde-defensora-de-las-enfermeras-latinas\/","title":{"rendered":"Celebrando el legado de Ildaura Murillo-Rohde: Defensora de las enfermeras latinas"},"content":{"rendered":"\n<p><em>Foto de Lorin Granger\/Fot\u00f3grafo de HLS; ilustraci\u00f3n de Nuestro Stories<\/em><\/p>\n\n\n\n<p>Si alguna vez has entrado a un hospital, probablemente crees que las enfermeras son quienes mantienen el lugar en funcionamiento. Mientras que los<a href=\"https:\/\/draft.nuestrostories.com\/\/2022\/09\/dr-shaquita-bell-is-named-physician-of-the-year\/\"> m\u00e9dicos de bata blanca<\/a> suelen llevarse todo el m\u00e9rito, son realmente las enfermeras quienes cargan con la mayor parte del trabajo. \u00bfNecesitas alguna prueba? Solo mira la historia de Ildaura Murillo-Rohde, una latina tenaz que fund\u00f3 la Asociaci\u00f3n Nacional de Enfermeras Hispanas en 1975.<\/p>\n\n\n\n<p>Nacida en 1920 en Panam\u00e1, Murillo-Rohde lleg\u00f3 a Estados Unidos en 1945. Se gradu\u00f3 de la Escuela de Enfermer\u00eda M\u00e9dica y Quir\u00fargica tres a\u00f1os despu\u00e9s.<\/p>\n\n\n\n<p>Tras obtener su t\u00edtulo en el Teachers College de la Universidad de Columbia, con una especializaci\u00f3n en educaci\u00f3n y supervisi\u00f3n de enfermer\u00eda psiqui\u00e1trica, Murillo-Rohde se convirti\u00f3 en la primera enfermera hispana en obtener un doctorado de la Universidad de Nueva York (NYU).<\/p>\n\n\n\n<figure class=\"wp-block-embed is-type-rich is-provider-twitter wp-block-embed-twitter\"><div class=\"wp-block-embed__wrapper\">\n<blockquote class=\"twitter-tweet\" data-width=\"500\" data-dnt=\"true\"><p lang=\"en\" dir=\"ltr\">Dr. Ildaura Murillo-Rohde founded the Nat&#39;l Association of Hispanic Nurses <a href=\"https:\/\/twitter.com\/nahnnursing?ref_src=twsrc%5Etfw\">@nahnnursing<\/a>  in 1975.  She was concerned the American Nurse Assoc., was not meeting the needs of Latino nurses.  We honor her  during <a href=\"https:\/\/twitter.com\/hashtag\/WomensHistoryMonth?src=hash&amp;ref_src=twsrc%5Etfw\">#WomensHistoryMonth<\/a> <a href=\"https:\/\/twitter.com\/hashtag\/WomensHistoryMonth2023?src=hash&amp;ref_src=twsrc%5Etfw\">#WomensHistoryMonth2023<\/a> <a href=\"https:\/\/t.co\/P690mLJw9z\">https:\/\/t.co\/P690mLJw9z<\/a> <a href=\"https:\/\/t.co\/pxXEgSuWAJ\">pic.twitter.com\/pxXEgSuWAJ<\/a><\/p>&mdash; Wise Latinas Linked (@wiselatinaslink) <a href=\"https:\/\/twitter.com\/wiselatinaslink\/status\/1631685982314430464?ref_src=twsrc%5Etfw\">March 3, 2023<\/a><\/blockquote><script async src=\"https:\/\/platform.twitter.com\/widgets.js\" charset=\"utf-8\"><\/script>\n<\/div><\/figure>\n\n\n\n<h2 class=\"wp-block-heading\">La historia de Murillo-Rohde: Cuando se encuentran la vocaci\u00f3n y la conciencia cultural<\/h2>\n\n\n\n<p>Ser la primera enfermera latina en obtener un doctorado transform\u00f3 inmediatamente a Murillo-Rohde en una pionera. Mientras ve\u00eda a los orientadores de las preparatorias tratar de dirigir a los estudiantes latinos hacia programas de enfermer\u00eda con t\u00edtulo de asociado, se dio cuenta de que el techo era demasiado bajo para los latinos que sent\u00edan el llamado.<\/p>\n\n\n\n<p>\"Comenc\u00e9 a darme cuenta de que deb\u00eda hacerse algo al respecto\", dijo, seg\u00fan la<a href=\"https:\/\/minoritynurse.com\/?s=ildaura+murillo\"> cit\u00f3<\/a> la revista Minority Nurse Magazine. \"Vi que yo era la \u00fanica enfermera hispana que iba a Washington para trabajar con el gobierno federal, revisar investigaciones y subvenciones educativas, etc. No hab\u00eda nadie m\u00e1s. Mir\u00e9 hacia atr\u00e1s y pens\u00e9: '\u00bfD\u00f3nde est\u00e1 mi gente?\u2019\u201d.<\/p>\n\n\n\n<p>Murillo-Rohde comenz\u00f3 entonces a crear conciencia sobre el hecho de que, entre los latinos, hay una \"cultura dentro de la cultura\".<\/p>\n\n\n\n<p>Es por esto que, en 1975, fund\u00f3 la Asociaci\u00f3n Nacional de Enfermeras Hispanas (NAHN) y se desempe\u00f1\u00f3 como su primera presidenta.<\/p>\n\n\n\n<p>\"No hab\u00eda dinero para hacer nada. Durante los primeros cuatro a\u00f1os, fui la cocinera principal y la encargada de todo para la NAHN. Promocion\u00e9 la asociaci\u00f3n, publiqu\u00e9 el bolet\u00edn, hice todo\", le dijo a la revista Minority Nurse Magazine.<\/p>\n\n\n\n<figure class=\"wp-block-embed is-type-rich is-provider-twitter wp-block-embed-twitter\"><div class=\"wp-block-embed__wrapper\">\n<blockquote class=\"twitter-tweet\" data-width=\"500\" data-dnt=\"true\"><p lang=\"en\" dir=\"ltr\">It&#39;s always good to see Latinos represented in nursing, let alone it being Dr. Ildaura Murillo-Rohde... and on Google! \ud83e\udd72 <a href=\"https:\/\/twitter.com\/nahnnursing?ref_src=twsrc%5Etfw\">@nahnnursing<\/a>  <a href=\"https:\/\/twitter.com\/hashtag\/HispanicHeritageMonth?src=hash&amp;ref_src=twsrc%5Etfw\">#HispanicHeritageMonth<\/a> <a href=\"https:\/\/t.co\/4RaAI8flsp\">pic.twitter.com\/4RaAI8flsp<\/a><\/p>&mdash; JGL (@josegllanas) <a href=\"https:\/\/twitter.com\/josegllanas\/status\/1438253487872110592?ref_src=twsrc%5Etfw\">September 15, 2021<\/a><\/blockquote><script async src=\"https:\/\/platform.twitter.com\/widgets.js\" charset=\"utf-8\"><\/script>\n<\/div><\/figure>\n\n\n\n<h2 class=\"wp-block-heading\">El trabajo de Murillo-Rohde cambi\u00f3 la profesi\u00f3n para siempre<\/h2>\n\n\n\n<p>A lo largo de su carrera, Murillo-Rohde se asegur\u00f3 de que, aunque ella fue la primera enfermera latina en obtener un doctorado, no fuera la \u00faltima.<\/p>\n\n\n\n<p>Su<a href=\"https:\/\/www.nahnnet.org\/about\/bios\/Ildaura_Murillo-Rohde\"> compromiso<\/a> fue aumentar el n\u00famero de enfermeros latinos, algo que se reflej\u00f3 d\u00e9cadas despu\u00e9s cuando la pandemia del COVID-19<a href=\"https:\/\/www.nbcnews.com\/news\/latino\/are-latino-nurses-covid-showed-important-are-rcna1110\"> demostr\u00f3<\/a> la verdadera fortaleza de los enfermeros hispanos en Estados Unidos.<\/p>\n\n\n\n<p>Murillo-Rohde tambi\u00e9n<a href=\"https:\/\/nyamcenterforhistory.org\/tag\/hispanic-nurses\/\"> busc\u00f3 incrementar<\/a> el n\u00famero de expertos en pol\u00edticas que asesoran a legisladores sobre temas de salud latina. Adem\u00e1s, se desempe\u00f1\u00f3 como consultora para la Organizaci\u00f3n Mundial de la Salud en el gobierno de Guatemala y fue designada Representante Permanente de la UNICEF por la Federaci\u00f3n Internacional de Mujeres de Negocios y Profesionales.<\/p>\n\n\n\n<p>En 1994, fue nombrada Leyenda Viva de la Academia Estadounidense de Enfermer\u00eda.<\/p>\n\n\n\n<p>Murillo-Rohde falleci\u00f3 en Panam\u00e1 el 5 de septiembre de 2010, un d\u00eda antes de cumplir 90 a\u00f1os.<\/p>\n","protected":false},"excerpt":{"rendered":"<p>Foto de Lorin Granger\/Fot\u00f3grafo de HLS; ilustraci\u00f3n de Nuestro Stories Si alguna vez has entrado a un hospital, probablemente crees que las enfermeras son quienes mantienen el lugar en funcionamiento. Mientras que los m\u00e9dicos de bata blanca suelen llevarse todo el m\u00e9rito, son realmente las enfermeras quienes cargan con la mayor parte del trabajo. \u00bfNecesitas [&hellip;]<\/p>\n","protected":false},"author":4,"featured_media":10437,"comment_status":"closed","ping_status":"open","sticky":false,"template":"","format":"standard","meta":{"_acf_changed":false,"footnotes":""},"categories":[1281],"tags":[],"class_list":["post-13172","post","type-post","status-publish","format-standard","has-post-thumbnail","hentry","category-featured-es"],"acf":[],"yoast_head":"<!-- This site is optimized with the Yoast SEO plugin v23.5 - https:\/\/yoast.com\/wordpress\/plugins\/seo\/ -->\n<title>Celebrando el legado de Ildaura Murillo-Rohde: Defensora de las enfermeras latinas - Nuestro Stories<\/title>\n<meta name=\"robots\" content=\"index, follow, max-snippet:-1, max-image-preview:large, max-video-preview:-1\" \/>\n<link rel=\"canonical\" href=\"https:\/\/draft.nuestrostories.com\/es\/2023\/05\/celebrando-el-legado-de-ildaura-murillo-rohde-defensora-de-las-enfermeras-latinas\/\" \/>\n<meta property=\"og:locale\" content=\"es_ES\" \/>\n<meta property=\"og:type\" content=\"article\" \/>\n<meta property=\"og:title\" content=\"Celebrando el legado de Ildaura Murillo-Rohde: Defensora de las enfermeras latinas - Nuestro Stories\" \/>\n<meta property=\"og:description\" content=\"Foto de Lorin Granger\/Fot\u00f3grafo de HLS; ilustraci\u00f3n de Nuestro Stories Si alguna vez has entrado a un hospital, probablemente crees que las enfermeras son quienes mantienen el lugar en funcionamiento. Mientras que los m\u00e9dicos de bata blanca suelen llevarse todo el m\u00e9rito, son realmente las enfermeras quienes cargan con la mayor parte del trabajo. \u00bfNecesitas [&hellip;]\" \/>\n<meta property=\"og:url\" content=\"https:\/\/draft.nuestrostories.com\/es\/2023\/05\/celebrando-el-legado-de-ildaura-murillo-rohde-defensora-de-las-enfermeras-latinas\/\" \/>\n<meta property=\"og:site_name\" content=\"Nuestro Stories\" \/>\n<meta property=\"article:published_time\" content=\"2023-05-25T19:58:44+00:00\" \/>\n<meta property=\"article:modified_time\" content=\"2023-12-08T16:56:33+00:00\" \/>\n<meta property=\"og:image\" content=\"https:\/\/draft.nuestrostories.com\/wp-content\/uploads\/2023\/05\/Ildaura-Murillo-Rohde.jpg\" \/>\n\t<meta property=\"og:image:width\" content=\"1910\" \/>\n\t<meta property=\"og:image:height\" content=\"1274\" \/>\n\t<meta property=\"og:image:type\" content=\"image\/jpeg\" \/>\n<meta name=\"author\" content=\"Rachel\" \/>\n<meta name=\"twitter:card\" content=\"summary_large_image\" \/>\n<meta name=\"twitter:label1\" content=\"Escrito por\" \/>\n\t<meta name=\"twitter:data1\" content=\"Rachel\" \/>\n\t<meta name=\"twitter:label2\" content=\"Tiempo de lectura\" \/>\n\t<meta name=\"twitter:data2\" content=\"3 minutos\" \/>\n<script type=\"application\/ld+json\" class=\"yoast-schema-graph\">{\"@context\":\"https:\/\/schema.org\",\"@graph\":[{\"@type\":\"WebPage\",\"@id\":\"https:\/\/draft.nuestrostories.com\/es\/2023\/05\/celebrando-el-legado-de-ildaura-murillo-rohde-defensora-de-las-enfermeras-latinas\/\",\"url\":\"https:\/\/draft.nuestrostories.com\/es\/2023\/05\/celebrando-el-legado-de-ildaura-murillo-rohde-defensora-de-las-enfermeras-latinas\/\",\"name\":\"Celebrando el legado de Ildaura Murillo-Rohde: Defensora de las enfermeras latinas - Nuestro Stories\",\"isPartOf\":{\"@id\":\"https:\/\/draft.nuestrostories.com\/es\/#website\"},\"primaryImageOfPage\":{\"@id\":\"https:\/\/draft.nuestrostories.com\/es\/2023\/05\/celebrando-el-legado-de-ildaura-murillo-rohde-defensora-de-las-enfermeras-latinas\/#primaryimage\"},\"image\":{\"@id\":\"https:\/\/draft.nuestrostories.com\/es\/2023\/05\/celebrando-el-legado-de-ildaura-murillo-rohde-defensora-de-las-enfermeras-latinas\/#primaryimage\"},\"thumbnailUrl\":\"https:\/\/draft.nuestrostories.com\/wp-content\/uploads\/2023\/05\/Ildaura-Murillo-Rohde.jpg\",\"datePublished\":\"2023-05-25T19:58:44+00:00\",\"dateModified\":\"2023-12-08T16:56:33+00:00\",\"author\":{\"@id\":\"https:\/\/draft.nuestrostories.com\/es\/#\/schema\/person\/b741b0e4e34088347d1fba305925ff68\"},\"breadcrumb\":{\"@id\":\"https:\/\/draft.nuestrostories.com\/es\/2023\/05\/celebrando-el-legado-de-ildaura-murillo-rohde-defensora-de-las-enfermeras-latinas\/#breadcrumb\"},\"inLanguage\":\"es\",\"potentialAction\":[{\"@type\":\"ReadAction\",\"target\":[\"https:\/\/draft.nuestrostories.com\/es\/2023\/05\/celebrando-el-legado-de-ildaura-murillo-rohde-defensora-de-las-enfermeras-latinas\/\"]}]},{\"@type\":\"ImageObject\",\"inLanguage\":\"es\",\"@id\":\"https:\/\/draft.nuestrostories.com\/es\/2023\/05\/celebrando-el-legado-de-ildaura-murillo-rohde-defensora-de-las-enfermeras-latinas\/#primaryimage\",\"url\":\"https:\/\/draft.nuestrostories.com\/wp-content\/uploads\/2023\/05\/Ildaura-Murillo-Rohde.jpg\",\"contentUrl\":\"https:\/\/draft.nuestrostories.com\/wp-content\/uploads\/2023\/05\/Ildaura-Murillo-Rohde.jpg\",\"width\":1910,\"height\":1274,\"caption\":\"Image courtesy of Wikimedia Commons.\"},{\"@type\":\"BreadcrumbList\",\"@id\":\"https:\/\/draft.nuestrostories.com\/es\/2023\/05\/celebrando-el-legado-de-ildaura-murillo-rohde-defensora-de-las-enfermeras-latinas\/#breadcrumb\",\"itemListElement\":[{\"@type\":\"ListItem\",\"position\":1,\"name\":\"Home\",\"item\":\"https:\/\/draft.nuestrostories.com\/es\/\"},{\"@type\":\"ListItem\",\"position\":2,\"name\":\"Celebrando el legado de Ildaura Murillo-Rohde: Defensora de las enfermeras latinas\"}]},{\"@type\":\"WebSite\",\"@id\":\"https:\/\/draft.nuestrostories.com\/es\/#website\",\"url\":\"https:\/\/draft.nuestrostories.com\/es\/\",\"name\":\"Nuestro Stories\",\"description\":\"Latino Heritage. Every Day.\",\"potentialAction\":[{\"@type\":\"SearchAction\",\"target\":{\"@type\":\"EntryPoint\",\"urlTemplate\":\"https:\/\/draft.nuestrostories.com\/es\/?s={search_term_string}\"},\"query-input\":{\"@type\":\"PropertyValueSpecification\",\"valueRequired\":true,\"valueName\":\"search_term_string\"}}],\"inLanguage\":\"es\"},{\"@type\":\"Person\",\"@id\":\"https:\/\/draft.nuestrostories.com\/es\/#\/schema\/person\/b741b0e4e34088347d1fba305925ff68\",\"name\":\"Rachel\",\"image\":{\"@type\":\"ImageObject\",\"inLanguage\":\"es\",\"@id\":\"https:\/\/draft.nuestrostories.com\/es\/#\/schema\/person\/image\/\",\"url\":\"https:\/\/draft.nuestrostories.com\/wp-content\/uploads\/2023\/06\/RachelBio-150x150.jpg\",\"contentUrl\":\"https:\/\/draft.nuestrostories.com\/wp-content\/uploads\/2023\/06\/RachelBio-150x150.jpg\",\"caption\":\"Rachel\"},\"description\":\"Olivia Monahan Chicana journalist, editor, educator, and organizer in Sacramento whose sole focus is to shed light on stories on our most impacted and marginalized communities, but even more importantly, for those stories to humanize those normally left out. She is an Ida B Wells Investigative Journalism Fellow 2022 Finalist, a member of the Parenting Journalists Society, and has bylines in The Courier, The Sacramento Bee, The Americano, Submerge Magazine among others.\",\"url\":\"https:\/\/draft.nuestrostories.com\/es\/author\/rachel\/\"}]}<\/script>\n<!-- \/ Yoast SEO plugin. -->","yoast_head_json":{"title":"Celebrando el legado de Ildaura Murillo-Rohde: Defensora de las enfermeras latinas - Nuestro Stories","robots":{"index":"index","follow":"follow","max-snippet":"max-snippet:-1","max-image-preview":"max-image-preview:large","max-video-preview":"max-video-preview:-1"},"canonical":"https:\/\/draft.nuestrostories.com\/es\/2023\/05\/celebrando-el-legado-de-ildaura-murillo-rohde-defensora-de-las-enfermeras-latinas\/","og_locale":"es_ES","og_type":"article","og_title":"Celebrando el legado de Ildaura Murillo-Rohde: Defensora de las enfermeras latinas - Nuestro Stories","og_description":"Foto de Lorin Granger\/Fot\u00f3grafo de HLS; ilustraci\u00f3n de Nuestro Stories Si alguna vez has entrado a un hospital, probablemente crees que las enfermeras son quienes mantienen el lugar en funcionamiento. Mientras que los m\u00e9dicos de bata blanca suelen llevarse todo el m\u00e9rito, son realmente las enfermeras quienes cargan con la mayor parte del trabajo. \u00bfNecesitas [&hellip;]","og_url":"https:\/\/draft.nuestrostories.com\/es\/2023\/05\/celebrando-el-legado-de-ildaura-murillo-rohde-defensora-de-las-enfermeras-latinas\/","og_site_name":"Nuestro Stories","article_published_time":"2023-05-25T19:58:44+00:00","article_modified_time":"2023-12-08T16:56:33+00:00","og_image":[{"width":1910,"height":1274,"url":"https:\/\/draft.nuestrostories.com\/wp-content\/uploads\/2023\/05\/Ildaura-Murillo-Rohde.jpg","type":"image\/jpeg"}],"author":"Rachel","twitter_card":"summary_large_image","twitter_misc":{"Escrito por":"Rachel","Tiempo de lectura":"3 minutos"},"schema":{"@context":"https:\/\/schema.org","@graph":[{"@type":"WebPage","@id":"https:\/\/draft.nuestrostories.com\/es\/2023\/05\/celebrando-el-legado-de-ildaura-murillo-rohde-defensora-de-las-enfermeras-latinas\/","url":"https:\/\/draft.nuestrostories.com\/es\/2023\/05\/celebrando-el-legado-de-ildaura-murillo-rohde-defensora-de-las-enfermeras-latinas\/","name":"Celebrando el legado de Ildaura Murillo-Rohde: Defensora de las enfermeras latinas - Nuestro Stories","isPartOf":{"@id":"https:\/\/draft.nuestrostories.com\/es\/#website"},"primaryImageOfPage":{"@id":"https:\/\/draft.nuestrostories.com\/es\/2023\/05\/celebrando-el-legado-de-ildaura-murillo-rohde-defensora-de-las-enfermeras-latinas\/#primaryimage"},"image":{"@id":"https:\/\/draft.nuestrostories.com\/es\/2023\/05\/celebrando-el-legado-de-ildaura-murillo-rohde-defensora-de-las-enfermeras-latinas\/#primaryimage"},"thumbnailUrl":"https:\/\/draft.nuestrostories.com\/wp-content\/uploads\/2023\/05\/Ildaura-Murillo-Rohde.jpg","datePublished":"2023-05-25T19:58:44+00:00","dateModified":"2023-12-08T16:56:33+00:00","author":{"@id":"https:\/\/draft.nuestrostories.com\/es\/#\/schema\/person\/b741b0e4e34088347d1fba305925ff68"},"breadcrumb":{"@id":"https:\/\/draft.nuestrostories.com\/es\/2023\/05\/celebrando-el-legado-de-ildaura-murillo-rohde-defensora-de-las-enfermeras-latinas\/#breadcrumb"},"inLanguage":"es","potentialAction":[{"@type":"ReadAction","target":["https:\/\/draft.nuestrostories.com\/es\/2023\/05\/celebrando-el-legado-de-ildaura-murillo-rohde-defensora-de-las-enfermeras-latinas\/"]}]},{"@type":"ImageObject","inLanguage":"es","@id":"https:\/\/draft.nuestrostories.com\/es\/2023\/05\/celebrando-el-legado-de-ildaura-murillo-rohde-defensora-de-las-enfermeras-latinas\/#primaryimage","url":"https:\/\/draft.nuestrostories.com\/wp-content\/uploads\/2023\/05\/Ildaura-Murillo-Rohde.jpg","contentUrl":"https:\/\/draft.nuestrostories.com\/wp-content\/uploads\/2023\/05\/Ildaura-Murillo-Rohde.jpg","width":1910,"height":1274,"caption":"Image courtesy of Wikimedia Commons."},{"@type":"BreadcrumbList","@id":"https:\/\/draft.nuestrostories.com\/es\/2023\/05\/celebrando-el-legado-de-ildaura-murillo-rohde-defensora-de-las-enfermeras-latinas\/#breadcrumb","itemListElement":[{"@type":"ListItem","position":1,"name":"Home","item":"https:\/\/draft.nuestrostories.com\/es\/"},{"@type":"ListItem","position":2,"name":"Celebrando el legado de Ildaura Murillo-Rohde: Defensora de las enfermeras latinas"}]},{"@type":"WebSite","@id":"https:\/\/draft.nuestrostories.com\/es\/#website","url":"https:\/\/draft.nuestrostories.com\/es\/","name":"Nuestro Stories","description":"Latino Heritage. Every Day.","potentialAction":[{"@type":"SearchAction","target":{"@type":"EntryPoint","urlTemplate":"https:\/\/draft.nuestrostories.com\/es\/?s={search_term_string}"},"query-input":{"@type":"PropertyValueSpecification","valueRequired":true,"valueName":"search_term_string"}}],"inLanguage":"es"},{"@type":"Person","@id":"https:\/\/draft.nuestrostories.com\/es\/#\/schema\/person\/b741b0e4e34088347d1fba305925ff68","name":"Rachel","image":{"@type":"ImageObject","inLanguage":"es","@id":"https:\/\/draft.nuestrostories.com\/es\/#\/schema\/person\/image\/","url":"https:\/\/draft.nuestrostories.com\/wp-content\/uploads\/2023\/06\/RachelBio-150x150.jpg","contentUrl":"https:\/\/draft.nuestrostories.com\/wp-content\/uploads\/2023\/06\/RachelBio-150x150.jpg","caption":"Rachel"},"description":"Olivia Monahan Chicana journalist, editor, educator, and organizer in Sacramento whose sole focus is to shed light on stories on our most impacted and marginalized communities, but even more importantly, for those stories to humanize those normally left out. She is an Ida B Wells Investigative Journalism Fellow 2022 Finalist, a member of the Parenting Journalists Society, and has bylines in The Courier, The Sacramento Bee, The Americano, Submerge Magazine among others.","url":"https:\/\/draft.nuestrostories.com\/es\/author\/rachel\/"}]}},"_links":{"self":[{"href":"https:\/\/draft.nuestrostories.com\/es\/wp-json\/wp\/v2\/posts\/13172","targetHints":{"allow":["GET"]}}],"collection":[{"href":"https:\/\/draft.nuestrostories.com\/es\/wp-json\/wp\/v2\/posts"}],"about":[{"href":"https:\/\/draft.nuestrostories.com\/es\/wp-json\/wp\/v2\/types\/post"}],"author":[{"embeddable":true,"href":"https:\/\/draft.nuestrostories.com\/es\/wp-json\/wp\/v2\/users\/4"}],"replies":[{"embeddable":true,"href":"https:\/\/draft.nuestrostories.com\/es\/wp-json\/wp\/v2\/comments?post=13172"}],"version-history":[{"count":1,"href":"https:\/\/draft.nuestrostories.com\/es\/wp-json\/wp\/v2\/posts\/13172\/revisions"}],"predecessor-version":[{"id":13173,"href":"https:\/\/draft.nuestrostories.com\/es\/wp-json\/wp\/v2\/posts\/13172\/revisions\/13173"}],"wp:featuredmedia":[{"embeddable":true,"href":"https:\/\/draft.nuestrostories.com\/es\/wp-json\/wp\/v2\/media\/10437"}],"wp:attachment":[{"href":"https:\/\/draft.nuestrostories.com\/es\/wp-json\/wp\/v2\/media?parent=13172"}],"wp:term":[{"taxonomy":"category","embeddable":true,"href":"https:\/\/draft.nuestrostories.com\/es\/wp-json\/wp\/v2\/categories?post=13172"},{"taxonomy":"post_tag","embeddable":true,"href":"https:\/\/draft.nuestrostories.com\/es\/wp-json\/wp\/v2\/tags?post=13172"}],"curies":[{"name":"wp","href":"https:\/\/api.w.org\/{rel}","templated":true}]}}