{"id":13069,"date":"2023-06-06T19:14:50","date_gmt":"2023-06-06T19:14:50","guid":{"rendered":"https:\/\/draft.nuestrostories.com\/\/?p=13069"},"modified":"2023-12-06T22:06:26","modified_gmt":"2023-12-06T22:06:26","slug":"la-increible-historia-de-fernando-bujones-un-icono-latino-del-ballet","status":"publish","type":"post","link":"https:\/\/draft.nuestrostories.com\/es\/2023\/06\/la-increible-historia-de-fernando-bujones-un-icono-latino-del-ballet\/","title":{"rendered":"La Incre\u00edble historia de Fernando Bujones, un \u00edcono latino del ballet"},"content":{"rendered":"\n<p><em>Foto: Shutterstock; ilustraci\u00f3n de Nuestro Stories<\/em><\/p>\n\n\n\n<p>Mucho se ha dicho sobre las contribuciones de los latinos a la historia del siglo XX. Desde<a href=\"https:\/\/draft.nuestrostories.com\/\/?s=physician\"> m\u00e9dicos<\/a> hasta<a href=\"https:\/\/draft.nuestrostories.com\/\/?s=activist\"> activistas<\/a> ... y cuando se trata de las artes, tambi\u00e9n hemos sido una comunidad llena de talento inigualable.<\/p>\n\n\n\n<p>Solo hay que mirar la historia de Fernando Bujones, un bailar\u00edn cubano-americano considerado uno de los mejores del siglo XX y uno de los m\u00e1s grandes de su generaci\u00f3n.<\/p>\n\n\n\n<h2 class=\"wp-block-heading\"><span style=\"font-weight: 400;\">Un talento innato<\/span><\/h2>\n\n\n\n<p>Nacido en Miami, Florida, en 1955, Fernando Bujones se traslad\u00f3 con su madre a La Habana cuando ten\u00eda cinco a\u00f1os. Ah\u00ed, comenz\u00f3 a aprender ballet a los seis a\u00f1os en la escuela de la ic\u00f3nica bailarina Alicia Alonso.<\/p>\n\n\n\n<p>Como escribi\u00f3 Anna Kisselgoff en el<a href=\"https:\/\/www.nytimes.com\/2005\/11\/11\/arts\/dance\/fernando-bujones-50-international-ballet-star-dies.html\"> obituario<\/a> de Bujones en 2005, la madre de Bujones, tambi\u00e9n exbailarina, lo inscribi\u00f3 en clases de danza debido a su d\u00e9bil constituci\u00f3n cuando era ni\u00f1o.<\/p>\n\n\n\n<p>En 1964, Bujones regres\u00f3 a Miami con su madre, quien lo present\u00f3 al destacado bailar\u00edn del New York City Ballet Jacques d'Ambroise, quien estaba de gira en ese momento<em>.<\/em><\/p>\n\n\n\n<h2 class=\"wp-block-heading\"><span style=\"font-weight: 400;\">Fernando Bujones se abre camino hacia la danza profesional<\/span><\/h2>\n\n\n\n<p>En 1967, gracias al apoyo de d'Ambroise, Bujones<a href=\"https:\/\/colab.research.google.com\/drive\/1HC5vcMVIHeQakQmuaV-Yl3r87iUgqr_u\"> gan\u00f3 una beca<\/a> para la School of American Ballet, la escuela oficial del New York City Ballet Company. Bujones permaneci\u00f3 all\u00ed durante cinco a\u00f1os y estudi\u00f3 con maestros como Andr\u00e9 Eglevsky, Stanley Williams y Jos\u00e9 Imendez, quien se convertir\u00eda en su entrenador.<\/p>\n\n\n\n<p>\"El primer a\u00f1o, trabaj\u00e9 duro\", dijo Bujones a<a href=\"https:\/\/www.hollybrubach.com\/wp-content\/uploads\/2011\/01\/In-First-Position.pdf\"> Ballet News<\/a> en 1980. \"Pero no fue sino hasta el segundo a\u00f1o que mir\u00e9 hacia mi interior y me di cuenta de mi propio talento\".<\/p>\n\n\n\n<p>En 1970, a los 15 a\u00f1os, Bujones hizo su debut profesional en la compa\u00f1\u00eda de Andr\u00e9 Eglevsky antes de obtener su diploma en 1972.<\/p>\n\n\n\n<p>M\u00e1s tarde ese a\u00f1o, George Balanchine lo invit\u00f3 a unirse al New York City Ballet. Bujones declin\u00f3, prefiriendo bailar las obras maestras cl\u00e1sicas del siglo XIX en el American Ballet Theatre (ABT). Ya como solista en 1973, se convirti\u00f3 en la estrella m\u00e1s joven en la historia de ABT en 1974.<\/p>\n\n\n\n<figure class=\"wp-block-embed\"><div class=\"wp-block-embed__wrapper\">\nhttps:\/\/www.youtube.com\/watch?v=aiqvRBU1BvI\n<\/div><\/figure>\n\n\n\n<p>Ese mismo a\u00f1o, Bujones gan\u00f3 la medalla de oro en la famosa competencia en Varna, Bulgaria, donde se decid\u00edan los mejores bailarines del mundo. Bujones logr\u00f3 la haza\u00f1a de ser coronado en la categor\u00eda s\u00e9nior cuando solo ten\u00eda 19 a\u00f1os y era junior.<\/p>\n\n\n\n<p>Al mismo tiempo, el bailar\u00edn Mikhail Baryshnikov desert\u00f3 de la Uni\u00f3n Sovi\u00e9tica y se uni\u00f3 al ABT, convirti\u00e9ndose en su mayor competencia. \u201cBaryshnikov tiene la publicidad, pero yo tengo el talento\u201d,<a href=\"https:\/\/www.latimes.com\/archives\/la-xpm-2005-nov-12-me-bujones12-story.html#:~:text=%E2%80%9CBaryshnikov%20has%20the%20publicity%2C%20I,instant%20stardom%20like%20nothing%20else.\"> dijo<\/a> Bujones en ese momento, refiri\u00e9ndose a la popularidad que rodeaba al bailar\u00edn sovi\u00e9tico, considerado casi un h\u00e9roe por abandonar la Uni\u00f3n Sovi\u00e9tica.<\/p>\n\n\n\n<p>Fernando Bujones se hizo famoso por ser un bailar\u00edn deslumbrante, cuya fuerza explosiva sorprend\u00eda a todas las audiencias, dada la delicadeza de su figura.<\/p>\n\n\n\n<p>\"Mi t\u00e9cnica es una combinaci\u00f3n de todos los grandes artistas del pasado y del presente\", dijo Bujones a Ballet News. \"He trabajado para superar sus est\u00e1ndares e incluso los m\u00edos\".<\/p>\n\n\n\n<p>Confiando en su flexibilidad y piernas interminables, Bujones pose\u00eda una precisi\u00f3n t\u00e9cnica casi matem\u00e1tica en sus pasos. Asimismo, ten\u00eda una sorprendente potencia de salto y momentum en sus giros, finalizando con una notable suavidad.<\/p>\n\n\n\n<figure class=\"wp-block-embed is-type-video is-provider-youtube wp-block-embed-youtube wp-embed-aspect-4-3 wp-has-aspect-ratio\"><div class=\"wp-block-embed__wrapper\">\n<iframe loading=\"lazy\" title=\"fernando bujones la fille mal gardee\" width=\"500\" height=\"375\" src=\"https:\/\/www.youtube.com\/embed\/-mCkv9fzlPE?feature=oembed\" frameborder=\"0\" allow=\"accelerometer; autoplay; clipboard-write; encrypted-media; gyroscope; picture-in-picture; web-share\" referrerpolicy=\"strict-origin-when-cross-origin\" allowfullscreen><\/iframe>\n<\/div><\/figure>\n\n\n\n<h2 class=\"wp-block-heading\"><strong>Un nuevo cap\u00edtulo<\/strong><\/h2>\n\n\n\n<p>Despu\u00e9s de la llegada de Baryshnikov al ABT, la competencia entre los dos alcanz\u00f3 el punto en el que Bujones fue<a href=\"https:\/\/colab.research.google.com\/drive\/1HC5vcMVIHeQakQmuaV-Yl3r87iUgqr_u\"> despedido<\/a> en 1985. Sin embargo, el bailar\u00edn latino regres\u00f3 cuatro a\u00f1os despu\u00e9s tras la partida de su n\u00e9mesis.<\/p>\n\n\n\n<p>En una carrera que abarc\u00f3 m\u00e1s de 30 a\u00f1os, Fernando Bujones se present\u00f3 como artista invitado en 34 pa\u00edses y form\u00f3 parte de m\u00e1s de 60 compa\u00f1\u00edas de danza. Ir\u00f3nicamente, fue el primer bailar\u00edn extranjero invitado al Ballet Bolsh\u00f3i en 1987.<\/p>\n\n\n\n<p>El 2 de junio de 1995, se despidi\u00f3 del escenario como bailar\u00edn ante una audiencia deslumbrada que le brind\u00f3 una<a href=\"https:\/\/www.lemonde.fr\/disparitions\/article\/2005\/11\/18\/fernando-bujones-danseur-etoile-americain_711746_3382.html\"> ovaci\u00f3n de 20 minutos<\/a>.<\/p>\n\n\n\n<p>No obstante, su actuaci\u00f3n fuera del escenario continu\u00f3. Bujones trabaj\u00f3 como director art\u00edstico del Mississippi Ballet en 1993. En 1999, desempe\u00f1\u00f3 el mismo papel para el Southern Ballet Theater de Orlando, donde trabaj\u00f3 hasta su fallecimiento.<\/p>\n\n\n\n<p> <\/p>\n","protected":false},"excerpt":{"rendered":"<p>Foto: Shutterstock; ilustraci\u00f3n de Nuestro Stories Mucho se ha dicho sobre las contribuciones de los latinos a la historia del siglo XX. Desde m\u00e9dicos hasta activistas ... y cuando se trata de las artes, tambi\u00e9n hemos sido una comunidad llena de talento inigualable. Solo hay que mirar la historia de Fernando Bujones, un bailar\u00edn cubano-americano [&hellip;]<\/p>\n","protected":false},"author":4,"featured_media":10457,"comment_status":"closed","ping_status":"open","sticky":false,"template":"","format":"standard","meta":{"_acf_changed":false,"footnotes":""},"categories":[1281],"tags":[],"class_list":["post-13069","post","type-post","status-publish","format-standard","has-post-thumbnail","hentry","category-featured-es"],"acf":[],"yoast_head":"<!-- This site is optimized with the Yoast SEO plugin v23.5 - https:\/\/yoast.com\/wordpress\/plugins\/seo\/ -->\n<title>La Incre\u00edble historia de Fernando Bujones, un \u00edcono latino del ballet - Nuestro Stories<\/title>\n<meta name=\"robots\" content=\"index, follow, max-snippet:-1, max-image-preview:large, max-video-preview:-1\" \/>\n<link rel=\"canonical\" href=\"https:\/\/draft.nuestrostories.com\/es\/2023\/06\/la-increible-historia-de-fernando-bujones-un-icono-latino-del-ballet\/\" \/>\n<meta property=\"og:locale\" content=\"es_ES\" \/>\n<meta property=\"og:type\" content=\"article\" \/>\n<meta property=\"og:title\" content=\"La Incre\u00edble historia de Fernando Bujones, un \u00edcono latino del ballet - Nuestro Stories\" \/>\n<meta property=\"og:description\" content=\"Foto: Shutterstock; ilustraci\u00f3n de Nuestro Stories Mucho se ha dicho sobre las contribuciones de los latinos a la historia del siglo XX. Desde m\u00e9dicos hasta activistas ... y cuando se trata de las artes, tambi\u00e9n hemos sido una comunidad llena de talento inigualable. Solo hay que mirar la historia de Fernando Bujones, un bailar\u00edn cubano-americano [&hellip;]\" \/>\n<meta property=\"og:url\" content=\"https:\/\/draft.nuestrostories.com\/es\/2023\/06\/la-increible-historia-de-fernando-bujones-un-icono-latino-del-ballet\/\" \/>\n<meta property=\"og:site_name\" content=\"Nuestro Stories\" \/>\n<meta property=\"article:published_time\" content=\"2023-06-06T19:14:50+00:00\" \/>\n<meta property=\"article:modified_time\" content=\"2023-12-06T22:06:26+00:00\" \/>\n<meta property=\"og:image\" content=\"https:\/\/draft.nuestrostories.com\/wp-content\/uploads\/2023\/06\/Fernando-Bujones.jpg\" \/>\n\t<meta property=\"og:image:width\" content=\"1910\" \/>\n\t<meta property=\"og:image:height\" content=\"1274\" \/>\n\t<meta property=\"og:image:type\" content=\"image\/jpeg\" \/>\n<meta name=\"author\" content=\"Rachel\" \/>\n<meta name=\"twitter:card\" content=\"summary_large_image\" \/>\n<meta name=\"twitter:label1\" content=\"Escrito por\" \/>\n\t<meta name=\"twitter:data1\" content=\"Rachel\" \/>\n\t<meta name=\"twitter:label2\" content=\"Tiempo de lectura\" \/>\n\t<meta name=\"twitter:data2\" content=\"3 minutos\" \/>\n<script type=\"application\/ld+json\" class=\"yoast-schema-graph\">{\"@context\":\"https:\/\/schema.org\",\"@graph\":[{\"@type\":\"WebPage\",\"@id\":\"https:\/\/draft.nuestrostories.com\/es\/2023\/06\/la-increible-historia-de-fernando-bujones-un-icono-latino-del-ballet\/\",\"url\":\"https:\/\/draft.nuestrostories.com\/es\/2023\/06\/la-increible-historia-de-fernando-bujones-un-icono-latino-del-ballet\/\",\"name\":\"La Incre\u00edble historia de Fernando Bujones, un \u00edcono latino del ballet - Nuestro Stories\",\"isPartOf\":{\"@id\":\"https:\/\/draft.nuestrostories.com\/es\/#website\"},\"primaryImageOfPage\":{\"@id\":\"https:\/\/draft.nuestrostories.com\/es\/2023\/06\/la-increible-historia-de-fernando-bujones-un-icono-latino-del-ballet\/#primaryimage\"},\"image\":{\"@id\":\"https:\/\/draft.nuestrostories.com\/es\/2023\/06\/la-increible-historia-de-fernando-bujones-un-icono-latino-del-ballet\/#primaryimage\"},\"thumbnailUrl\":\"https:\/\/draft.nuestrostories.com\/wp-content\/uploads\/2023\/06\/Fernando-Bujones.jpg\",\"datePublished\":\"2023-06-06T19:14:50+00:00\",\"dateModified\":\"2023-12-06T22:06:26+00:00\",\"author\":{\"@id\":\"https:\/\/draft.nuestrostories.com\/es\/#\/schema\/person\/b741b0e4e34088347d1fba305925ff68\"},\"breadcrumb\":{\"@id\":\"https:\/\/draft.nuestrostories.com\/es\/2023\/06\/la-increible-historia-de-fernando-bujones-un-icono-latino-del-ballet\/#breadcrumb\"},\"inLanguage\":\"es\",\"potentialAction\":[{\"@type\":\"ReadAction\",\"target\":[\"https:\/\/draft.nuestrostories.com\/es\/2023\/06\/la-increible-historia-de-fernando-bujones-un-icono-latino-del-ballet\/\"]}]},{\"@type\":\"ImageObject\",\"inLanguage\":\"es\",\"@id\":\"https:\/\/draft.nuestrostories.com\/es\/2023\/06\/la-increible-historia-de-fernando-bujones-un-icono-latino-del-ballet\/#primaryimage\",\"url\":\"https:\/\/draft.nuestrostories.com\/wp-content\/uploads\/2023\/06\/Fernando-Bujones.jpg\",\"contentUrl\":\"https:\/\/draft.nuestrostories.com\/wp-content\/uploads\/2023\/06\/Fernando-Bujones.jpg\",\"width\":1910,\"height\":1274,\"caption\":\"Credit: Shutterstock.\"},{\"@type\":\"BreadcrumbList\",\"@id\":\"https:\/\/draft.nuestrostories.com\/es\/2023\/06\/la-increible-historia-de-fernando-bujones-un-icono-latino-del-ballet\/#breadcrumb\",\"itemListElement\":[{\"@type\":\"ListItem\",\"position\":1,\"name\":\"Home\",\"item\":\"https:\/\/draft.nuestrostories.com\/es\/\"},{\"@type\":\"ListItem\",\"position\":2,\"name\":\"La Incre\u00edble historia de Fernando Bujones, un \u00edcono latino del ballet\"}]},{\"@type\":\"WebSite\",\"@id\":\"https:\/\/draft.nuestrostories.com\/es\/#website\",\"url\":\"https:\/\/draft.nuestrostories.com\/es\/\",\"name\":\"Nuestro Stories\",\"description\":\"Latino Heritage. Every Day.\",\"potentialAction\":[{\"@type\":\"SearchAction\",\"target\":{\"@type\":\"EntryPoint\",\"urlTemplate\":\"https:\/\/draft.nuestrostories.com\/es\/?s={search_term_string}\"},\"query-input\":{\"@type\":\"PropertyValueSpecification\",\"valueRequired\":true,\"valueName\":\"search_term_string\"}}],\"inLanguage\":\"es\"},{\"@type\":\"Person\",\"@id\":\"https:\/\/draft.nuestrostories.com\/es\/#\/schema\/person\/b741b0e4e34088347d1fba305925ff68\",\"name\":\"Rachel\",\"image\":{\"@type\":\"ImageObject\",\"inLanguage\":\"es\",\"@id\":\"https:\/\/draft.nuestrostories.com\/es\/#\/schema\/person\/image\/\",\"url\":\"https:\/\/draft.nuestrostories.com\/wp-content\/uploads\/2023\/06\/RachelBio-150x150.jpg\",\"contentUrl\":\"https:\/\/draft.nuestrostories.com\/wp-content\/uploads\/2023\/06\/RachelBio-150x150.jpg\",\"caption\":\"Rachel\"},\"description\":\"Olivia Monahan Chicana journalist, editor, educator, and organizer in Sacramento whose sole focus is to shed light on stories on our most impacted and marginalized communities, but even more importantly, for those stories to humanize those normally left out. She is an Ida B Wells Investigative Journalism Fellow 2022 Finalist, a member of the Parenting Journalists Society, and has bylines in The Courier, The Sacramento Bee, The Americano, Submerge Magazine among others.\",\"url\":\"https:\/\/draft.nuestrostories.com\/es\/author\/rachel\/\"}]}<\/script>\n<!-- \/ Yoast SEO plugin. -->","yoast_head_json":{"title":"La Incre\u00edble historia de Fernando Bujones, un \u00edcono latino del ballet - Nuestro Stories","robots":{"index":"index","follow":"follow","max-snippet":"max-snippet:-1","max-image-preview":"max-image-preview:large","max-video-preview":"max-video-preview:-1"},"canonical":"https:\/\/draft.nuestrostories.com\/es\/2023\/06\/la-increible-historia-de-fernando-bujones-un-icono-latino-del-ballet\/","og_locale":"es_ES","og_type":"article","og_title":"La Incre\u00edble historia de Fernando Bujones, un \u00edcono latino del ballet - Nuestro Stories","og_description":"Foto: Shutterstock; ilustraci\u00f3n de Nuestro Stories Mucho se ha dicho sobre las contribuciones de los latinos a la historia del siglo XX. Desde m\u00e9dicos hasta activistas ... y cuando se trata de las artes, tambi\u00e9n hemos sido una comunidad llena de talento inigualable. Solo hay que mirar la historia de Fernando Bujones, un bailar\u00edn cubano-americano [&hellip;]","og_url":"https:\/\/draft.nuestrostories.com\/es\/2023\/06\/la-increible-historia-de-fernando-bujones-un-icono-latino-del-ballet\/","og_site_name":"Nuestro Stories","article_published_time":"2023-06-06T19:14:50+00:00","article_modified_time":"2023-12-06T22:06:26+00:00","og_image":[{"width":1910,"height":1274,"url":"https:\/\/draft.nuestrostories.com\/wp-content\/uploads\/2023\/06\/Fernando-Bujones.jpg","type":"image\/jpeg"}],"author":"Rachel","twitter_card":"summary_large_image","twitter_misc":{"Escrito por":"Rachel","Tiempo de lectura":"3 minutos"},"schema":{"@context":"https:\/\/schema.org","@graph":[{"@type":"WebPage","@id":"https:\/\/draft.nuestrostories.com\/es\/2023\/06\/la-increible-historia-de-fernando-bujones-un-icono-latino-del-ballet\/","url":"https:\/\/draft.nuestrostories.com\/es\/2023\/06\/la-increible-historia-de-fernando-bujones-un-icono-latino-del-ballet\/","name":"La Incre\u00edble historia de Fernando Bujones, un \u00edcono latino del ballet - Nuestro Stories","isPartOf":{"@id":"https:\/\/draft.nuestrostories.com\/es\/#website"},"primaryImageOfPage":{"@id":"https:\/\/draft.nuestrostories.com\/es\/2023\/06\/la-increible-historia-de-fernando-bujones-un-icono-latino-del-ballet\/#primaryimage"},"image":{"@id":"https:\/\/draft.nuestrostories.com\/es\/2023\/06\/la-increible-historia-de-fernando-bujones-un-icono-latino-del-ballet\/#primaryimage"},"thumbnailUrl":"https:\/\/draft.nuestrostories.com\/wp-content\/uploads\/2023\/06\/Fernando-Bujones.jpg","datePublished":"2023-06-06T19:14:50+00:00","dateModified":"2023-12-06T22:06:26+00:00","author":{"@id":"https:\/\/draft.nuestrostories.com\/es\/#\/schema\/person\/b741b0e4e34088347d1fba305925ff68"},"breadcrumb":{"@id":"https:\/\/draft.nuestrostories.com\/es\/2023\/06\/la-increible-historia-de-fernando-bujones-un-icono-latino-del-ballet\/#breadcrumb"},"inLanguage":"es","potentialAction":[{"@type":"ReadAction","target":["https:\/\/draft.nuestrostories.com\/es\/2023\/06\/la-increible-historia-de-fernando-bujones-un-icono-latino-del-ballet\/"]}]},{"@type":"ImageObject","inLanguage":"es","@id":"https:\/\/draft.nuestrostories.com\/es\/2023\/06\/la-increible-historia-de-fernando-bujones-un-icono-latino-del-ballet\/#primaryimage","url":"https:\/\/draft.nuestrostories.com\/wp-content\/uploads\/2023\/06\/Fernando-Bujones.jpg","contentUrl":"https:\/\/draft.nuestrostories.com\/wp-content\/uploads\/2023\/06\/Fernando-Bujones.jpg","width":1910,"height":1274,"caption":"Credit: Shutterstock."},{"@type":"BreadcrumbList","@id":"https:\/\/draft.nuestrostories.com\/es\/2023\/06\/la-increible-historia-de-fernando-bujones-un-icono-latino-del-ballet\/#breadcrumb","itemListElement":[{"@type":"ListItem","position":1,"name":"Home","item":"https:\/\/draft.nuestrostories.com\/es\/"},{"@type":"ListItem","position":2,"name":"La Incre\u00edble historia de Fernando Bujones, un \u00edcono latino del ballet"}]},{"@type":"WebSite","@id":"https:\/\/draft.nuestrostories.com\/es\/#website","url":"https:\/\/draft.nuestrostories.com\/es\/","name":"Nuestro Stories","description":"Latino Heritage. Every Day.","potentialAction":[{"@type":"SearchAction","target":{"@type":"EntryPoint","urlTemplate":"https:\/\/draft.nuestrostories.com\/es\/?s={search_term_string}"},"query-input":{"@type":"PropertyValueSpecification","valueRequired":true,"valueName":"search_term_string"}}],"inLanguage":"es"},{"@type":"Person","@id":"https:\/\/draft.nuestrostories.com\/es\/#\/schema\/person\/b741b0e4e34088347d1fba305925ff68","name":"Rachel","image":{"@type":"ImageObject","inLanguage":"es","@id":"https:\/\/draft.nuestrostories.com\/es\/#\/schema\/person\/image\/","url":"https:\/\/draft.nuestrostories.com\/wp-content\/uploads\/2023\/06\/RachelBio-150x150.jpg","contentUrl":"https:\/\/draft.nuestrostories.com\/wp-content\/uploads\/2023\/06\/RachelBio-150x150.jpg","caption":"Rachel"},"description":"Olivia Monahan Chicana journalist, editor, educator, and organizer in Sacramento whose sole focus is to shed light on stories on our most impacted and marginalized communities, but even more importantly, for those stories to humanize those normally left out. She is an Ida B Wells Investigative Journalism Fellow 2022 Finalist, a member of the Parenting Journalists Society, and has bylines in The Courier, The Sacramento Bee, The Americano, Submerge Magazine among others.","url":"https:\/\/draft.nuestrostories.com\/es\/author\/rachel\/"}]}},"_links":{"self":[{"href":"https:\/\/draft.nuestrostories.com\/es\/wp-json\/wp\/v2\/posts\/13069","targetHints":{"allow":["GET"]}}],"collection":[{"href":"https:\/\/draft.nuestrostories.com\/es\/wp-json\/wp\/v2\/posts"}],"about":[{"href":"https:\/\/draft.nuestrostories.com\/es\/wp-json\/wp\/v2\/types\/post"}],"author":[{"embeddable":true,"href":"https:\/\/draft.nuestrostories.com\/es\/wp-json\/wp\/v2\/users\/4"}],"replies":[{"embeddable":true,"href":"https:\/\/draft.nuestrostories.com\/es\/wp-json\/wp\/v2\/comments?post=13069"}],"version-history":[{"count":1,"href":"https:\/\/draft.nuestrostories.com\/es\/wp-json\/wp\/v2\/posts\/13069\/revisions"}],"predecessor-version":[{"id":13070,"href":"https:\/\/draft.nuestrostories.com\/es\/wp-json\/wp\/v2\/posts\/13069\/revisions\/13070"}],"wp:featuredmedia":[{"embeddable":true,"href":"https:\/\/draft.nuestrostories.com\/es\/wp-json\/wp\/v2\/media\/10457"}],"wp:attachment":[{"href":"https:\/\/draft.nuestrostories.com\/es\/wp-json\/wp\/v2\/media?parent=13069"}],"wp:term":[{"taxonomy":"category","embeddable":true,"href":"https:\/\/draft.nuestrostories.com\/es\/wp-json\/wp\/v2\/categories?post=13069"},{"taxonomy":"post_tag","embeddable":true,"href":"https:\/\/draft.nuestrostories.com\/es\/wp-json\/wp\/v2\/tags?post=13069"}],"curies":[{"name":"wp","href":"https:\/\/api.w.org\/{rel}","templated":true}]}}