{"id":13023,"date":"2023-06-07T22:29:29","date_gmt":"2023-06-07T22:29:29","guid":{"rendered":"https:\/\/draft.nuestrostories.com\/\/?p=13023"},"modified":"2023-12-05T20:35:25","modified_gmt":"2023-12-05T20:35:25","slug":"edward-james-olmos-el-icono-latino-de-multiples-talentos-que-deja-un-legado-duradero-mas-alla-de-la-industria-del-entretenimiento","status":"publish","type":"post","link":"https:\/\/draft.nuestrostories.com\/es\/2023\/06\/edward-james-olmos-el-icono-latino-de-multiples-talentos-que-deja-un-legado-duradero-mas-alla-de-la-industria-del-entretenimiento\/","title":{"rendered":"Edward James Olmos: El \u00edcono latino de m\u00faltiples talentos que deja un legado duradero m\u00e1s all\u00e1 de la industria del entretenimiento"},"content":{"rendered":"\n<p><em>Ilustraci\u00f3n de Nuestro Stories<\/em><\/p>\n\n\n\n<p>Edward James Olmos revel\u00f3 recientemente que est\u00e1 luchando contra un <a href=\"https:\/\/www.vanityfair.com\/hollywood\/2023\/05\/edward-james-olmos-discusses-his-cancer-journey\">c\u00e1ncer de garganta<\/a>, y esto ha sacudido a la industria del entretenimiento.<\/p>\n\n\n\n<p>Considerando que es uno de los pioneros latinos en Hollywood, se ha convertido en alguien tan valioso como un tesoro dentro de la historia de nuestra comunidad. A pesar de haber enfrentado muchos desaf\u00edos, sigue abogando por una mayor representaci\u00f3n en la televisi\u00f3n y el cine. Actualmente se lleva a cabo la edici\u00f3n 22 del <a href=\"https:\/\/laliff.org\/\">Los Angeles Latino International Film Festival<\/a>, un evento fundado por el propio Olmos.<\/p>\n\n\n\n<p>Ve este post en Instagram<\/p>\n\n\n\n<p><a href=\"https:\/\/www.instagram.com\/p\/BM9JnNPjWhW\/?utm_source=ig_embed&amp;utm_campaign=loading\">Una publicaci\u00f3n compartida por Edward James Olmos (@edward_olmos1947)<\/a><\/p>\n\n\n\n<p><script async=\"\" src=\"\/\/www.instagram.com\/embed.js\"><\/script><\/p>\n\n\n\n<h2 class=\"wp-block-heading\"><span style=\"font-weight: 400;\">Primeros a\u00f1os y ascenso a la fama<\/span><\/h2>\n\n\n\n<p>Nacido en Los \u00c1ngeles, California, <a href=\"http:\/\/www.edwardjamesolmos.com\/wordpress1\/biography\/\">Edward James Olmos<\/a> creci\u00f3 en un entorno profundamente arraigado en la cultura mexicana. Su pasi\u00f3n por las artes lo llev\u00f3 a buscar una carrera en la m\u00fasica y la actuaci\u00f3n. El camino de Olmos hacia la fama no estuvo exento de desaf\u00edos, pero su inquebrantable determinaci\u00f3n y talento lo impulsaron hacia adelante.<\/p>\n\n\n\n<h2 class=\"wp-block-heading\"><span style=\"font-weight: 400;\">Destreza musical<\/span><\/h2>\n\n\n\n<p>Aunque es ampliamente reconocido por su destreza actoral, Olmos tambi\u00e9n es un talentoso m\u00fasico. Tiene una profunda apreciaci\u00f3n por la m\u00fasica latina y usa su plataforma para promover su rica herencia. Sus contribuciones musicales van desde baladas conmovedoras hasta ritmos latinos, mostrando su versatilidad como artista. Ya sea actuando en el escenario o grabando en el estudio, el talento musical de Olmos cautiva a la audiencia y deja una impresi\u00f3n duradera.<\/p>\n\n\n\n<h2 class=\"wp-block-heading\"><span style=\"font-weight: 400;\">Carrera actoral<\/span><\/h2>\n\n\n\n<p><span style=\"font-weight: 400;\">La <a href=\"https:\/\/www.imdb.com\/name\/nm0001579\/\">carrera actoral <\/a>de Olmos no puede considerarse nada menos que extraordinaria. Con su presencia magn\u00e9tica y habilidad para encarnar personajes diversos, ha interpretado una amplia gama de roles, cautivando a audiencias de todo el mundo. Desde su destacada actuaci\u00f3n como el teniente Martin \u2018Marty\u2019 Castillo en la exitosa serie de televisi\u00f3n <em>Miami Vice<\/em> hasta su aclamada interpretaci\u00f3n del profesor Jaime Escalante en la pel\u00edcula <em>Stand and Deliver<\/em>, las actuaciones de Olmos le han valido numerosos elogios, incluida una nominaci\u00f3n al Premio de la Academia. S\u00ed, tambi\u00e9n fue protagonista en la pel\u00edcula <em>Selena<\/em> en 1997; interpret\u00f3 a su padre, Abraham Quintanilla Jr.<\/span><\/p>\n\n\n\n<figure class=\"wp-block-embed is-type-video is-provider-youtube wp-block-embed-youtube wp-embed-aspect-16-9 wp-has-aspect-ratio\"><div class=\"wp-block-embed__wrapper\">\n<iframe loading=\"lazy\" title=\"Selena (1997) - I Love Him Scene (5\/9) | Movieclips\" width=\"500\" height=\"281\" src=\"https:\/\/www.youtube.com\/embed\/f86_fLGHu6M?feature=oembed\" frameborder=\"0\" allow=\"accelerometer; autoplay; clipboard-write; encrypted-media; gyroscope; picture-in-picture; web-share\" referrerpolicy=\"strict-origin-when-cross-origin\" allowfullscreen><\/iframe>\n<\/div><\/figure>\n\n\n\n<h2 class=\"wp-block-heading\"><span style=\"font-weight: 400;\">Activismo social<\/span><\/h2>\n\n\n\n<p>M\u00e1s all\u00e1 de sus esfuerzos art\u00edsticos, Edward James Olmos es un activista comprometido con la justicia social y la igualdad. Usa su plataforma para abordar problemas apremiantes y arrojar luz sobre causas importantes. El compromiso de Olmos con la educaci\u00f3n y el empoderamiento de la comunidad latina es evidente en su participaci\u00f3n con organizaciones como <a href=\"https:\/\/www.aarp.org\/entertainment\/music\/info-2019\/latin-music-edward-james-olmos.html\">AARP<\/a>, donde impulsa iniciativas que elevan e inspiran.<\/p>\n\n\n\n<p><strong>Lee m\u00e1s:<\/strong><a href=\"https:\/\/draft.nuestrostories.com\/\/2023\/06\/behind-juan-felipe-herrera-life-the-nations-first-latino-poet-laureate\/\"> Detr\u00e1s de la vida de Juan Felipe Herrera: El primer poeta latino laureado de la naci\u00f3n<\/a><\/p>\n\n\n\n<h2 class=\"wp-block-heading\"><span style=\"font-weight: 400;\">Legado e impacto<\/span><\/h2>\n\n\n\n<p>El impacto de Edward James Olmos en la industria del entretenimiento es incalculable. Su talento, activismo y dedicaci\u00f3n a su oficio han allanado el camino para las generaciones futuras de artistas latinos.<\/p>\n\n\n\n<p>Al romper barreras y desafiar estereotipos, Olmos deja una marca indeleble en la industria, inspirando a otros a perseguir sus sue\u00f1os sin limitaciones.<\/p>\n\n\n\n<p> <\/p>\n","protected":false},"excerpt":{"rendered":"<p>Ilustraci\u00f3n de Nuestro Stories Edward James Olmos revel\u00f3 recientemente que est\u00e1 luchando contra un c\u00e1ncer de garganta, y esto ha sacudido a la industria del entretenimiento. Considerando que es uno de los pioneros latinos en Hollywood, se ha convertido en alguien tan valioso como un tesoro dentro de la historia de nuestra comunidad. A pesar [&hellip;]<\/p>\n","protected":false},"author":4,"featured_media":10460,"comment_status":"closed","ping_status":"open","sticky":false,"template":"","format":"standard","meta":{"_acf_changed":false,"footnotes":""},"categories":[1281],"tags":[],"class_list":["post-13023","post","type-post","status-publish","format-standard","has-post-thumbnail","hentry","category-featured-es"],"acf":[],"yoast_head":"<!-- This site is optimized with the Yoast SEO plugin v23.5 - https:\/\/yoast.com\/wordpress\/plugins\/seo\/ -->\n<title>Edward James Olmos: El \u00edcono latino de m\u00faltiples talentos que deja un legado duradero m\u00e1s all\u00e1 de la industria del entretenimiento - Nuestro Stories<\/title>\n<meta name=\"robots\" content=\"index, follow, max-snippet:-1, max-image-preview:large, max-video-preview:-1\" \/>\n<link rel=\"canonical\" href=\"https:\/\/draft.nuestrostories.com\/es\/2023\/06\/edward-james-olmos-el-icono-latino-de-multiples-talentos-que-deja-un-legado-duradero-mas-alla-de-la-industria-del-entretenimiento\/\" \/>\n<meta property=\"og:locale\" content=\"es_ES\" \/>\n<meta property=\"og:type\" content=\"article\" \/>\n<meta property=\"og:title\" content=\"Edward James Olmos: El \u00edcono latino de m\u00faltiples talentos que deja un legado duradero m\u00e1s all\u00e1 de la industria del entretenimiento - Nuestro Stories\" \/>\n<meta property=\"og:description\" content=\"Ilustraci\u00f3n de Nuestro Stories Edward James Olmos revel\u00f3 recientemente que est\u00e1 luchando contra un c\u00e1ncer de garganta, y esto ha sacudido a la industria del entretenimiento. Considerando que es uno de los pioneros latinos en Hollywood, se ha convertido en alguien tan valioso como un tesoro dentro de la historia de nuestra comunidad. A pesar [&hellip;]\" \/>\n<meta property=\"og:url\" content=\"https:\/\/draft.nuestrostories.com\/es\/2023\/06\/edward-james-olmos-el-icono-latino-de-multiples-talentos-que-deja-un-legado-duradero-mas-alla-de-la-industria-del-entretenimiento\/\" \/>\n<meta property=\"og:site_name\" content=\"Nuestro Stories\" \/>\n<meta property=\"article:published_time\" content=\"2023-06-07T22:29:29+00:00\" \/>\n<meta property=\"article:modified_time\" content=\"2023-12-05T20:35:25+00:00\" \/>\n<meta property=\"og:image\" content=\"https:\/\/draft.nuestrostories.com\/wp-content\/uploads\/2023\/06\/Edward-James-Olmos.jpg\" \/>\n\t<meta property=\"og:image:width\" content=\"1910\" \/>\n\t<meta property=\"og:image:height\" content=\"1274\" \/>\n\t<meta property=\"og:image:type\" content=\"image\/jpeg\" \/>\n<meta name=\"author\" content=\"Rachel\" \/>\n<meta name=\"twitter:card\" content=\"summary_large_image\" \/>\n<meta name=\"twitter:label1\" content=\"Escrito por\" \/>\n\t<meta name=\"twitter:data1\" content=\"Rachel\" \/>\n\t<meta name=\"twitter:label2\" content=\"Tiempo de lectura\" \/>\n\t<meta name=\"twitter:data2\" content=\"3 minutos\" \/>\n<script type=\"application\/ld+json\" class=\"yoast-schema-graph\">{\"@context\":\"https:\/\/schema.org\",\"@graph\":[{\"@type\":\"WebPage\",\"@id\":\"https:\/\/draft.nuestrostories.com\/es\/2023\/06\/edward-james-olmos-el-icono-latino-de-multiples-talentos-que-deja-un-legado-duradero-mas-alla-de-la-industria-del-entretenimiento\/\",\"url\":\"https:\/\/draft.nuestrostories.com\/es\/2023\/06\/edward-james-olmos-el-icono-latino-de-multiples-talentos-que-deja-un-legado-duradero-mas-alla-de-la-industria-del-entretenimiento\/\",\"name\":\"Edward James Olmos: El \u00edcono latino de m\u00faltiples talentos que deja un legado duradero m\u00e1s all\u00e1 de la industria del entretenimiento - Nuestro Stories\",\"isPartOf\":{\"@id\":\"https:\/\/draft.nuestrostories.com\/es\/#website\"},\"primaryImageOfPage\":{\"@id\":\"https:\/\/draft.nuestrostories.com\/es\/2023\/06\/edward-james-olmos-el-icono-latino-de-multiples-talentos-que-deja-un-legado-duradero-mas-alla-de-la-industria-del-entretenimiento\/#primaryimage\"},\"image\":{\"@id\":\"https:\/\/draft.nuestrostories.com\/es\/2023\/06\/edward-james-olmos-el-icono-latino-de-multiples-talentos-que-deja-un-legado-duradero-mas-alla-de-la-industria-del-entretenimiento\/#primaryimage\"},\"thumbnailUrl\":\"https:\/\/draft.nuestrostories.com\/wp-content\/uploads\/2023\/06\/Edward-James-Olmos.jpg\",\"datePublished\":\"2023-06-07T22:29:29+00:00\",\"dateModified\":\"2023-12-05T20:35:25+00:00\",\"author\":{\"@id\":\"https:\/\/draft.nuestrostories.com\/es\/#\/schema\/person\/b741b0e4e34088347d1fba305925ff68\"},\"breadcrumb\":{\"@id\":\"https:\/\/draft.nuestrostories.com\/es\/2023\/06\/edward-james-olmos-el-icono-latino-de-multiples-talentos-que-deja-un-legado-duradero-mas-alla-de-la-industria-del-entretenimiento\/#breadcrumb\"},\"inLanguage\":\"es\",\"potentialAction\":[{\"@type\":\"ReadAction\",\"target\":[\"https:\/\/draft.nuestrostories.com\/es\/2023\/06\/edward-james-olmos-el-icono-latino-de-multiples-talentos-que-deja-un-legado-duradero-mas-alla-de-la-industria-del-entretenimiento\/\"]}]},{\"@type\":\"ImageObject\",\"inLanguage\":\"es\",\"@id\":\"https:\/\/draft.nuestrostories.com\/es\/2023\/06\/edward-james-olmos-el-icono-latino-de-multiples-talentos-que-deja-un-legado-duradero-mas-alla-de-la-industria-del-entretenimiento\/#primaryimage\",\"url\":\"https:\/\/draft.nuestrostories.com\/wp-content\/uploads\/2023\/06\/Edward-James-Olmos.jpg\",\"contentUrl\":\"https:\/\/draft.nuestrostories.com\/wp-content\/uploads\/2023\/06\/Edward-James-Olmos.jpg\",\"width\":1910,\"height\":1274},{\"@type\":\"BreadcrumbList\",\"@id\":\"https:\/\/draft.nuestrostories.com\/es\/2023\/06\/edward-james-olmos-el-icono-latino-de-multiples-talentos-que-deja-un-legado-duradero-mas-alla-de-la-industria-del-entretenimiento\/#breadcrumb\",\"itemListElement\":[{\"@type\":\"ListItem\",\"position\":1,\"name\":\"Home\",\"item\":\"https:\/\/draft.nuestrostories.com\/es\/\"},{\"@type\":\"ListItem\",\"position\":2,\"name\":\"Edward James Olmos: El \u00edcono latino de m\u00faltiples talentos que deja un legado duradero m\u00e1s all\u00e1 de la industria del entretenimiento\"}]},{\"@type\":\"WebSite\",\"@id\":\"https:\/\/draft.nuestrostories.com\/es\/#website\",\"url\":\"https:\/\/draft.nuestrostories.com\/es\/\",\"name\":\"Nuestro Stories\",\"description\":\"Latino Heritage. Every Day.\",\"potentialAction\":[{\"@type\":\"SearchAction\",\"target\":{\"@type\":\"EntryPoint\",\"urlTemplate\":\"https:\/\/draft.nuestrostories.com\/es\/?s={search_term_string}\"},\"query-input\":{\"@type\":\"PropertyValueSpecification\",\"valueRequired\":true,\"valueName\":\"search_term_string\"}}],\"inLanguage\":\"es\"},{\"@type\":\"Person\",\"@id\":\"https:\/\/draft.nuestrostories.com\/es\/#\/schema\/person\/b741b0e4e34088347d1fba305925ff68\",\"name\":\"Rachel\",\"image\":{\"@type\":\"ImageObject\",\"inLanguage\":\"es\",\"@id\":\"https:\/\/draft.nuestrostories.com\/es\/#\/schema\/person\/image\/\",\"url\":\"https:\/\/draft.nuestrostories.com\/wp-content\/uploads\/2023\/06\/RachelBio-150x150.jpg\",\"contentUrl\":\"https:\/\/draft.nuestrostories.com\/wp-content\/uploads\/2023\/06\/RachelBio-150x150.jpg\",\"caption\":\"Rachel\"},\"description\":\"Olivia Monahan Chicana journalist, editor, educator, and organizer in Sacramento whose sole focus is to shed light on stories on our most impacted and marginalized communities, but even more importantly, for those stories to humanize those normally left out. She is an Ida B Wells Investigative Journalism Fellow 2022 Finalist, a member of the Parenting Journalists Society, and has bylines in The Courier, The Sacramento Bee, The Americano, Submerge Magazine among others.\",\"url\":\"https:\/\/draft.nuestrostories.com\/es\/author\/rachel\/\"}]}<\/script>\n<!-- \/ Yoast SEO plugin. -->","yoast_head_json":{"title":"Edward James Olmos: El \u00edcono latino de m\u00faltiples talentos que deja un legado duradero m\u00e1s all\u00e1 de la industria del entretenimiento - Nuestro Stories","robots":{"index":"index","follow":"follow","max-snippet":"max-snippet:-1","max-image-preview":"max-image-preview:large","max-video-preview":"max-video-preview:-1"},"canonical":"https:\/\/draft.nuestrostories.com\/es\/2023\/06\/edward-james-olmos-el-icono-latino-de-multiples-talentos-que-deja-un-legado-duradero-mas-alla-de-la-industria-del-entretenimiento\/","og_locale":"es_ES","og_type":"article","og_title":"Edward James Olmos: El \u00edcono latino de m\u00faltiples talentos que deja un legado duradero m\u00e1s all\u00e1 de la industria del entretenimiento - Nuestro Stories","og_description":"Ilustraci\u00f3n de Nuestro Stories Edward James Olmos revel\u00f3 recientemente que est\u00e1 luchando contra un c\u00e1ncer de garganta, y esto ha sacudido a la industria del entretenimiento. Considerando que es uno de los pioneros latinos en Hollywood, se ha convertido en alguien tan valioso como un tesoro dentro de la historia de nuestra comunidad. A pesar [&hellip;]","og_url":"https:\/\/draft.nuestrostories.com\/es\/2023\/06\/edward-james-olmos-el-icono-latino-de-multiples-talentos-que-deja-un-legado-duradero-mas-alla-de-la-industria-del-entretenimiento\/","og_site_name":"Nuestro Stories","article_published_time":"2023-06-07T22:29:29+00:00","article_modified_time":"2023-12-05T20:35:25+00:00","og_image":[{"width":1910,"height":1274,"url":"https:\/\/draft.nuestrostories.com\/wp-content\/uploads\/2023\/06\/Edward-James-Olmos.jpg","type":"image\/jpeg"}],"author":"Rachel","twitter_card":"summary_large_image","twitter_misc":{"Escrito por":"Rachel","Tiempo de lectura":"3 minutos"},"schema":{"@context":"https:\/\/schema.org","@graph":[{"@type":"WebPage","@id":"https:\/\/draft.nuestrostories.com\/es\/2023\/06\/edward-james-olmos-el-icono-latino-de-multiples-talentos-que-deja-un-legado-duradero-mas-alla-de-la-industria-del-entretenimiento\/","url":"https:\/\/draft.nuestrostories.com\/es\/2023\/06\/edward-james-olmos-el-icono-latino-de-multiples-talentos-que-deja-un-legado-duradero-mas-alla-de-la-industria-del-entretenimiento\/","name":"Edward James Olmos: El \u00edcono latino de m\u00faltiples talentos que deja un legado duradero m\u00e1s all\u00e1 de la industria del entretenimiento - Nuestro Stories","isPartOf":{"@id":"https:\/\/draft.nuestrostories.com\/es\/#website"},"primaryImageOfPage":{"@id":"https:\/\/draft.nuestrostories.com\/es\/2023\/06\/edward-james-olmos-el-icono-latino-de-multiples-talentos-que-deja-un-legado-duradero-mas-alla-de-la-industria-del-entretenimiento\/#primaryimage"},"image":{"@id":"https:\/\/draft.nuestrostories.com\/es\/2023\/06\/edward-james-olmos-el-icono-latino-de-multiples-talentos-que-deja-un-legado-duradero-mas-alla-de-la-industria-del-entretenimiento\/#primaryimage"},"thumbnailUrl":"https:\/\/draft.nuestrostories.com\/wp-content\/uploads\/2023\/06\/Edward-James-Olmos.jpg","datePublished":"2023-06-07T22:29:29+00:00","dateModified":"2023-12-05T20:35:25+00:00","author":{"@id":"https:\/\/draft.nuestrostories.com\/es\/#\/schema\/person\/b741b0e4e34088347d1fba305925ff68"},"breadcrumb":{"@id":"https:\/\/draft.nuestrostories.com\/es\/2023\/06\/edward-james-olmos-el-icono-latino-de-multiples-talentos-que-deja-un-legado-duradero-mas-alla-de-la-industria-del-entretenimiento\/#breadcrumb"},"inLanguage":"es","potentialAction":[{"@type":"ReadAction","target":["https:\/\/draft.nuestrostories.com\/es\/2023\/06\/edward-james-olmos-el-icono-latino-de-multiples-talentos-que-deja-un-legado-duradero-mas-alla-de-la-industria-del-entretenimiento\/"]}]},{"@type":"ImageObject","inLanguage":"es","@id":"https:\/\/draft.nuestrostories.com\/es\/2023\/06\/edward-james-olmos-el-icono-latino-de-multiples-talentos-que-deja-un-legado-duradero-mas-alla-de-la-industria-del-entretenimiento\/#primaryimage","url":"https:\/\/draft.nuestrostories.com\/wp-content\/uploads\/2023\/06\/Edward-James-Olmos.jpg","contentUrl":"https:\/\/draft.nuestrostories.com\/wp-content\/uploads\/2023\/06\/Edward-James-Olmos.jpg","width":1910,"height":1274},{"@type":"BreadcrumbList","@id":"https:\/\/draft.nuestrostories.com\/es\/2023\/06\/edward-james-olmos-el-icono-latino-de-multiples-talentos-que-deja-un-legado-duradero-mas-alla-de-la-industria-del-entretenimiento\/#breadcrumb","itemListElement":[{"@type":"ListItem","position":1,"name":"Home","item":"https:\/\/draft.nuestrostories.com\/es\/"},{"@type":"ListItem","position":2,"name":"Edward James Olmos: El \u00edcono latino de m\u00faltiples talentos que deja un legado duradero m\u00e1s all\u00e1 de la industria del entretenimiento"}]},{"@type":"WebSite","@id":"https:\/\/draft.nuestrostories.com\/es\/#website","url":"https:\/\/draft.nuestrostories.com\/es\/","name":"Nuestro Stories","description":"Latino Heritage. Every Day.","potentialAction":[{"@type":"SearchAction","target":{"@type":"EntryPoint","urlTemplate":"https:\/\/draft.nuestrostories.com\/es\/?s={search_term_string}"},"query-input":{"@type":"PropertyValueSpecification","valueRequired":true,"valueName":"search_term_string"}}],"inLanguage":"es"},{"@type":"Person","@id":"https:\/\/draft.nuestrostories.com\/es\/#\/schema\/person\/b741b0e4e34088347d1fba305925ff68","name":"Rachel","image":{"@type":"ImageObject","inLanguage":"es","@id":"https:\/\/draft.nuestrostories.com\/es\/#\/schema\/person\/image\/","url":"https:\/\/draft.nuestrostories.com\/wp-content\/uploads\/2023\/06\/RachelBio-150x150.jpg","contentUrl":"https:\/\/draft.nuestrostories.com\/wp-content\/uploads\/2023\/06\/RachelBio-150x150.jpg","caption":"Rachel"},"description":"Olivia Monahan Chicana journalist, editor, educator, and organizer in Sacramento whose sole focus is to shed light on stories on our most impacted and marginalized communities, but even more importantly, for those stories to humanize those normally left out. She is an Ida B Wells Investigative Journalism Fellow 2022 Finalist, a member of the Parenting Journalists Society, and has bylines in The Courier, The Sacramento Bee, The Americano, Submerge Magazine among others.","url":"https:\/\/draft.nuestrostories.com\/es\/author\/rachel\/"}]}},"_links":{"self":[{"href":"https:\/\/draft.nuestrostories.com\/es\/wp-json\/wp\/v2\/posts\/13023","targetHints":{"allow":["GET"]}}],"collection":[{"href":"https:\/\/draft.nuestrostories.com\/es\/wp-json\/wp\/v2\/posts"}],"about":[{"href":"https:\/\/draft.nuestrostories.com\/es\/wp-json\/wp\/v2\/types\/post"}],"author":[{"embeddable":true,"href":"https:\/\/draft.nuestrostories.com\/es\/wp-json\/wp\/v2\/users\/4"}],"replies":[{"embeddable":true,"href":"https:\/\/draft.nuestrostories.com\/es\/wp-json\/wp\/v2\/comments?post=13023"}],"version-history":[{"count":1,"href":"https:\/\/draft.nuestrostories.com\/es\/wp-json\/wp\/v2\/posts\/13023\/revisions"}],"predecessor-version":[{"id":13026,"href":"https:\/\/draft.nuestrostories.com\/es\/wp-json\/wp\/v2\/posts\/13023\/revisions\/13026"}],"wp:featuredmedia":[{"embeddable":true,"href":"https:\/\/draft.nuestrostories.com\/es\/wp-json\/wp\/v2\/media\/10460"}],"wp:attachment":[{"href":"https:\/\/draft.nuestrostories.com\/es\/wp-json\/wp\/v2\/media?parent=13023"}],"wp:term":[{"taxonomy":"category","embeddable":true,"href":"https:\/\/draft.nuestrostories.com\/es\/wp-json\/wp\/v2\/categories?post=13023"},{"taxonomy":"post_tag","embeddable":true,"href":"https:\/\/draft.nuestrostories.com\/es\/wp-json\/wp\/v2\/tags?post=13023"}],"curies":[{"name":"wp","href":"https:\/\/api.w.org\/{rel}","templated":true}]}}