{"id":13019,"date":"2023-06-09T04:12:24","date_gmt":"2023-06-09T04:12:24","guid":{"rendered":"https:\/\/draft.nuestrostories.com\/\/?p=13019"},"modified":"2023-12-05T20:22:57","modified_gmt":"2023-12-05T20:22:57","slug":"cristina-saralegui-el-icono-mediatico-cubano-tuvo-el-efecto-oprah-winfrey-y-cautivo-a-millones-a-lo-largo-de-su-carrera","status":"publish","type":"post","link":"https:\/\/draft.nuestrostories.com\/es\/2023\/06\/cristina-saralegui-el-icono-mediatico-cubano-tuvo-el-efecto-oprah-winfrey-y-cautivo-a-millones-a-lo-largo-de-su-carrera\/","title":{"rendered":"Cristina Saralegui: El icono medi\u00e1tico cubano tuvo el efecto Oprah Winfrey y cautiv\u00f3 a millones a lo largo de su carrera"},"content":{"rendered":"\n<p><em>Ilustraci\u00f3n de Nuestro Stories<\/em><\/p>\n\n\n\n<p>Aclamada como la \"<a href=\"https:\/\/www.si.edu\/newsdesk\/snapshot\/meet-cuban-oprah-cristina-saralegui\">Oprah cubana<\/a>\", Cristina Saralegui es un genio de los medios que ha dejado una huella indeleble en la televisi\u00f3n, el periodismo y la comunidad latina en su conjunto. Con su carism\u00e1tica personalidad, sus perspicaces entrevistas y su inquebrantable dedicaci\u00f3n, se convirti\u00f3 en una pionera para las latinas de todo el mundo y en una inspiraci\u00f3n para muchos.<\/p>\n\n\n\n<p>Nacida el 29 de enero de 1948 en La Habana, Cuba, el camino de Cristina Saralegui hacia el estrellato es extraordinario. Desde muy joven mostr\u00f3 una pasi\u00f3n innata por la comunicaci\u00f3n y la narraci\u00f3n, un don que la impulsar\u00eda a convertirse en una de las figuras m\u00e1s destacadas de la industria.<\/p>\n\n\n\n<p>La carrera de esta latina despeg\u00f3 cuando se convirti\u00f3 en presentadora de su propio programa de entrevistas en televisi\u00f3n,<a href=\"https:\/\/www.imdb.com\/name\/nm0005397\/\"> <em>El Show de Cristina<\/em><\/a>, que se emiti\u00f3 durante m\u00e1s de dos d\u00e9cadas. Conocida por su simpat\u00eda y su capacidad para conectar con los telespectadores, Saralegui abordaba una amplia variedad de temas, desde la actualidad y problemas sociales hasta historias personales de triunfo y adversidad. Su programa se convirti\u00f3 en una plataforma de debate que reson\u00f3 entre el p\u00fablico de todas las culturas. Habl\u00f3 con los nombres m\u00e1s conocidos de la comunidad latina, incluida la querida Selena Quintanilla.<\/p>\n\n\n\n<figure class=\"wp-block-embed is-type-video is-provider-youtube wp-block-embed-youtube wp-embed-aspect-16-9 wp-has-aspect-ratio\"><div class=\"wp-block-embed__wrapper\">\n<iframe loading=\"lazy\" title=\"Cristina Saralegui piensa que Selena se fue feliz | Uforia Music\" width=\"500\" height=\"281\" src=\"https:\/\/www.youtube.com\/embed\/gCugwaJ8kGA?feature=oembed\" frameborder=\"0\" allow=\"accelerometer; autoplay; clipboard-write; encrypted-media; gyroscope; picture-in-picture; web-share\" referrerpolicy=\"strict-origin-when-cross-origin\" allowfullscreen><\/iframe>\n<\/div><\/figure>\n\n\n\n<h4 class=\"wp-block-heading\"><strong>Lee m\u00e1s:<\/strong><a href=\"https:\/\/draft.nuestrostories.com\/\/2022\/11\/pablo-milanes-cubas-voice\/\"> Pablo Milan\u00e9s, la voz de Cuba<\/a><\/h4>\n\n\n\n<h2 class=\"wp-block-heading\"><span style=\"font-weight: 400;\">Las m\u00faltiples facetas de Cristina Saralegui<\/span><\/h2>\n\n\n\n<p>M\u00e1s all\u00e1 de su \u00e9xito en televisi\u00f3n, la estrella cubana tambi\u00e9n se hizo un nombre como<a href=\"http:\/\/www.cristinaonline.com\/biografia.html\"> periodista, escritora y fil\u00e1ntropa<\/a>. Sus entrevistas con personajes influyentes de la pol\u00edtica, el espect\u00e1culo y otros \u00e1mbitos le valieron el reconocimiento y el respeto de la industria. A trav\u00e9s de su trabajo, dio voz a aquellos cuyas historias merec\u00edan ser escuchadas y defendi\u00f3 causas sociales cercanas a su coraz\u00f3n.<\/p>\n\n\n\n<p>Tambi\u00e9n us\u00f3 su plataforma para concienciar sobre temas importantes y promover la inclusi\u00f3n. Como inmigrante, Saralegui comprende los retos que enfrentan muchos y ha servido de inspiraci\u00f3n a innumerables personas que luchan por el \u00e9xito y la aceptaci\u00f3n.<\/p>\n\n\n\n<p>Con numerosos galardones a sus espaldas, incluidos varios premios Emmy y una estrella en el Paseo de la Fama de Hollywood, las contribuciones de Saralegui al mundo del espect\u00e1culo y los medios han sido reconocidas y celebradas. Su influencia trasciende fronteras y generaciones, convirti\u00e9ndola en una figura muy querida entre el p\u00fablico de todo el mundo.<\/p>\n","protected":false},"excerpt":{"rendered":"<p>Ilustraci\u00f3n de Nuestro Stories Aclamada como la \"Oprah cubana\", Cristina Saralegui es un genio de los medios que ha dejado una huella indeleble en la televisi\u00f3n, el periodismo y la comunidad latina en su conjunto. Con su carism\u00e1tica personalidad, sus perspicaces entrevistas y su inquebrantable dedicaci\u00f3n, se convirti\u00f3 en una pionera para las latinas de [&hellip;]<\/p>\n","protected":false},"author":4,"featured_media":10462,"comment_status":"closed","ping_status":"open","sticky":false,"template":"","format":"standard","meta":{"_acf_changed":false,"footnotes":""},"categories":[1281],"tags":[],"class_list":["post-13019","post","type-post","status-publish","format-standard","has-post-thumbnail","hentry","category-featured-es"],"acf":[],"yoast_head":"<!-- This site is optimized with the Yoast SEO plugin v23.5 - https:\/\/yoast.com\/wordpress\/plugins\/seo\/ -->\n<title>Cristina Saralegui: El icono medi\u00e1tico cubano tuvo el efecto Oprah Winfrey y cautiv\u00f3 a millones a lo largo de su carrera - Nuestro Stories<\/title>\n<meta name=\"robots\" content=\"index, follow, max-snippet:-1, max-image-preview:large, max-video-preview:-1\" \/>\n<link rel=\"canonical\" href=\"https:\/\/draft.nuestrostories.com\/es\/2023\/06\/cristina-saralegui-el-icono-mediatico-cubano-tuvo-el-efecto-oprah-winfrey-y-cautivo-a-millones-a-lo-largo-de-su-carrera\/\" \/>\n<meta property=\"og:locale\" content=\"es_ES\" \/>\n<meta property=\"og:type\" content=\"article\" \/>\n<meta property=\"og:title\" content=\"Cristina Saralegui: El icono medi\u00e1tico cubano tuvo el efecto Oprah Winfrey y cautiv\u00f3 a millones a lo largo de su carrera - Nuestro Stories\" \/>\n<meta property=\"og:description\" content=\"Ilustraci\u00f3n de Nuestro Stories Aclamada como la &quot;Oprah cubana&quot;, Cristina Saralegui es un genio de los medios que ha dejado una huella indeleble en la televisi\u00f3n, el periodismo y la comunidad latina en su conjunto. Con su carism\u00e1tica personalidad, sus perspicaces entrevistas y su inquebrantable dedicaci\u00f3n, se convirti\u00f3 en una pionera para las latinas de [&hellip;]\" \/>\n<meta property=\"og:url\" content=\"https:\/\/draft.nuestrostories.com\/es\/2023\/06\/cristina-saralegui-el-icono-mediatico-cubano-tuvo-el-efecto-oprah-winfrey-y-cautivo-a-millones-a-lo-largo-de-su-carrera\/\" \/>\n<meta property=\"og:site_name\" content=\"Nuestro Stories\" \/>\n<meta property=\"article:published_time\" content=\"2023-06-09T04:12:24+00:00\" \/>\n<meta property=\"article:modified_time\" content=\"2023-12-05T20:22:57+00:00\" \/>\n<meta property=\"og:image\" content=\"https:\/\/draft.nuestrostories.com\/wp-content\/uploads\/2023\/06\/Cristina-saralegui.jpg\" \/>\n\t<meta property=\"og:image:width\" content=\"1910\" \/>\n\t<meta property=\"og:image:height\" content=\"1274\" \/>\n\t<meta property=\"og:image:type\" content=\"image\/jpeg\" \/>\n<meta name=\"author\" content=\"Rachel\" \/>\n<meta name=\"twitter:card\" content=\"summary_large_image\" \/>\n<meta name=\"twitter:label1\" content=\"Escrito por\" \/>\n\t<meta name=\"twitter:data1\" content=\"Rachel\" \/>\n\t<meta name=\"twitter:label2\" content=\"Tiempo de lectura\" \/>\n\t<meta name=\"twitter:data2\" content=\"2 minutos\" \/>\n<script type=\"application\/ld+json\" class=\"yoast-schema-graph\">{\"@context\":\"https:\/\/schema.org\",\"@graph\":[{\"@type\":\"WebPage\",\"@id\":\"https:\/\/draft.nuestrostories.com\/es\/2023\/06\/cristina-saralegui-el-icono-mediatico-cubano-tuvo-el-efecto-oprah-winfrey-y-cautivo-a-millones-a-lo-largo-de-su-carrera\/\",\"url\":\"https:\/\/draft.nuestrostories.com\/es\/2023\/06\/cristina-saralegui-el-icono-mediatico-cubano-tuvo-el-efecto-oprah-winfrey-y-cautivo-a-millones-a-lo-largo-de-su-carrera\/\",\"name\":\"Cristina Saralegui: El icono medi\u00e1tico cubano tuvo el efecto Oprah Winfrey y cautiv\u00f3 a millones a lo largo de su carrera - Nuestro Stories\",\"isPartOf\":{\"@id\":\"https:\/\/draft.nuestrostories.com\/es\/#website\"},\"primaryImageOfPage\":{\"@id\":\"https:\/\/draft.nuestrostories.com\/es\/2023\/06\/cristina-saralegui-el-icono-mediatico-cubano-tuvo-el-efecto-oprah-winfrey-y-cautivo-a-millones-a-lo-largo-de-su-carrera\/#primaryimage\"},\"image\":{\"@id\":\"https:\/\/draft.nuestrostories.com\/es\/2023\/06\/cristina-saralegui-el-icono-mediatico-cubano-tuvo-el-efecto-oprah-winfrey-y-cautivo-a-millones-a-lo-largo-de-su-carrera\/#primaryimage\"},\"thumbnailUrl\":\"https:\/\/draft.nuestrostories.com\/wp-content\/uploads\/2023\/06\/Cristina-saralegui.jpg\",\"datePublished\":\"2023-06-09T04:12:24+00:00\",\"dateModified\":\"2023-12-05T20:22:57+00:00\",\"author\":{\"@id\":\"https:\/\/draft.nuestrostories.com\/es\/#\/schema\/person\/b741b0e4e34088347d1fba305925ff68\"},\"breadcrumb\":{\"@id\":\"https:\/\/draft.nuestrostories.com\/es\/2023\/06\/cristina-saralegui-el-icono-mediatico-cubano-tuvo-el-efecto-oprah-winfrey-y-cautivo-a-millones-a-lo-largo-de-su-carrera\/#breadcrumb\"},\"inLanguage\":\"es\",\"potentialAction\":[{\"@type\":\"ReadAction\",\"target\":[\"https:\/\/draft.nuestrostories.com\/es\/2023\/06\/cristina-saralegui-el-icono-mediatico-cubano-tuvo-el-efecto-oprah-winfrey-y-cautivo-a-millones-a-lo-largo-de-su-carrera\/\"]}]},{\"@type\":\"ImageObject\",\"inLanguage\":\"es\",\"@id\":\"https:\/\/draft.nuestrostories.com\/es\/2023\/06\/cristina-saralegui-el-icono-mediatico-cubano-tuvo-el-efecto-oprah-winfrey-y-cautivo-a-millones-a-lo-largo-de-su-carrera\/#primaryimage\",\"url\":\"https:\/\/draft.nuestrostories.com\/wp-content\/uploads\/2023\/06\/Cristina-saralegui.jpg\",\"contentUrl\":\"https:\/\/draft.nuestrostories.com\/wp-content\/uploads\/2023\/06\/Cristina-saralegui.jpg\",\"width\":1910,\"height\":1274},{\"@type\":\"BreadcrumbList\",\"@id\":\"https:\/\/draft.nuestrostories.com\/es\/2023\/06\/cristina-saralegui-el-icono-mediatico-cubano-tuvo-el-efecto-oprah-winfrey-y-cautivo-a-millones-a-lo-largo-de-su-carrera\/#breadcrumb\",\"itemListElement\":[{\"@type\":\"ListItem\",\"position\":1,\"name\":\"Home\",\"item\":\"https:\/\/draft.nuestrostories.com\/es\/\"},{\"@type\":\"ListItem\",\"position\":2,\"name\":\"Cristina Saralegui: El icono medi\u00e1tico cubano tuvo el efecto Oprah Winfrey y cautiv\u00f3 a millones a lo largo de su carrera\"}]},{\"@type\":\"WebSite\",\"@id\":\"https:\/\/draft.nuestrostories.com\/es\/#website\",\"url\":\"https:\/\/draft.nuestrostories.com\/es\/\",\"name\":\"Nuestro Stories\",\"description\":\"Latino Heritage. Every Day.\",\"potentialAction\":[{\"@type\":\"SearchAction\",\"target\":{\"@type\":\"EntryPoint\",\"urlTemplate\":\"https:\/\/draft.nuestrostories.com\/es\/?s={search_term_string}\"},\"query-input\":{\"@type\":\"PropertyValueSpecification\",\"valueRequired\":true,\"valueName\":\"search_term_string\"}}],\"inLanguage\":\"es\"},{\"@type\":\"Person\",\"@id\":\"https:\/\/draft.nuestrostories.com\/es\/#\/schema\/person\/b741b0e4e34088347d1fba305925ff68\",\"name\":\"Rachel\",\"image\":{\"@type\":\"ImageObject\",\"inLanguage\":\"es\",\"@id\":\"https:\/\/draft.nuestrostories.com\/es\/#\/schema\/person\/image\/\",\"url\":\"https:\/\/draft.nuestrostories.com\/wp-content\/uploads\/2023\/06\/RachelBio-150x150.jpg\",\"contentUrl\":\"https:\/\/draft.nuestrostories.com\/wp-content\/uploads\/2023\/06\/RachelBio-150x150.jpg\",\"caption\":\"Rachel\"},\"description\":\"Olivia Monahan Chicana journalist, editor, educator, and organizer in Sacramento whose sole focus is to shed light on stories on our most impacted and marginalized communities, but even more importantly, for those stories to humanize those normally left out. She is an Ida B Wells Investigative Journalism Fellow 2022 Finalist, a member of the Parenting Journalists Society, and has bylines in The Courier, The Sacramento Bee, The Americano, Submerge Magazine among others.\",\"url\":\"https:\/\/draft.nuestrostories.com\/es\/author\/rachel\/\"}]}<\/script>\n<!-- \/ Yoast SEO plugin. -->","yoast_head_json":{"title":"Cristina Saralegui: El icono medi\u00e1tico cubano tuvo el efecto Oprah Winfrey y cautiv\u00f3 a millones a lo largo de su carrera - Nuestro Stories","robots":{"index":"index","follow":"follow","max-snippet":"max-snippet:-1","max-image-preview":"max-image-preview:large","max-video-preview":"max-video-preview:-1"},"canonical":"https:\/\/draft.nuestrostories.com\/es\/2023\/06\/cristina-saralegui-el-icono-mediatico-cubano-tuvo-el-efecto-oprah-winfrey-y-cautivo-a-millones-a-lo-largo-de-su-carrera\/","og_locale":"es_ES","og_type":"article","og_title":"Cristina Saralegui: El icono medi\u00e1tico cubano tuvo el efecto Oprah Winfrey y cautiv\u00f3 a millones a lo largo de su carrera - Nuestro Stories","og_description":"Ilustraci\u00f3n de Nuestro Stories Aclamada como la \"Oprah cubana\", Cristina Saralegui es un genio de los medios que ha dejado una huella indeleble en la televisi\u00f3n, el periodismo y la comunidad latina en su conjunto. Con su carism\u00e1tica personalidad, sus perspicaces entrevistas y su inquebrantable dedicaci\u00f3n, se convirti\u00f3 en una pionera para las latinas de [&hellip;]","og_url":"https:\/\/draft.nuestrostories.com\/es\/2023\/06\/cristina-saralegui-el-icono-mediatico-cubano-tuvo-el-efecto-oprah-winfrey-y-cautivo-a-millones-a-lo-largo-de-su-carrera\/","og_site_name":"Nuestro Stories","article_published_time":"2023-06-09T04:12:24+00:00","article_modified_time":"2023-12-05T20:22:57+00:00","og_image":[{"width":1910,"height":1274,"url":"https:\/\/draft.nuestrostories.com\/wp-content\/uploads\/2023\/06\/Cristina-saralegui.jpg","type":"image\/jpeg"}],"author":"Rachel","twitter_card":"summary_large_image","twitter_misc":{"Escrito por":"Rachel","Tiempo de lectura":"2 minutos"},"schema":{"@context":"https:\/\/schema.org","@graph":[{"@type":"WebPage","@id":"https:\/\/draft.nuestrostories.com\/es\/2023\/06\/cristina-saralegui-el-icono-mediatico-cubano-tuvo-el-efecto-oprah-winfrey-y-cautivo-a-millones-a-lo-largo-de-su-carrera\/","url":"https:\/\/draft.nuestrostories.com\/es\/2023\/06\/cristina-saralegui-el-icono-mediatico-cubano-tuvo-el-efecto-oprah-winfrey-y-cautivo-a-millones-a-lo-largo-de-su-carrera\/","name":"Cristina Saralegui: El icono medi\u00e1tico cubano tuvo el efecto Oprah Winfrey y cautiv\u00f3 a millones a lo largo de su carrera - Nuestro Stories","isPartOf":{"@id":"https:\/\/draft.nuestrostories.com\/es\/#website"},"primaryImageOfPage":{"@id":"https:\/\/draft.nuestrostories.com\/es\/2023\/06\/cristina-saralegui-el-icono-mediatico-cubano-tuvo-el-efecto-oprah-winfrey-y-cautivo-a-millones-a-lo-largo-de-su-carrera\/#primaryimage"},"image":{"@id":"https:\/\/draft.nuestrostories.com\/es\/2023\/06\/cristina-saralegui-el-icono-mediatico-cubano-tuvo-el-efecto-oprah-winfrey-y-cautivo-a-millones-a-lo-largo-de-su-carrera\/#primaryimage"},"thumbnailUrl":"https:\/\/draft.nuestrostories.com\/wp-content\/uploads\/2023\/06\/Cristina-saralegui.jpg","datePublished":"2023-06-09T04:12:24+00:00","dateModified":"2023-12-05T20:22:57+00:00","author":{"@id":"https:\/\/draft.nuestrostories.com\/es\/#\/schema\/person\/b741b0e4e34088347d1fba305925ff68"},"breadcrumb":{"@id":"https:\/\/draft.nuestrostories.com\/es\/2023\/06\/cristina-saralegui-el-icono-mediatico-cubano-tuvo-el-efecto-oprah-winfrey-y-cautivo-a-millones-a-lo-largo-de-su-carrera\/#breadcrumb"},"inLanguage":"es","potentialAction":[{"@type":"ReadAction","target":["https:\/\/draft.nuestrostories.com\/es\/2023\/06\/cristina-saralegui-el-icono-mediatico-cubano-tuvo-el-efecto-oprah-winfrey-y-cautivo-a-millones-a-lo-largo-de-su-carrera\/"]}]},{"@type":"ImageObject","inLanguage":"es","@id":"https:\/\/draft.nuestrostories.com\/es\/2023\/06\/cristina-saralegui-el-icono-mediatico-cubano-tuvo-el-efecto-oprah-winfrey-y-cautivo-a-millones-a-lo-largo-de-su-carrera\/#primaryimage","url":"https:\/\/draft.nuestrostories.com\/wp-content\/uploads\/2023\/06\/Cristina-saralegui.jpg","contentUrl":"https:\/\/draft.nuestrostories.com\/wp-content\/uploads\/2023\/06\/Cristina-saralegui.jpg","width":1910,"height":1274},{"@type":"BreadcrumbList","@id":"https:\/\/draft.nuestrostories.com\/es\/2023\/06\/cristina-saralegui-el-icono-mediatico-cubano-tuvo-el-efecto-oprah-winfrey-y-cautivo-a-millones-a-lo-largo-de-su-carrera\/#breadcrumb","itemListElement":[{"@type":"ListItem","position":1,"name":"Home","item":"https:\/\/draft.nuestrostories.com\/es\/"},{"@type":"ListItem","position":2,"name":"Cristina Saralegui: El icono medi\u00e1tico cubano tuvo el efecto Oprah Winfrey y cautiv\u00f3 a millones a lo largo de su carrera"}]},{"@type":"WebSite","@id":"https:\/\/draft.nuestrostories.com\/es\/#website","url":"https:\/\/draft.nuestrostories.com\/es\/","name":"Nuestro Stories","description":"Latino Heritage. Every Day.","potentialAction":[{"@type":"SearchAction","target":{"@type":"EntryPoint","urlTemplate":"https:\/\/draft.nuestrostories.com\/es\/?s={search_term_string}"},"query-input":{"@type":"PropertyValueSpecification","valueRequired":true,"valueName":"search_term_string"}}],"inLanguage":"es"},{"@type":"Person","@id":"https:\/\/draft.nuestrostories.com\/es\/#\/schema\/person\/b741b0e4e34088347d1fba305925ff68","name":"Rachel","image":{"@type":"ImageObject","inLanguage":"es","@id":"https:\/\/draft.nuestrostories.com\/es\/#\/schema\/person\/image\/","url":"https:\/\/draft.nuestrostories.com\/wp-content\/uploads\/2023\/06\/RachelBio-150x150.jpg","contentUrl":"https:\/\/draft.nuestrostories.com\/wp-content\/uploads\/2023\/06\/RachelBio-150x150.jpg","caption":"Rachel"},"description":"Olivia Monahan Chicana journalist, editor, educator, and organizer in Sacramento whose sole focus is to shed light on stories on our most impacted and marginalized communities, but even more importantly, for those stories to humanize those normally left out. She is an Ida B Wells Investigative Journalism Fellow 2022 Finalist, a member of the Parenting Journalists Society, and has bylines in The Courier, The Sacramento Bee, The Americano, Submerge Magazine among others.","url":"https:\/\/draft.nuestrostories.com\/es\/author\/rachel\/"}]}},"_links":{"self":[{"href":"https:\/\/draft.nuestrostories.com\/es\/wp-json\/wp\/v2\/posts\/13019","targetHints":{"allow":["GET"]}}],"collection":[{"href":"https:\/\/draft.nuestrostories.com\/es\/wp-json\/wp\/v2\/posts"}],"about":[{"href":"https:\/\/draft.nuestrostories.com\/es\/wp-json\/wp\/v2\/types\/post"}],"author":[{"embeddable":true,"href":"https:\/\/draft.nuestrostories.com\/es\/wp-json\/wp\/v2\/users\/4"}],"replies":[{"embeddable":true,"href":"https:\/\/draft.nuestrostories.com\/es\/wp-json\/wp\/v2\/comments?post=13019"}],"version-history":[{"count":1,"href":"https:\/\/draft.nuestrostories.com\/es\/wp-json\/wp\/v2\/posts\/13019\/revisions"}],"predecessor-version":[{"id":13020,"href":"https:\/\/draft.nuestrostories.com\/es\/wp-json\/wp\/v2\/posts\/13019\/revisions\/13020"}],"wp:featuredmedia":[{"embeddable":true,"href":"https:\/\/draft.nuestrostories.com\/es\/wp-json\/wp\/v2\/media\/10462"}],"wp:attachment":[{"href":"https:\/\/draft.nuestrostories.com\/es\/wp-json\/wp\/v2\/media?parent=13019"}],"wp:term":[{"taxonomy":"category","embeddable":true,"href":"https:\/\/draft.nuestrostories.com\/es\/wp-json\/wp\/v2\/categories?post=13019"},{"taxonomy":"post_tag","embeddable":true,"href":"https:\/\/draft.nuestrostories.com\/es\/wp-json\/wp\/v2\/tags?post=13019"}],"curies":[{"name":"wp","href":"https:\/\/api.w.org\/{rel}","templated":true}]}}