{"id":12944,"date":"2023-06-14T02:48:17","date_gmt":"2023-06-14T02:48:17","guid":{"rendered":"https:\/\/draft.nuestrostories.com\/\/?p=12944"},"modified":"2023-12-04T20:26:22","modified_gmt":"2023-12-04T20:26:22","slug":"la-india-la-sensacional-cantante-puertorriquena-que-reina-en-los-escenarios","status":"publish","type":"post","link":"https:\/\/draft.nuestrostories.com\/es\/2023\/06\/la-india-la-sensacional-cantante-puertorriquena-que-reina-en-los-escenarios\/","title":{"rendered":"La India: La sensacional cantante puertorrique\u00f1a que reina en los escenarios"},"content":{"rendered":"\n<p><em>Ilustraci\u00f3n de Nuestro Stories<\/em><\/p>\n\n\n\n<p>Linda Viera Caballero, m\u00e1s conocida como <em>La India<\/em>, es un elemento b\u00e1sico en cualquier hogar latino. Estamos seguros de que t\u00fa tambi\u00e9n puedes dar fe de ello.<\/p>\n\n\n\n<p>Nacida el 9 de marzo de 1969 en R\u00edo Piedras, Puerto Rico, <em>La India<\/em> se ha convertido en una figura emblem\u00e1tica de la industria, famosa por su potente voz, sus cautivadoras actuaciones y su<a href=\"https:\/\/www.elmundodeindia.com\/bio\"> notable versatilidad<\/a> como compositora, cantante y actriz.<\/p>\n\n\n\n<p>La trayectoria musical de <em>La India<\/em> comenz\u00f3 a una edad temprana, impulsada por su pasi\u00f3n por la m\u00fasica y la determinaci\u00f3n de compartir su talento con el mundo. Inspirada por leyendas como Celia Cruz y Aretha Franklin, perfeccion\u00f3 sus habilidades y desarroll\u00f3 un sonido \u00fanico que mezclaba varios g\u00e9neros, como la salsa, el merengue y el pop.<\/p>\n\n\n\n<p>A lo largo de su ilustre carrera, <em>La India<\/em> ha lanzado una serie de \u00e9xitos que han consolidado su estatus como una de las voces m\u00e1s influyentes de la m\u00fasica latina. Canciones como <em>Ese hombre<\/em> y <em>Sed\u00faceme<\/em> se han convertido en himnos, resonando entre los oyentes y mostrando su excepcional registro vocal y profundidad emocional.<\/p>\n\n\n\n<p><strong>Lee m\u00e1s:<\/strong><a href=\"https:\/\/draft.nuestrostories.com\/\/2023\/05\/celia-cruz-real-name\/\"> Detr\u00e1s de Celia Cruz: \u00bfCu\u00e1l era su verdadero nombre?<\/a><\/p>\n\n\n\n<h2 class=\"wp-block-heading\"><span style=\"font-weight: 400;\">Los m\u00faltiples talentos de <em>La India<\/em><\/span><\/h2>\n\n\n\n<p><em>La India<\/em> no solo es conocida por sus extraordinarias dotes musicales, sino que tambi\u00e9n se ha adentrado en el<a href=\"https:\/\/www.imdb.com\/name\/nm0408511\/bio\/\"> mundo de la actuaci\u00f3n<\/a>, mostrando su talento tanto en la peque\u00f1a como en la gran pantalla. Sus participaciones en pel\u00edculas como <em>Bananas<\/em> y <em>Ladies' Night<\/em> han consolidado a\u00fan m\u00e1s su condici\u00f3n de artista polifac\u00e9tica capaz de cautivar sin esfuerzo al p\u00fablico en cualquier medio.<\/p>\n\n\n\n<p>El impacto de <em>La India<\/em> va m\u00e1s all\u00e1 de su m\u00fasica y sus dotes interpretativas. Ha sido una pionera para las mujeres en la industria de la m\u00fasica latina, dominada por los hombres, rompiendo barreras y desafiando las expectativas con sus potentes actuaciones y letras asertivas. Su \u00e9xito ha allanado el camino para que futuras generaciones de artistas femeninas prosperen y se expresen con autenticidad.<\/p>\n\n\n\n<p>Adem\u00e1s de sus logros musicales, <em>La India<\/em> ha cosechado elogios de la cr\u00edtica y numerosos galardones a lo largo de su carrera. Ha sido reconocida con m\u00faltiples nominaciones a los Grammy, los Latin Billboard Awards y los Premios Lo Nuestro, consolidando su lugar entre la \u00e9lite de la m\u00fasica latina.<\/p>\n\n\n\n<p>El legado de <em>La India<\/em> como icono cultural y potencia musical est\u00e1 firmemente establecido. Su electrizante presencia en el escenario, sus sentidas letras y su incomparable talento vocal la han convertido en una figura muy querida por fans de todas las edades. Su m\u00fasica sigue resonando, traspasando fronteras y barreras ling\u00fc\u00edsticas, y su influencia en el panorama de la m\u00fasica latina sigue siendo innegable.<\/p>\n\n\n\n<p> <\/p>\n","protected":false},"excerpt":{"rendered":"<p>Ilustraci\u00f3n de Nuestro Stories Linda Viera Caballero, m\u00e1s conocida como La India, es un elemento b\u00e1sico en cualquier hogar latino. Estamos seguros de que t\u00fa tambi\u00e9n puedes dar fe de ello. Nacida el 9 de marzo de 1969 en R\u00edo Piedras, Puerto Rico, La India se ha convertido en una figura emblem\u00e1tica de la industria, [&hellip;]<\/p>\n","protected":false},"author":4,"featured_media":10467,"comment_status":"closed","ping_status":"open","sticky":false,"template":"","format":"standard","meta":{"_acf_changed":false,"footnotes":""},"categories":[1281],"tags":[],"class_list":["post-12944","post","type-post","status-publish","format-standard","has-post-thumbnail","hentry","category-featured-es"],"acf":[],"yoast_head":"<!-- This site is optimized with the Yoast SEO plugin v23.5 - https:\/\/yoast.com\/wordpress\/plugins\/seo\/ -->\n<title>La India: La sensacional cantante puertorrique\u00f1a que reina en los escenarios - Nuestro Stories<\/title>\n<meta name=\"robots\" content=\"index, follow, max-snippet:-1, max-image-preview:large, max-video-preview:-1\" \/>\n<link rel=\"canonical\" href=\"https:\/\/draft.nuestrostories.com\/es\/2023\/06\/la-india-la-sensacional-cantante-puertorriquena-que-reina-en-los-escenarios\/\" \/>\n<meta property=\"og:locale\" content=\"es_ES\" \/>\n<meta property=\"og:type\" content=\"article\" \/>\n<meta property=\"og:title\" content=\"La India: La sensacional cantante puertorrique\u00f1a que reina en los escenarios - Nuestro Stories\" \/>\n<meta property=\"og:description\" content=\"Ilustraci\u00f3n de Nuestro Stories Linda Viera Caballero, m\u00e1s conocida como La India, es un elemento b\u00e1sico en cualquier hogar latino. Estamos seguros de que t\u00fa tambi\u00e9n puedes dar fe de ello. Nacida el 9 de marzo de 1969 en R\u00edo Piedras, Puerto Rico, La India se ha convertido en una figura emblem\u00e1tica de la industria, [&hellip;]\" \/>\n<meta property=\"og:url\" content=\"https:\/\/draft.nuestrostories.com\/es\/2023\/06\/la-india-la-sensacional-cantante-puertorriquena-que-reina-en-los-escenarios\/\" \/>\n<meta property=\"og:site_name\" content=\"Nuestro Stories\" \/>\n<meta property=\"article:published_time\" content=\"2023-06-14T02:48:17+00:00\" \/>\n<meta property=\"article:modified_time\" content=\"2023-12-04T20:26:22+00:00\" \/>\n<meta property=\"og:image\" content=\"https:\/\/draft.nuestrostories.com\/wp-content\/uploads\/2023\/06\/La-India.jpg\" \/>\n\t<meta property=\"og:image:width\" content=\"1910\" \/>\n\t<meta property=\"og:image:height\" content=\"1274\" \/>\n\t<meta property=\"og:image:type\" content=\"image\/jpeg\" \/>\n<meta name=\"author\" content=\"Rachel\" \/>\n<meta name=\"twitter:card\" content=\"summary_large_image\" \/>\n<meta name=\"twitter:label1\" content=\"Escrito por\" \/>\n\t<meta name=\"twitter:data1\" content=\"Rachel\" \/>\n\t<meta name=\"twitter:label2\" content=\"Tiempo de lectura\" \/>\n\t<meta name=\"twitter:data2\" content=\"2 minutos\" \/>\n<script type=\"application\/ld+json\" class=\"yoast-schema-graph\">{\"@context\":\"https:\/\/schema.org\",\"@graph\":[{\"@type\":\"WebPage\",\"@id\":\"https:\/\/draft.nuestrostories.com\/es\/2023\/06\/la-india-la-sensacional-cantante-puertorriquena-que-reina-en-los-escenarios\/\",\"url\":\"https:\/\/draft.nuestrostories.com\/es\/2023\/06\/la-india-la-sensacional-cantante-puertorriquena-que-reina-en-los-escenarios\/\",\"name\":\"La India: La sensacional cantante puertorrique\u00f1a que reina en los escenarios - Nuestro Stories\",\"isPartOf\":{\"@id\":\"https:\/\/draft.nuestrostories.com\/es\/#website\"},\"primaryImageOfPage\":{\"@id\":\"https:\/\/draft.nuestrostories.com\/es\/2023\/06\/la-india-la-sensacional-cantante-puertorriquena-que-reina-en-los-escenarios\/#primaryimage\"},\"image\":{\"@id\":\"https:\/\/draft.nuestrostories.com\/es\/2023\/06\/la-india-la-sensacional-cantante-puertorriquena-que-reina-en-los-escenarios\/#primaryimage\"},\"thumbnailUrl\":\"https:\/\/draft.nuestrostories.com\/wp-content\/uploads\/2023\/06\/La-India.jpg\",\"datePublished\":\"2023-06-14T02:48:17+00:00\",\"dateModified\":\"2023-12-04T20:26:22+00:00\",\"author\":{\"@id\":\"https:\/\/draft.nuestrostories.com\/es\/#\/schema\/person\/b741b0e4e34088347d1fba305925ff68\"},\"breadcrumb\":{\"@id\":\"https:\/\/draft.nuestrostories.com\/es\/2023\/06\/la-india-la-sensacional-cantante-puertorriquena-que-reina-en-los-escenarios\/#breadcrumb\"},\"inLanguage\":\"es\",\"potentialAction\":[{\"@type\":\"ReadAction\",\"target\":[\"https:\/\/draft.nuestrostories.com\/es\/2023\/06\/la-india-la-sensacional-cantante-puertorriquena-que-reina-en-los-escenarios\/\"]}]},{\"@type\":\"ImageObject\",\"inLanguage\":\"es\",\"@id\":\"https:\/\/draft.nuestrostories.com\/es\/2023\/06\/la-india-la-sensacional-cantante-puertorriquena-que-reina-en-los-escenarios\/#primaryimage\",\"url\":\"https:\/\/draft.nuestrostories.com\/wp-content\/uploads\/2023\/06\/La-India.jpg\",\"contentUrl\":\"https:\/\/draft.nuestrostories.com\/wp-content\/uploads\/2023\/06\/La-India.jpg\",\"width\":1910,\"height\":1274},{\"@type\":\"BreadcrumbList\",\"@id\":\"https:\/\/draft.nuestrostories.com\/es\/2023\/06\/la-india-la-sensacional-cantante-puertorriquena-que-reina-en-los-escenarios\/#breadcrumb\",\"itemListElement\":[{\"@type\":\"ListItem\",\"position\":1,\"name\":\"Home\",\"item\":\"https:\/\/draft.nuestrostories.com\/es\/\"},{\"@type\":\"ListItem\",\"position\":2,\"name\":\"La India: La sensacional cantante puertorrique\u00f1a que reina en los escenarios\"}]},{\"@type\":\"WebSite\",\"@id\":\"https:\/\/draft.nuestrostories.com\/es\/#website\",\"url\":\"https:\/\/draft.nuestrostories.com\/es\/\",\"name\":\"Nuestro Stories\",\"description\":\"Latino Heritage. Every Day.\",\"potentialAction\":[{\"@type\":\"SearchAction\",\"target\":{\"@type\":\"EntryPoint\",\"urlTemplate\":\"https:\/\/draft.nuestrostories.com\/es\/?s={search_term_string}\"},\"query-input\":{\"@type\":\"PropertyValueSpecification\",\"valueRequired\":true,\"valueName\":\"search_term_string\"}}],\"inLanguage\":\"es\"},{\"@type\":\"Person\",\"@id\":\"https:\/\/draft.nuestrostories.com\/es\/#\/schema\/person\/b741b0e4e34088347d1fba305925ff68\",\"name\":\"Rachel\",\"image\":{\"@type\":\"ImageObject\",\"inLanguage\":\"es\",\"@id\":\"https:\/\/draft.nuestrostories.com\/es\/#\/schema\/person\/image\/\",\"url\":\"https:\/\/draft.nuestrostories.com\/wp-content\/uploads\/2023\/06\/RachelBio-150x150.jpg\",\"contentUrl\":\"https:\/\/draft.nuestrostories.com\/wp-content\/uploads\/2023\/06\/RachelBio-150x150.jpg\",\"caption\":\"Rachel\"},\"description\":\"Olivia Monahan Chicana journalist, editor, educator, and organizer in Sacramento whose sole focus is to shed light on stories on our most impacted and marginalized communities, but even more importantly, for those stories to humanize those normally left out. She is an Ida B Wells Investigative Journalism Fellow 2022 Finalist, a member of the Parenting Journalists Society, and has bylines in The Courier, The Sacramento Bee, The Americano, Submerge Magazine among others.\",\"url\":\"https:\/\/draft.nuestrostories.com\/es\/author\/rachel\/\"}]}<\/script>\n<!-- \/ Yoast SEO plugin. -->","yoast_head_json":{"title":"La India: La sensacional cantante puertorrique\u00f1a que reina en los escenarios - Nuestro Stories","robots":{"index":"index","follow":"follow","max-snippet":"max-snippet:-1","max-image-preview":"max-image-preview:large","max-video-preview":"max-video-preview:-1"},"canonical":"https:\/\/draft.nuestrostories.com\/es\/2023\/06\/la-india-la-sensacional-cantante-puertorriquena-que-reina-en-los-escenarios\/","og_locale":"es_ES","og_type":"article","og_title":"La India: La sensacional cantante puertorrique\u00f1a que reina en los escenarios - Nuestro Stories","og_description":"Ilustraci\u00f3n de Nuestro Stories Linda Viera Caballero, m\u00e1s conocida como La India, es un elemento b\u00e1sico en cualquier hogar latino. Estamos seguros de que t\u00fa tambi\u00e9n puedes dar fe de ello. Nacida el 9 de marzo de 1969 en R\u00edo Piedras, Puerto Rico, La India se ha convertido en una figura emblem\u00e1tica de la industria, [&hellip;]","og_url":"https:\/\/draft.nuestrostories.com\/es\/2023\/06\/la-india-la-sensacional-cantante-puertorriquena-que-reina-en-los-escenarios\/","og_site_name":"Nuestro Stories","article_published_time":"2023-06-14T02:48:17+00:00","article_modified_time":"2023-12-04T20:26:22+00:00","og_image":[{"width":1910,"height":1274,"url":"https:\/\/draft.nuestrostories.com\/wp-content\/uploads\/2023\/06\/La-India.jpg","type":"image\/jpeg"}],"author":"Rachel","twitter_card":"summary_large_image","twitter_misc":{"Escrito por":"Rachel","Tiempo de lectura":"2 minutos"},"schema":{"@context":"https:\/\/schema.org","@graph":[{"@type":"WebPage","@id":"https:\/\/draft.nuestrostories.com\/es\/2023\/06\/la-india-la-sensacional-cantante-puertorriquena-que-reina-en-los-escenarios\/","url":"https:\/\/draft.nuestrostories.com\/es\/2023\/06\/la-india-la-sensacional-cantante-puertorriquena-que-reina-en-los-escenarios\/","name":"La India: La sensacional cantante puertorrique\u00f1a que reina en los escenarios - Nuestro Stories","isPartOf":{"@id":"https:\/\/draft.nuestrostories.com\/es\/#website"},"primaryImageOfPage":{"@id":"https:\/\/draft.nuestrostories.com\/es\/2023\/06\/la-india-la-sensacional-cantante-puertorriquena-que-reina-en-los-escenarios\/#primaryimage"},"image":{"@id":"https:\/\/draft.nuestrostories.com\/es\/2023\/06\/la-india-la-sensacional-cantante-puertorriquena-que-reina-en-los-escenarios\/#primaryimage"},"thumbnailUrl":"https:\/\/draft.nuestrostories.com\/wp-content\/uploads\/2023\/06\/La-India.jpg","datePublished":"2023-06-14T02:48:17+00:00","dateModified":"2023-12-04T20:26:22+00:00","author":{"@id":"https:\/\/draft.nuestrostories.com\/es\/#\/schema\/person\/b741b0e4e34088347d1fba305925ff68"},"breadcrumb":{"@id":"https:\/\/draft.nuestrostories.com\/es\/2023\/06\/la-india-la-sensacional-cantante-puertorriquena-que-reina-en-los-escenarios\/#breadcrumb"},"inLanguage":"es","potentialAction":[{"@type":"ReadAction","target":["https:\/\/draft.nuestrostories.com\/es\/2023\/06\/la-india-la-sensacional-cantante-puertorriquena-que-reina-en-los-escenarios\/"]}]},{"@type":"ImageObject","inLanguage":"es","@id":"https:\/\/draft.nuestrostories.com\/es\/2023\/06\/la-india-la-sensacional-cantante-puertorriquena-que-reina-en-los-escenarios\/#primaryimage","url":"https:\/\/draft.nuestrostories.com\/wp-content\/uploads\/2023\/06\/La-India.jpg","contentUrl":"https:\/\/draft.nuestrostories.com\/wp-content\/uploads\/2023\/06\/La-India.jpg","width":1910,"height":1274},{"@type":"BreadcrumbList","@id":"https:\/\/draft.nuestrostories.com\/es\/2023\/06\/la-india-la-sensacional-cantante-puertorriquena-que-reina-en-los-escenarios\/#breadcrumb","itemListElement":[{"@type":"ListItem","position":1,"name":"Home","item":"https:\/\/draft.nuestrostories.com\/es\/"},{"@type":"ListItem","position":2,"name":"La India: La sensacional cantante puertorrique\u00f1a que reina en los escenarios"}]},{"@type":"WebSite","@id":"https:\/\/draft.nuestrostories.com\/es\/#website","url":"https:\/\/draft.nuestrostories.com\/es\/","name":"Nuestro Stories","description":"Latino Heritage. Every Day.","potentialAction":[{"@type":"SearchAction","target":{"@type":"EntryPoint","urlTemplate":"https:\/\/draft.nuestrostories.com\/es\/?s={search_term_string}"},"query-input":{"@type":"PropertyValueSpecification","valueRequired":true,"valueName":"search_term_string"}}],"inLanguage":"es"},{"@type":"Person","@id":"https:\/\/draft.nuestrostories.com\/es\/#\/schema\/person\/b741b0e4e34088347d1fba305925ff68","name":"Rachel","image":{"@type":"ImageObject","inLanguage":"es","@id":"https:\/\/draft.nuestrostories.com\/es\/#\/schema\/person\/image\/","url":"https:\/\/draft.nuestrostories.com\/wp-content\/uploads\/2023\/06\/RachelBio-150x150.jpg","contentUrl":"https:\/\/draft.nuestrostories.com\/wp-content\/uploads\/2023\/06\/RachelBio-150x150.jpg","caption":"Rachel"},"description":"Olivia Monahan Chicana journalist, editor, educator, and organizer in Sacramento whose sole focus is to shed light on stories on our most impacted and marginalized communities, but even more importantly, for those stories to humanize those normally left out. She is an Ida B Wells Investigative Journalism Fellow 2022 Finalist, a member of the Parenting Journalists Society, and has bylines in The Courier, The Sacramento Bee, The Americano, Submerge Magazine among others.","url":"https:\/\/draft.nuestrostories.com\/es\/author\/rachel\/"}]}},"_links":{"self":[{"href":"https:\/\/draft.nuestrostories.com\/es\/wp-json\/wp\/v2\/posts\/12944","targetHints":{"allow":["GET"]}}],"collection":[{"href":"https:\/\/draft.nuestrostories.com\/es\/wp-json\/wp\/v2\/posts"}],"about":[{"href":"https:\/\/draft.nuestrostories.com\/es\/wp-json\/wp\/v2\/types\/post"}],"author":[{"embeddable":true,"href":"https:\/\/draft.nuestrostories.com\/es\/wp-json\/wp\/v2\/users\/4"}],"replies":[{"embeddable":true,"href":"https:\/\/draft.nuestrostories.com\/es\/wp-json\/wp\/v2\/comments?post=12944"}],"version-history":[{"count":1,"href":"https:\/\/draft.nuestrostories.com\/es\/wp-json\/wp\/v2\/posts\/12944\/revisions"}],"predecessor-version":[{"id":12945,"href":"https:\/\/draft.nuestrostories.com\/es\/wp-json\/wp\/v2\/posts\/12944\/revisions\/12945"}],"wp:featuredmedia":[{"embeddable":true,"href":"https:\/\/draft.nuestrostories.com\/es\/wp-json\/wp\/v2\/media\/10467"}],"wp:attachment":[{"href":"https:\/\/draft.nuestrostories.com\/es\/wp-json\/wp\/v2\/media?parent=12944"}],"wp:term":[{"taxonomy":"category","embeddable":true,"href":"https:\/\/draft.nuestrostories.com\/es\/wp-json\/wp\/v2\/categories?post=12944"},{"taxonomy":"post_tag","embeddable":true,"href":"https:\/\/draft.nuestrostories.com\/es\/wp-json\/wp\/v2\/tags?post=12944"}],"curies":[{"name":"wp","href":"https:\/\/api.w.org\/{rel}","templated":true}]}}