{"id":12884,"date":"2023-06-16T20:22:46","date_gmt":"2023-06-16T20:22:46","guid":{"rendered":"https:\/\/draft.nuestrostories.com\/\/?p=12884"},"modified":"2023-12-01T21:28:33","modified_gmt":"2023-12-01T21:28:33","slug":"celebrando-la-vida-y-el-legado-de-la-cantante-de-la-chica-de-ipanema-astrud-gilberto","status":"publish","type":"post","link":"https:\/\/draft.nuestrostories.com\/es\/2023\/06\/celebrando-la-vida-y-el-legado-de-la-cantante-de-la-chica-de-ipanema-astrud-gilberto\/","title":{"rendered":"Celebrando la vida y el legado de la cantante de \u2018La chica de Ipanema\u2019 Astrud Gilberto"},"content":{"rendered":"\n<p><em>Imagen cortes\u00eda de Wikimedia Commons<\/em><\/p>\n\n\n\n<p>\"Alta, bronceada, joven y hermosa\" es uno de los versos m\u00e1s famosos de la<a href=\"https:\/\/draft.nuestrostories.com\/\/?s=music+history\"> historia de la m\u00fasica<\/a>. Se trata de<a href=\"https:\/\/www.youtube.com\/watch?v=c5QfXjsoNe4\"> <em>La chica de Ipanema<\/em><\/a>, cantada por Astrud Gilberto (nacida Astrud Evangelina Weinert), compositora brasile\u00f1a de samba y bossa nova.<\/p>\n\n\n\n<p>La canci\u00f3n fue la primera que grab\u00f3 Gilberto y, gracias a su voz, transform\u00f3 la bossa nova en un fen\u00f3meno internacional a mediados de la d\u00e9cada de 1960.<\/p>\n\n\n\n<p>Aunque la cantante no se parec\u00eda a la chica de Ipanema que describ\u00eda su canci\u00f3n, su voz hac\u00eda imaginar a cualquiera unas largas piernas caminando frente a un restaurante.<\/p>\n\n\n\n<p>Gilberto tuvo una prol\u00edfica carrera de cuatro d\u00e9cadas hasta que se retir\u00f3 extraoficialmente en 2002. Sin embargo, su vida es todo un cap\u00edtulo de la historia de la m\u00fasica latinoamericana.<\/p>\n\n\n\n<figure class=\"wp-block-embed is-type-video is-provider-youtube wp-block-embed-youtube wp-embed-aspect-4-3 wp-has-aspect-ratio\"><div class=\"wp-block-embed__wrapper\">\n<iframe loading=\"lazy\" title=\"Astrud Gilberto and Stan Getz - The Girl From Ipanema (1964) LIVE\" width=\"500\" height=\"375\" src=\"https:\/\/www.youtube.com\/embed\/sVdaFQhS86E?feature=oembed\" frameborder=\"0\" allow=\"accelerometer; autoplay; clipboard-write; encrypted-media; gyroscope; picture-in-picture; web-share\" referrerpolicy=\"strict-origin-when-cross-origin\" allowfullscreen><\/iframe>\n<\/div><\/figure>\n\n\n\n<h2 class=\"wp-block-heading\"><span style=\"font-weight: 400;\">Un talento de Salvador de Bah\u00eda<\/span><\/h2>\n\n\n\n<p>Astrud Gilberto naci\u00f3 en 1940 en Salvador de Bah\u00eda y creci\u00f3 en R\u00edo de Janeiro. Gracias a su padre, profesor de idiomas, la cantante creci\u00f3 dominando varios idiomas, lo que le servir\u00eda m\u00e1s adelante en su carrera.<\/p>\n\n\n\n<p>A los 19 a\u00f1os, Gilberto se cas\u00f3 con<a href=\"https:\/\/www.nytimes.com\/2019\/07\/06\/arts\/music\/joao-gilberto-dead-bossa-nova.html\"> Jo\u00e3o Gilberto<\/a>, con quien experiment\u00f3 por primera vez la vida como m\u00fasico profesional. Aunque la joven sab\u00eda m\u00fasica, su esposo la llev\u00f3 a grabar su primera canci\u00f3n tras ver la reacci\u00f3n de sus invitados cuando cantaban juntos en casa.<\/p>\n\n\n\n<p>Con Jo\u00e3o, Gilberto cant\u00f3 a menudo en Brasil. Grab\u00f3 dos temas en el \u00e1lbum de 1963 <em>Getz\/Gilberto<\/em>, en el que aparec\u00edan Jo\u00e3o, el saxofonista Stan Getz y el ic\u00f3nico Ant\u00f4nio Carlos Jobin.<\/p>\n\n\n\n<p>\"Mientras ensayaba con Stan, Jo\u00e3o me pidi\u00f3 casualmente que me uniera y cantara un estribillo en ingl\u00e9s despu\u00e9s de que \u00e9l acabara de cantar el primer estribillo en portugu\u00e9s\", cont\u00f3 Gilberto en una<a href=\"http:\/\/www.astrudgilberto.com\/interview.htm\"> entrevista<\/a> de 2002.<\/p>\n\n\n\n<p>\"Stan se mostr\u00f3 muy receptivo, de hecho, muy entusiasmado\", continu\u00f3. \"Nunca olvidar\u00e9 que mientras volv\u00edamos a escuchar la canci\u00f3n reci\u00e9n grabada en la sala de control del estudio, Stan me dijo, con una expresi\u00f3n muy dram\u00e1tica: 'Esta canci\u00f3n te va a hacer famosa'\".<\/p>\n\n\n\n<figure class=\"wp-block-embed is-type-rich is-provider-twitter wp-block-embed-twitter\"><div class=\"wp-block-embed__wrapper\">\n<blockquote class=\"twitter-tweet\" data-width=\"500\" data-dnt=\"true\"><p lang=\"en\" dir=\"ltr\">Just heard Astrud Gilberto passed away. I\u2019ve always found her to be one of the most unique voices of all time. THE GIRL FROM IMPANEMA was the first song she ever recorded (with Stan Getz) and it played a key role in making the Brazilian sound a phenomenon in the United States and\u2026 <a href=\"https:\/\/t.co\/elfxNgKqg1\">pic.twitter.com\/elfxNgKqg1<\/a><\/p>&mdash; Vintage Los Angeles (@alisonmartino) <a href=\"https:\/\/twitter.com\/alisonmartino\/status\/1666273220515987457?ref_src=twsrc%5Etfw\">June 7, 2023<\/a><\/blockquote><script async src=\"https:\/\/platform.twitter.com\/widgets.js\" charset=\"utf-8\"><\/script>\n<\/div><\/figure>\n\n\n\n<h2 class=\"wp-block-heading\"><span style=\"font-weight: 400;\">Astrud Gilberto y <em>La chica de Ipanema<\/em><\/span><\/h2>\n\n\n\n<p>Su canci\u00f3n <em>La chica de Ipanema<\/em> le vali\u00f3 un premio Grammy a la Grabaci\u00f3n del A\u00f1o y la nominaci\u00f3n a la Mejor Interpretaci\u00f3n Vocal Femenina.<\/p>\n\n\n\n<p>El sencillo de 1964 consagr\u00f3 a Astrud Gilberto como cantante de bossa nova. Sin embargo, aunque vendi\u00f3 m\u00e1s de un mill\u00f3n de copias, la cantante solo recibi\u00f3 $120 de honorarios de una sesi\u00f3n est\u00e1ndar.<\/p>\n\n\n\n<p>Esto se debi\u00f3 a la intervenci\u00f3n de Getz, con quien Gilberto mantuvo una relaci\u00f3n extramatrimonial hasta su divorcio de Jo\u00e3o. La cantante confesar\u00eda muchos a\u00f1os despu\u00e9s que su relaci\u00f3n con Getz fue \"tortuosa\" y que la mantuvo por necesidad econ\u00f3mica.<\/p>\n\n\n\n<h2 class=\"wp-block-heading\"><span style=\"font-weight: 400;\">Una nueva vida en Estados Unidos<\/span><\/h2>\n\n\n\n<p>Tras los fracasos amorosos y despu\u00e9s del \u00e9xito de la bossa nova en Estados Unidos, Astrud Gilberto emigr\u00f3 al norte. <em>La chica de Ipanema<\/em> se convirti\u00f3 r\u00e1pidamente en una de las canciones m\u00e1s versionadas de la historia de la m\u00fasica pop, lo que abri\u00f3 a la cantante las puertas de Hollywood.<\/p>\n\n\n\n<p>Gilberto<a href=\"https:\/\/www.independent.co.uk\/arts-entertainment\/music\/features\/astrud-gilberto-girl-from-ipanema-b2006879.html\"> particip\u00f3<\/a> en pel\u00edculas como <em>Get Yourself a College Girl<\/em> y <em>The Hanged Man<\/em> en 1964. Solo un a\u00f1o despu\u00e9s, public\u00f3 su primer \u00e1lbum en solitario, <em>The Astrud Gilberto Album<\/em>. Aunque su relaci\u00f3n con Getz continu\u00f3 durante alg\u00fan tiempo, Gilberto empez\u00f3 a grabar sus composiciones en la d\u00e9cada de 1970. Form\u00f3 su propia banda con su hijo Marcelo al bajo.<\/p>\n\n\n\n<p>\"Creo que cuando mi hijo Marcelo se uni\u00f3 a mi grupo como mi bajista en 1982, tambi\u00e9n fue una marca\",<a href=\"http:\/\/www.astrudgilberto.com\/interview.htm\"> dijo<\/a> Gilberto. \"Su presencia en el grupo me hac\u00eda sentir emocionalmente arropada cuando viaj\u00e1bamos, adem\u00e1s de personalmente orgullosa de su talento; fueron influencias felices en mi vida que tambi\u00e9n fueron influencias positivas en mi productividad como artista\".<\/p>\n\n\n\n<p>Junto con Marcelo y su segundo hijo, Gregory Lasorsa, Astrud Gilberto fund\u00f3 su propia productora. A principios de los 90, ya era un icono. Gilberto recibi\u00f3 el premio Latin Jazz USA Award for Lifetime Achievement en 1992. En 2002 ingres\u00f3 en el Sal\u00f3n Internacional de la Fama de la M\u00fasica Latina.<\/p>\n\n\n\n<figure class=\"wp-block-embed is-type-rich is-provider-twitter wp-block-embed-twitter\"><div class=\"wp-block-embed__wrapper\">\n<blockquote class=\"twitter-tweet\" data-width=\"500\" data-dnt=\"true\"><p lang=\"en\" dir=\"ltr\">Remembering Astrud Gilberto: Her &quot;Agua de Beber&quot; plays during  Betty Draper&#39;s &quot;Indian Summer&quot; fantasy (S1:E11) <a href=\"https:\/\/twitter.com\/hashtag\/madmen?src=hash&amp;ref_src=twsrc%5Etfw\">#madmen<\/a> <a href=\"https:\/\/twitter.com\/hashtag\/rip?src=hash&amp;ref_src=twsrc%5Etfw\">#rip<\/a> <a href=\"https:\/\/t.co\/3IZ7RC9vzf\">pic.twitter.com\/3IZ7RC9vzf<\/a><\/p>&mdash; Mad Men Quotes (@MadMenQts) <a href=\"https:\/\/twitter.com\/MadMenQts\/status\/1666570865641771009?ref_src=twsrc%5Etfw\">June 7, 2023<\/a><\/blockquote><script async src=\"https:\/\/platform.twitter.com\/widgets.js\" charset=\"utf-8\"><\/script>\n<\/div><\/figure>\n\n\n\n<h2 class=\"wp-block-heading\"><span style=\"font-weight: 400;\">Una voz que se convierte en susurro<\/span><\/h2>\n\n\n\n<p>Aunque Gilberto anunci\u00f3 en 2002 que se tomaba un descanso indefinido de las actuaciones p\u00fablicas, sus canciones aparecieron en varias pel\u00edculas y su m\u00fasica fue interpretada por artistas pop de la nueva generaci\u00f3n.<\/p>\n\n\n\n<p>\"Siempre me ha costado hacer planes a largo plazo. Me gusta tomarme la vida d\u00eda a d\u00eda\", dijo sobre su retiro no oficial.<\/p>\n\n\n\n<p>Poco fan de las entrevistas, Gilberto se retir\u00f3 discretamente de la escena p\u00fablica y de los escenarios.<\/p>\n\n\n\n<p>Astrud Gilberto se despidi\u00f3 del mundo f\u00edsico el lunes 5 de junio de 2023. Gilberto falleci\u00f3 a los 83 a\u00f1os en su casa de Filadelfia, seg\u00fan anunci\u00f3<a href=\"https:\/\/www.facebook.com\/paul.ricci.5\"> en las redes sociales<\/a> Paul Ricci, colaborador de Gilberto.<\/p>\n\n\n\n<p>\"Fue una parte importante de TODO lo que es la m\u00fasica brasile\u00f1a en el mundo, y cambi\u00f3 muchas vidas con su energ\u00eda\", a\u00f1adi\u00f3.<\/p>\n\n\n\n<p> <\/p>\n","protected":false},"excerpt":{"rendered":"<p>Imagen cortes\u00eda de Wikimedia Commons \"Alta, bronceada, joven y hermosa\" es uno de los versos m\u00e1s famosos de la historia de la m\u00fasica. Se trata de La chica de Ipanema, cantada por Astrud Gilberto (nacida Astrud Evangelina Weinert), compositora brasile\u00f1a de samba y bossa nova. La canci\u00f3n fue la primera que grab\u00f3 Gilberto y, gracias [&hellip;]<\/p>\n","protected":false},"author":4,"featured_media":10471,"comment_status":"closed","ping_status":"open","sticky":false,"template":"","format":"standard","meta":{"_acf_changed":false,"footnotes":""},"categories":[1281],"tags":[],"class_list":["post-12884","post","type-post","status-publish","format-standard","has-post-thumbnail","hentry","category-featured-es"],"acf":[],"yoast_head":"<!-- This site is optimized with the Yoast SEO plugin v23.5 - https:\/\/yoast.com\/wordpress\/plugins\/seo\/ -->\n<title>Celebrando la vida y el legado de la cantante de \u2018La chica de Ipanema\u2019 Astrud Gilberto - Nuestro Stories<\/title>\n<meta name=\"robots\" content=\"index, follow, max-snippet:-1, max-image-preview:large, max-video-preview:-1\" \/>\n<link rel=\"canonical\" href=\"https:\/\/draft.nuestrostories.com\/es\/2023\/06\/celebrando-la-vida-y-el-legado-de-la-cantante-de-la-chica-de-ipanema-astrud-gilberto\/\" \/>\n<meta property=\"og:locale\" content=\"es_ES\" \/>\n<meta property=\"og:type\" content=\"article\" \/>\n<meta property=\"og:title\" content=\"Celebrando la vida y el legado de la cantante de \u2018La chica de Ipanema\u2019 Astrud Gilberto - Nuestro Stories\" \/>\n<meta property=\"og:description\" content=\"Imagen cortes\u00eda de Wikimedia Commons &quot;Alta, bronceada, joven y hermosa&quot; es uno de los versos m\u00e1s famosos de la historia de la m\u00fasica. Se trata de La chica de Ipanema, cantada por Astrud Gilberto (nacida Astrud Evangelina Weinert), compositora brasile\u00f1a de samba y bossa nova. La canci\u00f3n fue la primera que grab\u00f3 Gilberto y, gracias [&hellip;]\" \/>\n<meta property=\"og:url\" content=\"https:\/\/draft.nuestrostories.com\/es\/2023\/06\/celebrando-la-vida-y-el-legado-de-la-cantante-de-la-chica-de-ipanema-astrud-gilberto\/\" \/>\n<meta property=\"og:site_name\" content=\"Nuestro Stories\" \/>\n<meta property=\"article:published_time\" content=\"2023-06-16T20:22:46+00:00\" \/>\n<meta property=\"article:modified_time\" content=\"2023-12-01T21:28:33+00:00\" \/>\n<meta property=\"og:image\" content=\"https:\/\/draft.nuestrostories.com\/wp-content\/uploads\/2023\/06\/Astrud-Gilberto.jpg\" \/>\n\t<meta property=\"og:image:width\" content=\"1910\" \/>\n\t<meta property=\"og:image:height\" content=\"1274\" \/>\n\t<meta property=\"og:image:type\" content=\"image\/jpeg\" \/>\n<meta name=\"author\" content=\"Rachel\" \/>\n<meta name=\"twitter:card\" content=\"summary_large_image\" \/>\n<meta name=\"twitter:label1\" content=\"Escrito por\" \/>\n\t<meta name=\"twitter:data1\" content=\"Rachel\" \/>\n\t<meta name=\"twitter:label2\" content=\"Tiempo de lectura\" \/>\n\t<meta name=\"twitter:data2\" content=\"4 minutos\" \/>\n<script type=\"application\/ld+json\" class=\"yoast-schema-graph\">{\"@context\":\"https:\/\/schema.org\",\"@graph\":[{\"@type\":\"WebPage\",\"@id\":\"https:\/\/draft.nuestrostories.com\/es\/2023\/06\/celebrando-la-vida-y-el-legado-de-la-cantante-de-la-chica-de-ipanema-astrud-gilberto\/\",\"url\":\"https:\/\/draft.nuestrostories.com\/es\/2023\/06\/celebrando-la-vida-y-el-legado-de-la-cantante-de-la-chica-de-ipanema-astrud-gilberto\/\",\"name\":\"Celebrando la vida y el legado de la cantante de \u2018La chica de Ipanema\u2019 Astrud Gilberto - Nuestro Stories\",\"isPartOf\":{\"@id\":\"https:\/\/draft.nuestrostories.com\/es\/#website\"},\"primaryImageOfPage\":{\"@id\":\"https:\/\/draft.nuestrostories.com\/es\/2023\/06\/celebrando-la-vida-y-el-legado-de-la-cantante-de-la-chica-de-ipanema-astrud-gilberto\/#primaryimage\"},\"image\":{\"@id\":\"https:\/\/draft.nuestrostories.com\/es\/2023\/06\/celebrando-la-vida-y-el-legado-de-la-cantante-de-la-chica-de-ipanema-astrud-gilberto\/#primaryimage\"},\"thumbnailUrl\":\"https:\/\/draft.nuestrostories.com\/wp-content\/uploads\/2023\/06\/Astrud-Gilberto.jpg\",\"datePublished\":\"2023-06-16T20:22:46+00:00\",\"dateModified\":\"2023-12-01T21:28:33+00:00\",\"author\":{\"@id\":\"https:\/\/draft.nuestrostories.com\/es\/#\/schema\/person\/b741b0e4e34088347d1fba305925ff68\"},\"breadcrumb\":{\"@id\":\"https:\/\/draft.nuestrostories.com\/es\/2023\/06\/celebrando-la-vida-y-el-legado-de-la-cantante-de-la-chica-de-ipanema-astrud-gilberto\/#breadcrumb\"},\"inLanguage\":\"es\",\"potentialAction\":[{\"@type\":\"ReadAction\",\"target\":[\"https:\/\/draft.nuestrostories.com\/es\/2023\/06\/celebrando-la-vida-y-el-legado-de-la-cantante-de-la-chica-de-ipanema-astrud-gilberto\/\"]}]},{\"@type\":\"ImageObject\",\"inLanguage\":\"es\",\"@id\":\"https:\/\/draft.nuestrostories.com\/es\/2023\/06\/celebrando-la-vida-y-el-legado-de-la-cantante-de-la-chica-de-ipanema-astrud-gilberto\/#primaryimage\",\"url\":\"https:\/\/draft.nuestrostories.com\/wp-content\/uploads\/2023\/06\/Astrud-Gilberto.jpg\",\"contentUrl\":\"https:\/\/draft.nuestrostories.com\/wp-content\/uploads\/2023\/06\/Astrud-Gilberto.jpg\",\"width\":1910,\"height\":1274,\"caption\":\"Credit: Wikimedia Commons.\"},{\"@type\":\"BreadcrumbList\",\"@id\":\"https:\/\/draft.nuestrostories.com\/es\/2023\/06\/celebrando-la-vida-y-el-legado-de-la-cantante-de-la-chica-de-ipanema-astrud-gilberto\/#breadcrumb\",\"itemListElement\":[{\"@type\":\"ListItem\",\"position\":1,\"name\":\"Home\",\"item\":\"https:\/\/draft.nuestrostories.com\/es\/\"},{\"@type\":\"ListItem\",\"position\":2,\"name\":\"Celebrando la vida y el legado de la cantante de \u2018La chica de Ipanema\u2019 Astrud Gilberto\"}]},{\"@type\":\"WebSite\",\"@id\":\"https:\/\/draft.nuestrostories.com\/es\/#website\",\"url\":\"https:\/\/draft.nuestrostories.com\/es\/\",\"name\":\"Nuestro Stories\",\"description\":\"Latino Heritage. Every Day.\",\"potentialAction\":[{\"@type\":\"SearchAction\",\"target\":{\"@type\":\"EntryPoint\",\"urlTemplate\":\"https:\/\/draft.nuestrostories.com\/es\/?s={search_term_string}\"},\"query-input\":{\"@type\":\"PropertyValueSpecification\",\"valueRequired\":true,\"valueName\":\"search_term_string\"}}],\"inLanguage\":\"es\"},{\"@type\":\"Person\",\"@id\":\"https:\/\/draft.nuestrostories.com\/es\/#\/schema\/person\/b741b0e4e34088347d1fba305925ff68\",\"name\":\"Rachel\",\"image\":{\"@type\":\"ImageObject\",\"inLanguage\":\"es\",\"@id\":\"https:\/\/draft.nuestrostories.com\/es\/#\/schema\/person\/image\/\",\"url\":\"https:\/\/draft.nuestrostories.com\/wp-content\/uploads\/2023\/06\/RachelBio-150x150.jpg\",\"contentUrl\":\"https:\/\/draft.nuestrostories.com\/wp-content\/uploads\/2023\/06\/RachelBio-150x150.jpg\",\"caption\":\"Rachel\"},\"description\":\"Olivia Monahan Chicana journalist, editor, educator, and organizer in Sacramento whose sole focus is to shed light on stories on our most impacted and marginalized communities, but even more importantly, for those stories to humanize those normally left out. She is an Ida B Wells Investigative Journalism Fellow 2022 Finalist, a member of the Parenting Journalists Society, and has bylines in The Courier, The Sacramento Bee, The Americano, Submerge Magazine among others.\",\"url\":\"https:\/\/draft.nuestrostories.com\/es\/author\/rachel\/\"}]}<\/script>\n<!-- \/ Yoast SEO plugin. -->","yoast_head_json":{"title":"Celebrando la vida y el legado de la cantante de \u2018La chica de Ipanema\u2019 Astrud Gilberto - Nuestro Stories","robots":{"index":"index","follow":"follow","max-snippet":"max-snippet:-1","max-image-preview":"max-image-preview:large","max-video-preview":"max-video-preview:-1"},"canonical":"https:\/\/draft.nuestrostories.com\/es\/2023\/06\/celebrando-la-vida-y-el-legado-de-la-cantante-de-la-chica-de-ipanema-astrud-gilberto\/","og_locale":"es_ES","og_type":"article","og_title":"Celebrando la vida y el legado de la cantante de \u2018La chica de Ipanema\u2019 Astrud Gilberto - Nuestro Stories","og_description":"Imagen cortes\u00eda de Wikimedia Commons \"Alta, bronceada, joven y hermosa\" es uno de los versos m\u00e1s famosos de la historia de la m\u00fasica. Se trata de La chica de Ipanema, cantada por Astrud Gilberto (nacida Astrud Evangelina Weinert), compositora brasile\u00f1a de samba y bossa nova. La canci\u00f3n fue la primera que grab\u00f3 Gilberto y, gracias [&hellip;]","og_url":"https:\/\/draft.nuestrostories.com\/es\/2023\/06\/celebrando-la-vida-y-el-legado-de-la-cantante-de-la-chica-de-ipanema-astrud-gilberto\/","og_site_name":"Nuestro Stories","article_published_time":"2023-06-16T20:22:46+00:00","article_modified_time":"2023-12-01T21:28:33+00:00","og_image":[{"width":1910,"height":1274,"url":"https:\/\/draft.nuestrostories.com\/wp-content\/uploads\/2023\/06\/Astrud-Gilberto.jpg","type":"image\/jpeg"}],"author":"Rachel","twitter_card":"summary_large_image","twitter_misc":{"Escrito por":"Rachel","Tiempo de lectura":"4 minutos"},"schema":{"@context":"https:\/\/schema.org","@graph":[{"@type":"WebPage","@id":"https:\/\/draft.nuestrostories.com\/es\/2023\/06\/celebrando-la-vida-y-el-legado-de-la-cantante-de-la-chica-de-ipanema-astrud-gilberto\/","url":"https:\/\/draft.nuestrostories.com\/es\/2023\/06\/celebrando-la-vida-y-el-legado-de-la-cantante-de-la-chica-de-ipanema-astrud-gilberto\/","name":"Celebrando la vida y el legado de la cantante de \u2018La chica de Ipanema\u2019 Astrud Gilberto - Nuestro Stories","isPartOf":{"@id":"https:\/\/draft.nuestrostories.com\/es\/#website"},"primaryImageOfPage":{"@id":"https:\/\/draft.nuestrostories.com\/es\/2023\/06\/celebrando-la-vida-y-el-legado-de-la-cantante-de-la-chica-de-ipanema-astrud-gilberto\/#primaryimage"},"image":{"@id":"https:\/\/draft.nuestrostories.com\/es\/2023\/06\/celebrando-la-vida-y-el-legado-de-la-cantante-de-la-chica-de-ipanema-astrud-gilberto\/#primaryimage"},"thumbnailUrl":"https:\/\/draft.nuestrostories.com\/wp-content\/uploads\/2023\/06\/Astrud-Gilberto.jpg","datePublished":"2023-06-16T20:22:46+00:00","dateModified":"2023-12-01T21:28:33+00:00","author":{"@id":"https:\/\/draft.nuestrostories.com\/es\/#\/schema\/person\/b741b0e4e34088347d1fba305925ff68"},"breadcrumb":{"@id":"https:\/\/draft.nuestrostories.com\/es\/2023\/06\/celebrando-la-vida-y-el-legado-de-la-cantante-de-la-chica-de-ipanema-astrud-gilberto\/#breadcrumb"},"inLanguage":"es","potentialAction":[{"@type":"ReadAction","target":["https:\/\/draft.nuestrostories.com\/es\/2023\/06\/celebrando-la-vida-y-el-legado-de-la-cantante-de-la-chica-de-ipanema-astrud-gilberto\/"]}]},{"@type":"ImageObject","inLanguage":"es","@id":"https:\/\/draft.nuestrostories.com\/es\/2023\/06\/celebrando-la-vida-y-el-legado-de-la-cantante-de-la-chica-de-ipanema-astrud-gilberto\/#primaryimage","url":"https:\/\/draft.nuestrostories.com\/wp-content\/uploads\/2023\/06\/Astrud-Gilberto.jpg","contentUrl":"https:\/\/draft.nuestrostories.com\/wp-content\/uploads\/2023\/06\/Astrud-Gilberto.jpg","width":1910,"height":1274,"caption":"Credit: Wikimedia Commons."},{"@type":"BreadcrumbList","@id":"https:\/\/draft.nuestrostories.com\/es\/2023\/06\/celebrando-la-vida-y-el-legado-de-la-cantante-de-la-chica-de-ipanema-astrud-gilberto\/#breadcrumb","itemListElement":[{"@type":"ListItem","position":1,"name":"Home","item":"https:\/\/draft.nuestrostories.com\/es\/"},{"@type":"ListItem","position":2,"name":"Celebrando la vida y el legado de la cantante de \u2018La chica de Ipanema\u2019 Astrud Gilberto"}]},{"@type":"WebSite","@id":"https:\/\/draft.nuestrostories.com\/es\/#website","url":"https:\/\/draft.nuestrostories.com\/es\/","name":"Nuestro Stories","description":"Latino Heritage. Every Day.","potentialAction":[{"@type":"SearchAction","target":{"@type":"EntryPoint","urlTemplate":"https:\/\/draft.nuestrostories.com\/es\/?s={search_term_string}"},"query-input":{"@type":"PropertyValueSpecification","valueRequired":true,"valueName":"search_term_string"}}],"inLanguage":"es"},{"@type":"Person","@id":"https:\/\/draft.nuestrostories.com\/es\/#\/schema\/person\/b741b0e4e34088347d1fba305925ff68","name":"Rachel","image":{"@type":"ImageObject","inLanguage":"es","@id":"https:\/\/draft.nuestrostories.com\/es\/#\/schema\/person\/image\/","url":"https:\/\/draft.nuestrostories.com\/wp-content\/uploads\/2023\/06\/RachelBio-150x150.jpg","contentUrl":"https:\/\/draft.nuestrostories.com\/wp-content\/uploads\/2023\/06\/RachelBio-150x150.jpg","caption":"Rachel"},"description":"Olivia Monahan Chicana journalist, editor, educator, and organizer in Sacramento whose sole focus is to shed light on stories on our most impacted and marginalized communities, but even more importantly, for those stories to humanize those normally left out. She is an Ida B Wells Investigative Journalism Fellow 2022 Finalist, a member of the Parenting Journalists Society, and has bylines in The Courier, The Sacramento Bee, The Americano, Submerge Magazine among others.","url":"https:\/\/draft.nuestrostories.com\/es\/author\/rachel\/"}]}},"_links":{"self":[{"href":"https:\/\/draft.nuestrostories.com\/es\/wp-json\/wp\/v2\/posts\/12884","targetHints":{"allow":["GET"]}}],"collection":[{"href":"https:\/\/draft.nuestrostories.com\/es\/wp-json\/wp\/v2\/posts"}],"about":[{"href":"https:\/\/draft.nuestrostories.com\/es\/wp-json\/wp\/v2\/types\/post"}],"author":[{"embeddable":true,"href":"https:\/\/draft.nuestrostories.com\/es\/wp-json\/wp\/v2\/users\/4"}],"replies":[{"embeddable":true,"href":"https:\/\/draft.nuestrostories.com\/es\/wp-json\/wp\/v2\/comments?post=12884"}],"version-history":[{"count":1,"href":"https:\/\/draft.nuestrostories.com\/es\/wp-json\/wp\/v2\/posts\/12884\/revisions"}],"predecessor-version":[{"id":12885,"href":"https:\/\/draft.nuestrostories.com\/es\/wp-json\/wp\/v2\/posts\/12884\/revisions\/12885"}],"wp:featuredmedia":[{"embeddable":true,"href":"https:\/\/draft.nuestrostories.com\/es\/wp-json\/wp\/v2\/media\/10471"}],"wp:attachment":[{"href":"https:\/\/draft.nuestrostories.com\/es\/wp-json\/wp\/v2\/media?parent=12884"}],"wp:term":[{"taxonomy":"category","embeddable":true,"href":"https:\/\/draft.nuestrostories.com\/es\/wp-json\/wp\/v2\/categories?post=12884"},{"taxonomy":"post_tag","embeddable":true,"href":"https:\/\/draft.nuestrostories.com\/es\/wp-json\/wp\/v2\/tags?post=12884"}],"curies":[{"name":"wp","href":"https:\/\/api.w.org\/{rel}","templated":true}]}}