{"id":12836,"date":"2023-06-23T03:15:12","date_gmt":"2023-06-23T03:15:12","guid":{"rendered":"https:\/\/draft.nuestrostories.com\/\/?p=12836"},"modified":"2023-11-30T17:10:39","modified_gmt":"2023-11-30T17:10:39","slug":"grupo-menudo-la-primera-boy-band-latina-en-conquistar-el-mundo","status":"publish","type":"post","link":"https:\/\/draft.nuestrostories.com\/es\/2023\/06\/grupo-menudo-la-primera-boy-band-latina-en-conquistar-el-mundo\/","title":{"rendered":"Grupo Menudo: La primera 'boy band' latina en conquistar el mundo"},"content":{"rendered":"\n<p><em>Ilustraci\u00f3n de Nuestro Stories<\/em><\/p>\n\n\n\n<p>Pocas <em>boy bands<\/em> han alcanzado las cotas de \u00e9xito y adoraci\u00f3n logradas por el Grupo Menudo. Procedente de la hermosa isla de Puerto Rico, este talentoso conjunto cautiv\u00f3 los corazones y encendi\u00f3 una revoluci\u00f3n musical durante la d\u00e9cada de 1980. Con sus melod\u00edas pegadizas, sus movimientos de baile sincronizados y su encanto juvenil, el Grupo Menudo se convirti\u00f3 en un fen\u00f3meno cultural que dej\u00f3 una huella indeleble en la industria musical y en los corazones de millones de personas de todo el mundo.<\/p>\n\n\n\n<h2 class=\"wp-block-heading\">Formaci\u00f3n y comienzos<\/h2>\n\n\n\n<p>La historia del Grupo Menudo comenz\u00f3 a finales de la d\u00e9cada de 1970, cuando el productor puertorrique\u00f1o Edgardo D\u00edaz quiso crear una nueva sensaci\u00f3n musical. Con la visi\u00f3n de formar una <em>boy band<\/em> que cautivara al p\u00fablico de todas las edades, D\u00edaz seleccion\u00f3 cuidadosamente a j\u00f3venes talentos para formar la formaci\u00f3n original de Menudo. Los<a href=\"https:\/\/www.the-sun.com\/entertainment\/5625637\/who-original-menudo-band-members-where-now\/\"> miembros originales<\/a> eran Fernando y Nefty Sallaberry (de 12 y 13 a\u00f1os); y los hermanos Mel\u00e9ndez, Carlos Mel\u00e9ndez, (de 12 a\u00f1os), \u00d3scar Mel\u00e9ndez, (de 11 a\u00f1os) y Ricky Mel\u00e9ndez, (de nueve a\u00f1os). Sin embargo, otros se fueron uniendo a medida que algunos de los miembros se marchaban o envejec\u00edan. Un par de nombres notables de miembros de Menudo son Ricky Martin y Draco Rosa, ya que se han mantenido en la fama a\u00f1os despu\u00e9s del desmantelamiento de Menudo. El nombre del grupo, que significa \"grupito\" en espa\u00f1ol, reflejaba perfectamente su atractivo fresco y juvenil.<\/p>\n\n\n\n<p><strong>Lee m\u00e1s:<\/strong><a href=\"https:\/\/draft.nuestrostories.com\/\/2023\/05\/grupo-frontera-breakthrough-moment-bad-bunny\/\"><strong> El Grupo Frontera vive su momento de gloria gracias a Bad Bunny<\/strong><\/a><\/p>\n\n\n\n<h2 class=\"wp-block-heading\">Ascenso al estrellato<\/h2>\n\n\n\n<p>Los primeros a\u00f1os de la d\u00e9cada de 1980 marcaron el ascenso mete\u00f3rico del Grupo Menudo. Con \u00e9xitos como <em>Quiero ser<\/em>, <em>Claridad<\/em> y <em>S\u00fabete a mi moto<\/em>, el grupo alcanz\u00f3 niveles de popularidad sin precedentes. Sus pegadizas melod\u00edas pop, sus en\u00e9rgicas actuaciones y sus bailes sincronizados crearon un frenes\u00ed entre sus fans, en su mayor\u00eda adolescentes. Los miembros de Menudo, conocidos por su estilo distintivo y su carisma contagioso, se convirtieron de la noche a la ma\u00f1ana en rompecorazones e \u00eddolos adolescentes.<\/p>\n\n\n<p><iframe loading=\"lazy\" title=\"*S\u00daBETE A MI MOTO* - MENUDO . 1981 (VIDEO OFICIAL) \/ Unicef\" width=\"500\" height=\"281\" src=\"https:\/\/www.youtube.com\/embed\/PF3Sh7I024k?feature=oembed\" frameborder=\"0\" allow=\"accelerometer; autoplay; clipboard-write; encrypted-media; gyroscope; picture-in-picture; web-share\" referrerpolicy=\"strict-origin-when-cross-origin\" allowfullscreen><\/iframe><\/p>\n\n\n\n<h2 class=\"wp-block-heading\"><span style=\"font-weight: 400;\"><strong>\u00c9xito internacional y evoluci\u00f3n<\/strong><\/span><\/h2>\n\n\n\n<p><span style=\"font-weight: 400;\">A medida que su fama se extend\u00eda por Latinoam\u00e9rica y m\u00e1s all\u00e1, el Grupo Menudo se embarc\u00f3 en giras internacionales, cautivando al p\u00fablico de pa\u00edses como M\u00e9xico,<a href=\"https:\/\/www.youtube.com\/watch?v=_gep36jsIcs\"> Brasil<\/a>, Espa\u00f1a y Estados Unidos. Los constantes cambios de formaci\u00f3n, una caracter\u00edstica distintiva de Menudo, mantuvieron al grupo fresco y permitieron que brillaran nuevos talentos. El relevo de sus miembros se convirti\u00f3 en una c\u00e9lebre tradici\u00f3n que hizo de Menudo no solo una potencia musical, sino tambi\u00e9n una plataforma para la formaci\u00f3n de futuras estrellas.<\/span><\/p>\n\n\n\n<h2 class=\"wp-block-heading\"><span style=\"font-weight: 400;\">Impacto cultural y legado<\/span><\/h2>\n\n\n\n<p><span style=\"font-weight: 400;\">La influencia del Grupo Menudo fue mucho m\u00e1s all\u00e1 de sus \u00e9xitos. El grupo inspir\u00f3 a una generaci\u00f3n de j\u00f3venes a perseguir sus sue\u00f1os en la industria musical. Sentaron un precedente para las <em>boy bands<\/em> latinoamericanas y allanaron el camino para artistas posteriores como el sucesor de Menudo, Ricky Martin. Las pegadizas canciones y din\u00e1micas actuaciones de Menudo salvaron las distancias culturales, llevando la m\u00fasica latinoamericana a un escenario global y gan\u00e1ndose una fiel base de fans en todo el mundo.<\/span><\/p>\n\n\n\n<h2 class=\"wp-block-heading\"><span style=\"font-weight: 400;\">Reencuentro y nostalgia<\/span><\/h2>\n\n\n\n<p><span style=\"font-weight: 400;\">En los \u00faltimos a\u00f1os, el<a href=\"https:\/\/www.goodreads.com\/book\/show\/39343431-menudo-el-reencuentro-con-la-verdad\"> Grupo Menudo<\/a> ha experimentado un resurgimiento del inter\u00e9s y la nostalgia. Los conciertos de reuni\u00f3n y las presentaciones han entusiasmado a los fans que crecieron con su m\u00fasica, permiti\u00e9ndoles revivir recuerdos entra\u00f1ables. La popularidad duradera de Menudo es un testimonio del atractivo atemporal del grupo y de su capacidad para conectar con el p\u00fablico de todas las generaciones.<\/span><\/p>\n","protected":false},"excerpt":{"rendered":"<p>Ilustraci\u00f3n de Nuestro Stories Pocas boy bands han alcanzado las cotas de \u00e9xito y adoraci\u00f3n logradas por el Grupo Menudo. Procedente de la hermosa isla de Puerto Rico, este talentoso conjunto cautiv\u00f3 los corazones y encendi\u00f3 una revoluci\u00f3n musical durante la d\u00e9cada de 1980. Con sus melod\u00edas pegadizas, sus movimientos de baile sincronizados y su [&hellip;]<\/p>\n","protected":false},"author":4,"featured_media":10486,"comment_status":"closed","ping_status":"open","sticky":false,"template":"","format":"standard","meta":{"_acf_changed":false,"footnotes":""},"categories":[1281],"tags":[],"class_list":["post-12836","post","type-post","status-publish","format-standard","has-post-thumbnail","hentry","category-featured-es"],"acf":[],"yoast_head":"<!-- This site is optimized with the Yoast SEO plugin v23.5 - https:\/\/yoast.com\/wordpress\/plugins\/seo\/ -->\n<title>Grupo Menudo: La primera &#039;boy band&#039; latina en conquistar el mundo - Nuestro Stories<\/title>\n<meta name=\"robots\" content=\"index, follow, max-snippet:-1, max-image-preview:large, max-video-preview:-1\" \/>\n<link rel=\"canonical\" href=\"https:\/\/draft.nuestrostories.com\/es\/2023\/06\/grupo-menudo-la-primera-boy-band-latina-en-conquistar-el-mundo\/\" \/>\n<meta property=\"og:locale\" content=\"es_ES\" \/>\n<meta property=\"og:type\" content=\"article\" \/>\n<meta property=\"og:title\" content=\"Grupo Menudo: La primera &#039;boy band&#039; latina en conquistar el mundo - Nuestro Stories\" \/>\n<meta property=\"og:description\" content=\"Ilustraci\u00f3n de Nuestro Stories Pocas boy bands han alcanzado las cotas de \u00e9xito y adoraci\u00f3n logradas por el Grupo Menudo. Procedente de la hermosa isla de Puerto Rico, este talentoso conjunto cautiv\u00f3 los corazones y encendi\u00f3 una revoluci\u00f3n musical durante la d\u00e9cada de 1980. Con sus melod\u00edas pegadizas, sus movimientos de baile sincronizados y su [&hellip;]\" \/>\n<meta property=\"og:url\" content=\"https:\/\/draft.nuestrostories.com\/es\/2023\/06\/grupo-menudo-la-primera-boy-band-latina-en-conquistar-el-mundo\/\" \/>\n<meta property=\"og:site_name\" content=\"Nuestro Stories\" \/>\n<meta property=\"article:published_time\" content=\"2023-06-23T03:15:12+00:00\" \/>\n<meta property=\"article:modified_time\" content=\"2023-11-30T17:10:39+00:00\" \/>\n<meta property=\"og:image\" content=\"https:\/\/draft.nuestrostories.com\/wp-content\/uploads\/2023\/06\/Grupo-Menudo.jpg\" \/>\n\t<meta property=\"og:image:width\" content=\"1910\" \/>\n\t<meta property=\"og:image:height\" content=\"1274\" \/>\n\t<meta property=\"og:image:type\" content=\"image\/jpeg\" \/>\n<meta name=\"author\" content=\"Rachel\" \/>\n<meta name=\"twitter:card\" content=\"summary_large_image\" \/>\n<meta name=\"twitter:label1\" content=\"Escrito por\" \/>\n\t<meta name=\"twitter:data1\" content=\"Rachel\" \/>\n\t<meta name=\"twitter:label2\" content=\"Tiempo de lectura\" \/>\n\t<meta name=\"twitter:data2\" content=\"3 minutos\" \/>\n<script type=\"application\/ld+json\" class=\"yoast-schema-graph\">{\"@context\":\"https:\/\/schema.org\",\"@graph\":[{\"@type\":\"WebPage\",\"@id\":\"https:\/\/draft.nuestrostories.com\/es\/2023\/06\/grupo-menudo-la-primera-boy-band-latina-en-conquistar-el-mundo\/\",\"url\":\"https:\/\/draft.nuestrostories.com\/es\/2023\/06\/grupo-menudo-la-primera-boy-band-latina-en-conquistar-el-mundo\/\",\"name\":\"Grupo Menudo: La primera 'boy band' latina en conquistar el mundo - Nuestro Stories\",\"isPartOf\":{\"@id\":\"https:\/\/draft.nuestrostories.com\/es\/#website\"},\"primaryImageOfPage\":{\"@id\":\"https:\/\/draft.nuestrostories.com\/es\/2023\/06\/grupo-menudo-la-primera-boy-band-latina-en-conquistar-el-mundo\/#primaryimage\"},\"image\":{\"@id\":\"https:\/\/draft.nuestrostories.com\/es\/2023\/06\/grupo-menudo-la-primera-boy-band-latina-en-conquistar-el-mundo\/#primaryimage\"},\"thumbnailUrl\":\"https:\/\/draft.nuestrostories.com\/wp-content\/uploads\/2023\/06\/Grupo-Menudo.jpg\",\"datePublished\":\"2023-06-23T03:15:12+00:00\",\"dateModified\":\"2023-11-30T17:10:39+00:00\",\"author\":{\"@id\":\"https:\/\/draft.nuestrostories.com\/es\/#\/schema\/person\/b741b0e4e34088347d1fba305925ff68\"},\"breadcrumb\":{\"@id\":\"https:\/\/draft.nuestrostories.com\/es\/2023\/06\/grupo-menudo-la-primera-boy-band-latina-en-conquistar-el-mundo\/#breadcrumb\"},\"inLanguage\":\"es\",\"potentialAction\":[{\"@type\":\"ReadAction\",\"target\":[\"https:\/\/draft.nuestrostories.com\/es\/2023\/06\/grupo-menudo-la-primera-boy-band-latina-en-conquistar-el-mundo\/\"]}]},{\"@type\":\"ImageObject\",\"inLanguage\":\"es\",\"@id\":\"https:\/\/draft.nuestrostories.com\/es\/2023\/06\/grupo-menudo-la-primera-boy-band-latina-en-conquistar-el-mundo\/#primaryimage\",\"url\":\"https:\/\/draft.nuestrostories.com\/wp-content\/uploads\/2023\/06\/Grupo-Menudo.jpg\",\"contentUrl\":\"https:\/\/draft.nuestrostories.com\/wp-content\/uploads\/2023\/06\/Grupo-Menudo.jpg\",\"width\":1910,\"height\":1274},{\"@type\":\"BreadcrumbList\",\"@id\":\"https:\/\/draft.nuestrostories.com\/es\/2023\/06\/grupo-menudo-la-primera-boy-band-latina-en-conquistar-el-mundo\/#breadcrumb\",\"itemListElement\":[{\"@type\":\"ListItem\",\"position\":1,\"name\":\"Home\",\"item\":\"https:\/\/draft.nuestrostories.com\/es\/\"},{\"@type\":\"ListItem\",\"position\":2,\"name\":\"Grupo Menudo: La primera &#8216;boy band&#8217; latina en conquistar el mundo\"}]},{\"@type\":\"WebSite\",\"@id\":\"https:\/\/draft.nuestrostories.com\/es\/#website\",\"url\":\"https:\/\/draft.nuestrostories.com\/es\/\",\"name\":\"Nuestro Stories\",\"description\":\"Latino Heritage. Every Day.\",\"potentialAction\":[{\"@type\":\"SearchAction\",\"target\":{\"@type\":\"EntryPoint\",\"urlTemplate\":\"https:\/\/draft.nuestrostories.com\/es\/?s={search_term_string}\"},\"query-input\":{\"@type\":\"PropertyValueSpecification\",\"valueRequired\":true,\"valueName\":\"search_term_string\"}}],\"inLanguage\":\"es\"},{\"@type\":\"Person\",\"@id\":\"https:\/\/draft.nuestrostories.com\/es\/#\/schema\/person\/b741b0e4e34088347d1fba305925ff68\",\"name\":\"Rachel\",\"image\":{\"@type\":\"ImageObject\",\"inLanguage\":\"es\",\"@id\":\"https:\/\/draft.nuestrostories.com\/es\/#\/schema\/person\/image\/\",\"url\":\"https:\/\/draft.nuestrostories.com\/wp-content\/uploads\/2023\/06\/RachelBio-150x150.jpg\",\"contentUrl\":\"https:\/\/draft.nuestrostories.com\/wp-content\/uploads\/2023\/06\/RachelBio-150x150.jpg\",\"caption\":\"Rachel\"},\"description\":\"Olivia Monahan Chicana journalist, editor, educator, and organizer in Sacramento whose sole focus is to shed light on stories on our most impacted and marginalized communities, but even more importantly, for those stories to humanize those normally left out. She is an Ida B Wells Investigative Journalism Fellow 2022 Finalist, a member of the Parenting Journalists Society, and has bylines in The Courier, The Sacramento Bee, The Americano, Submerge Magazine among others.\",\"url\":\"https:\/\/draft.nuestrostories.com\/es\/author\/rachel\/\"}]}<\/script>\n<!-- \/ Yoast SEO plugin. -->","yoast_head_json":{"title":"Grupo Menudo: La primera 'boy band' latina en conquistar el mundo - Nuestro Stories","robots":{"index":"index","follow":"follow","max-snippet":"max-snippet:-1","max-image-preview":"max-image-preview:large","max-video-preview":"max-video-preview:-1"},"canonical":"https:\/\/draft.nuestrostories.com\/es\/2023\/06\/grupo-menudo-la-primera-boy-band-latina-en-conquistar-el-mundo\/","og_locale":"es_ES","og_type":"article","og_title":"Grupo Menudo: La primera 'boy band' latina en conquistar el mundo - Nuestro Stories","og_description":"Ilustraci\u00f3n de Nuestro Stories Pocas boy bands han alcanzado las cotas de \u00e9xito y adoraci\u00f3n logradas por el Grupo Menudo. Procedente de la hermosa isla de Puerto Rico, este talentoso conjunto cautiv\u00f3 los corazones y encendi\u00f3 una revoluci\u00f3n musical durante la d\u00e9cada de 1980. Con sus melod\u00edas pegadizas, sus movimientos de baile sincronizados y su [&hellip;]","og_url":"https:\/\/draft.nuestrostories.com\/es\/2023\/06\/grupo-menudo-la-primera-boy-band-latina-en-conquistar-el-mundo\/","og_site_name":"Nuestro Stories","article_published_time":"2023-06-23T03:15:12+00:00","article_modified_time":"2023-11-30T17:10:39+00:00","og_image":[{"width":1910,"height":1274,"url":"https:\/\/draft.nuestrostories.com\/wp-content\/uploads\/2023\/06\/Grupo-Menudo.jpg","type":"image\/jpeg"}],"author":"Rachel","twitter_card":"summary_large_image","twitter_misc":{"Escrito por":"Rachel","Tiempo de lectura":"3 minutos"},"schema":{"@context":"https:\/\/schema.org","@graph":[{"@type":"WebPage","@id":"https:\/\/draft.nuestrostories.com\/es\/2023\/06\/grupo-menudo-la-primera-boy-band-latina-en-conquistar-el-mundo\/","url":"https:\/\/draft.nuestrostories.com\/es\/2023\/06\/grupo-menudo-la-primera-boy-band-latina-en-conquistar-el-mundo\/","name":"Grupo Menudo: La primera 'boy band' latina en conquistar el mundo - Nuestro Stories","isPartOf":{"@id":"https:\/\/draft.nuestrostories.com\/es\/#website"},"primaryImageOfPage":{"@id":"https:\/\/draft.nuestrostories.com\/es\/2023\/06\/grupo-menudo-la-primera-boy-band-latina-en-conquistar-el-mundo\/#primaryimage"},"image":{"@id":"https:\/\/draft.nuestrostories.com\/es\/2023\/06\/grupo-menudo-la-primera-boy-band-latina-en-conquistar-el-mundo\/#primaryimage"},"thumbnailUrl":"https:\/\/draft.nuestrostories.com\/wp-content\/uploads\/2023\/06\/Grupo-Menudo.jpg","datePublished":"2023-06-23T03:15:12+00:00","dateModified":"2023-11-30T17:10:39+00:00","author":{"@id":"https:\/\/draft.nuestrostories.com\/es\/#\/schema\/person\/b741b0e4e34088347d1fba305925ff68"},"breadcrumb":{"@id":"https:\/\/draft.nuestrostories.com\/es\/2023\/06\/grupo-menudo-la-primera-boy-band-latina-en-conquistar-el-mundo\/#breadcrumb"},"inLanguage":"es","potentialAction":[{"@type":"ReadAction","target":["https:\/\/draft.nuestrostories.com\/es\/2023\/06\/grupo-menudo-la-primera-boy-band-latina-en-conquistar-el-mundo\/"]}]},{"@type":"ImageObject","inLanguage":"es","@id":"https:\/\/draft.nuestrostories.com\/es\/2023\/06\/grupo-menudo-la-primera-boy-band-latina-en-conquistar-el-mundo\/#primaryimage","url":"https:\/\/draft.nuestrostories.com\/wp-content\/uploads\/2023\/06\/Grupo-Menudo.jpg","contentUrl":"https:\/\/draft.nuestrostories.com\/wp-content\/uploads\/2023\/06\/Grupo-Menudo.jpg","width":1910,"height":1274},{"@type":"BreadcrumbList","@id":"https:\/\/draft.nuestrostories.com\/es\/2023\/06\/grupo-menudo-la-primera-boy-band-latina-en-conquistar-el-mundo\/#breadcrumb","itemListElement":[{"@type":"ListItem","position":1,"name":"Home","item":"https:\/\/draft.nuestrostories.com\/es\/"},{"@type":"ListItem","position":2,"name":"Grupo Menudo: La primera &#8216;boy band&#8217; latina en conquistar el mundo"}]},{"@type":"WebSite","@id":"https:\/\/draft.nuestrostories.com\/es\/#website","url":"https:\/\/draft.nuestrostories.com\/es\/","name":"Nuestro Stories","description":"Latino Heritage. Every Day.","potentialAction":[{"@type":"SearchAction","target":{"@type":"EntryPoint","urlTemplate":"https:\/\/draft.nuestrostories.com\/es\/?s={search_term_string}"},"query-input":{"@type":"PropertyValueSpecification","valueRequired":true,"valueName":"search_term_string"}}],"inLanguage":"es"},{"@type":"Person","@id":"https:\/\/draft.nuestrostories.com\/es\/#\/schema\/person\/b741b0e4e34088347d1fba305925ff68","name":"Rachel","image":{"@type":"ImageObject","inLanguage":"es","@id":"https:\/\/draft.nuestrostories.com\/es\/#\/schema\/person\/image\/","url":"https:\/\/draft.nuestrostories.com\/wp-content\/uploads\/2023\/06\/RachelBio-150x150.jpg","contentUrl":"https:\/\/draft.nuestrostories.com\/wp-content\/uploads\/2023\/06\/RachelBio-150x150.jpg","caption":"Rachel"},"description":"Olivia Monahan Chicana journalist, editor, educator, and organizer in Sacramento whose sole focus is to shed light on stories on our most impacted and marginalized communities, but even more importantly, for those stories to humanize those normally left out. She is an Ida B Wells Investigative Journalism Fellow 2022 Finalist, a member of the Parenting Journalists Society, and has bylines in The Courier, The Sacramento Bee, The Americano, Submerge Magazine among others.","url":"https:\/\/draft.nuestrostories.com\/es\/author\/rachel\/"}]}},"_links":{"self":[{"href":"https:\/\/draft.nuestrostories.com\/es\/wp-json\/wp\/v2\/posts\/12836","targetHints":{"allow":["GET"]}}],"collection":[{"href":"https:\/\/draft.nuestrostories.com\/es\/wp-json\/wp\/v2\/posts"}],"about":[{"href":"https:\/\/draft.nuestrostories.com\/es\/wp-json\/wp\/v2\/types\/post"}],"author":[{"embeddable":true,"href":"https:\/\/draft.nuestrostories.com\/es\/wp-json\/wp\/v2\/users\/4"}],"replies":[{"embeddable":true,"href":"https:\/\/draft.nuestrostories.com\/es\/wp-json\/wp\/v2\/comments?post=12836"}],"version-history":[{"count":1,"href":"https:\/\/draft.nuestrostories.com\/es\/wp-json\/wp\/v2\/posts\/12836\/revisions"}],"predecessor-version":[{"id":12837,"href":"https:\/\/draft.nuestrostories.com\/es\/wp-json\/wp\/v2\/posts\/12836\/revisions\/12837"}],"wp:featuredmedia":[{"embeddable":true,"href":"https:\/\/draft.nuestrostories.com\/es\/wp-json\/wp\/v2\/media\/10486"}],"wp:attachment":[{"href":"https:\/\/draft.nuestrostories.com\/es\/wp-json\/wp\/v2\/media?parent=12836"}],"wp:term":[{"taxonomy":"category","embeddable":true,"href":"https:\/\/draft.nuestrostories.com\/es\/wp-json\/wp\/v2\/categories?post=12836"},{"taxonomy":"post_tag","embeddable":true,"href":"https:\/\/draft.nuestrostories.com\/es\/wp-json\/wp\/v2\/tags?post=12836"}],"curies":[{"name":"wp","href":"https:\/\/api.w.org\/{rel}","templated":true}]}}