{"id":12812,"date":"2023-06-23T03:35:03","date_gmt":"2023-06-23T03:35:03","guid":{"rendered":"https:\/\/draft.nuestrostories.com\/\/?p=12812"},"modified":"2023-11-29T21:10:30","modified_gmt":"2023-11-29T21:10:30","slug":"las-palabras-de-gabriela-mistral-siguen-vivas","status":"publish","type":"post","link":"https:\/\/draft.nuestrostories.com\/es\/2023\/06\/las-palabras-de-gabriela-mistral-siguen-vivas\/","title":{"rendered":"Las palabras de Gabriela Mistral siguen vivas"},"content":{"rendered":"\n<p><em>Ilustraci\u00f3n de Nuestro Stories<\/em><\/p>\n\n\n\n<p><a href=\"https:\/\/www.poetryfoundation.org\/poets\/gabriela-mistral\">Gabriela Mistral<\/a> fue una c\u00e9lebre poetisa, educadora, diplom\u00e1tica y feminista chilena, y la primera latina en recibir el Premio Nobel de Literatura. Su poes\u00eda es c\u00e9lebre por su belleza l\u00edrica, su hondura emocional y su profunda exploraci\u00f3n de las experiencias humanas.<\/p>\n\n\n\n<p>Nacida como Lucila Godoy Alcayaga el 7 de abril de 1889 en Vicu\u00f1a, Chile, Mistral adopt\u00f3 el seud\u00f3nimo de \"Gabriela Mistral\" en honor a dos de sus poetas favoritos, Gabriele D'Annunzio y Fr\u00e9d\u00e9ric Mistral. Aunque creci\u00f3 en la pobreza y pas\u00f3 muchas penurias de ni\u00f1a, como la falta de afecto en casa, Mistral destac\u00f3 acad\u00e9micamente y lleg\u00f3 a ser profesora muy joven.<\/p>\n\n\n\n<h2 class=\"wp-block-heading\">Poes\u00eda y labor activista de Gabriela Mistral<\/h2>\n\n\n\n<p>A lo largo de su carrera, Mistral ejerci\u00f3 como educadora en Chile y otros pa\u00edses, haciendo hincapi\u00e9 en la importancia de la educaci\u00f3n y su potencial para elevar y<a href=\"https:\/\/www.google.com\/search?q=gabriela+mistral&amp;rlz=1C5CHFA_enUS916US916&amp;oq=gabrie&amp;aqs=chrome.0.69i59j69i57j46i67i131i433i650j0i433i512j46i131i433i512j46i20i263i512j46i131i433i512j69i61.1346j0j9&amp;sourceid=chrome&amp;ie=UTF-8#ip=1\"> empoderar<\/a> a las sociedades. Su influencia como educadora se extendi\u00f3 m\u00e1s all\u00e1 de las aulas, ya que abog\u00f3 por reformas educativas y promovi\u00f3 programas de alfabetizaci\u00f3n, especialmente en zonas rurales. Los escritos de Mistral expresaban a menudo su preocupaci\u00f3n por los hist\u00f3ricamente oprimidos, especialmente las mujeres, los ni\u00f1os y las comunidades ind\u00edgenas.<\/p>\n\n\n\n<blockquote class=\"wp-block-quote is-layout-flow wp-block-quote-is-layout-flow\">\n<p><em>\"Donde haya un \u00e1rbol que plantar, pl\u00e1ntalo t\u00fa. Donde haya un error que enmendar, enmi\u00e9ndalo t\u00fa. Donde haya un esfuerzo que todos esquivan, hazlo t\u00fa. S\u00e9 t\u00fa el que aparta la piedra del camino\". \u2013 Gabriela Mistral<\/em><\/p>\n<\/blockquote>\n\n\n\n<p>Esta incre\u00edble latina tambi\u00e9n ejerci\u00f3 de embajadora cultural de Chile, representando a su pa\u00eds en el extranjero a trav\u00e9s de funciones diplom\u00e1ticas en Madrid, Veracruz y la Ciudad de Nueva York, por nombrar algunas. Su presencia internacional y sus compromisos ayudaron a llamar la atenci\u00f3n sobre la literatura, la cultura y los problemas sociales chilenos.<\/p>\n\n\n\n<p><strong>Lee m\u00e1s:<\/strong><a href=\"https:\/\/draft.nuestrostories.com\/\/2023\/04\/spotlight-latino-poet-richard-blanco\/\"><strong> El reflector sobre Richard Blanco, el poeta latino que rompe barreras<\/strong><\/a><\/p>\n\n\n\n<h2 class=\"wp-block-heading\">La vida imita al arte<\/h2>\n\n\n\n<p>Por desgracia, los logros de Mistral no la protegieron de los problemas de su vida personal. En 1922 fue madre, pero tuvo que enfrentarse a la devastadora p\u00e9rdida de su \u00fanico hijo, quien muri\u00f3 poco despu\u00e9s de nacer. Esta experiencia influy\u00f3 profundamente en su poes\u00eda y en los temas de la maternidad, el dolor y el amor. Ese mismo a\u00f1o, Mistral public\u00f3 su primer libro, titulado <em>Desolaci\u00f3n<\/em>, una colecci\u00f3n de poemas conmovedores e introspectivos que exploran la religi\u00f3n, la desesperaci\u00f3n, la moralidad y el amor por los hijos.<\/p>\n\n\n\n<p>Icono de la literatura chilena e internacional, Mistral muri\u00f3 el 10 de enero de 1957, a los 67 a\u00f1os, tras luchar contra un c\u00e1ncer de p\u00e1ncreas.<\/p>\n","protected":false},"excerpt":{"rendered":"<p>Ilustraci\u00f3n de Nuestro Stories Gabriela Mistral fue una c\u00e9lebre poetisa, educadora, diplom\u00e1tica y feminista chilena, y la primera latina en recibir el Premio Nobel de Literatura. Su poes\u00eda es c\u00e9lebre por su belleza l\u00edrica, su hondura emocional y su profunda exploraci\u00f3n de las experiencias humanas. Nacida como Lucila Godoy Alcayaga el 7 de abril de [&hellip;]<\/p>\n","protected":false},"author":4,"featured_media":10487,"comment_status":"closed","ping_status":"open","sticky":false,"template":"","format":"standard","meta":{"_acf_changed":false,"footnotes":""},"categories":[1281],"tags":[],"class_list":["post-12812","post","type-post","status-publish","format-standard","has-post-thumbnail","hentry","category-featured-es"],"acf":[],"yoast_head":"<!-- This site is optimized with the Yoast SEO plugin v23.5 - https:\/\/yoast.com\/wordpress\/plugins\/seo\/ -->\n<title>Las palabras de Gabriela Mistral siguen vivas - Nuestro Stories<\/title>\n<meta name=\"robots\" content=\"index, follow, max-snippet:-1, max-image-preview:large, max-video-preview:-1\" \/>\n<link rel=\"canonical\" href=\"https:\/\/draft.nuestrostories.com\/es\/2023\/06\/las-palabras-de-gabriela-mistral-siguen-vivas\/\" \/>\n<meta property=\"og:locale\" content=\"es_ES\" \/>\n<meta property=\"og:type\" content=\"article\" \/>\n<meta property=\"og:title\" content=\"Las palabras de Gabriela Mistral siguen vivas - Nuestro Stories\" \/>\n<meta property=\"og:description\" content=\"Ilustraci\u00f3n de Nuestro Stories Gabriela Mistral fue una c\u00e9lebre poetisa, educadora, diplom\u00e1tica y feminista chilena, y la primera latina en recibir el Premio Nobel de Literatura. Su poes\u00eda es c\u00e9lebre por su belleza l\u00edrica, su hondura emocional y su profunda exploraci\u00f3n de las experiencias humanas. Nacida como Lucila Godoy Alcayaga el 7 de abril de [&hellip;]\" \/>\n<meta property=\"og:url\" content=\"https:\/\/draft.nuestrostories.com\/es\/2023\/06\/las-palabras-de-gabriela-mistral-siguen-vivas\/\" \/>\n<meta property=\"og:site_name\" content=\"Nuestro Stories\" \/>\n<meta property=\"article:published_time\" content=\"2023-06-23T03:35:03+00:00\" \/>\n<meta property=\"article:modified_time\" content=\"2023-11-29T21:10:30+00:00\" \/>\n<meta property=\"og:image\" content=\"https:\/\/draft.nuestrostories.com\/wp-content\/uploads\/2023\/06\/Gabriela-Mistral.jpg\" \/>\n\t<meta property=\"og:image:width\" content=\"1910\" \/>\n\t<meta property=\"og:image:height\" content=\"1274\" \/>\n\t<meta property=\"og:image:type\" content=\"image\/jpeg\" \/>\n<meta name=\"author\" content=\"Rachel\" \/>\n<meta name=\"twitter:card\" content=\"summary_large_image\" \/>\n<meta name=\"twitter:label1\" content=\"Escrito por\" \/>\n\t<meta name=\"twitter:data1\" content=\"Rachel\" \/>\n\t<meta name=\"twitter:label2\" content=\"Tiempo de lectura\" \/>\n\t<meta name=\"twitter:data2\" content=\"2 minutos\" \/>\n<script type=\"application\/ld+json\" class=\"yoast-schema-graph\">{\"@context\":\"https:\/\/schema.org\",\"@graph\":[{\"@type\":\"WebPage\",\"@id\":\"https:\/\/draft.nuestrostories.com\/es\/2023\/06\/las-palabras-de-gabriela-mistral-siguen-vivas\/\",\"url\":\"https:\/\/draft.nuestrostories.com\/es\/2023\/06\/las-palabras-de-gabriela-mistral-siguen-vivas\/\",\"name\":\"Las palabras de Gabriela Mistral siguen vivas - Nuestro Stories\",\"isPartOf\":{\"@id\":\"https:\/\/draft.nuestrostories.com\/es\/#website\"},\"primaryImageOfPage\":{\"@id\":\"https:\/\/draft.nuestrostories.com\/es\/2023\/06\/las-palabras-de-gabriela-mistral-siguen-vivas\/#primaryimage\"},\"image\":{\"@id\":\"https:\/\/draft.nuestrostories.com\/es\/2023\/06\/las-palabras-de-gabriela-mistral-siguen-vivas\/#primaryimage\"},\"thumbnailUrl\":\"https:\/\/draft.nuestrostories.com\/wp-content\/uploads\/2023\/06\/Gabriela-Mistral.jpg\",\"datePublished\":\"2023-06-23T03:35:03+00:00\",\"dateModified\":\"2023-11-29T21:10:30+00:00\",\"author\":{\"@id\":\"https:\/\/draft.nuestrostories.com\/es\/#\/schema\/person\/b741b0e4e34088347d1fba305925ff68\"},\"breadcrumb\":{\"@id\":\"https:\/\/draft.nuestrostories.com\/es\/2023\/06\/las-palabras-de-gabriela-mistral-siguen-vivas\/#breadcrumb\"},\"inLanguage\":\"es\",\"potentialAction\":[{\"@type\":\"ReadAction\",\"target\":[\"https:\/\/draft.nuestrostories.com\/es\/2023\/06\/las-palabras-de-gabriela-mistral-siguen-vivas\/\"]}]},{\"@type\":\"ImageObject\",\"inLanguage\":\"es\",\"@id\":\"https:\/\/draft.nuestrostories.com\/es\/2023\/06\/las-palabras-de-gabriela-mistral-siguen-vivas\/#primaryimage\",\"url\":\"https:\/\/draft.nuestrostories.com\/wp-content\/uploads\/2023\/06\/Gabriela-Mistral.jpg\",\"contentUrl\":\"https:\/\/draft.nuestrostories.com\/wp-content\/uploads\/2023\/06\/Gabriela-Mistral.jpg\",\"width\":1910,\"height\":1274},{\"@type\":\"BreadcrumbList\",\"@id\":\"https:\/\/draft.nuestrostories.com\/es\/2023\/06\/las-palabras-de-gabriela-mistral-siguen-vivas\/#breadcrumb\",\"itemListElement\":[{\"@type\":\"ListItem\",\"position\":1,\"name\":\"Home\",\"item\":\"https:\/\/draft.nuestrostories.com\/es\/\"},{\"@type\":\"ListItem\",\"position\":2,\"name\":\"Las palabras de Gabriela Mistral siguen vivas\"}]},{\"@type\":\"WebSite\",\"@id\":\"https:\/\/draft.nuestrostories.com\/es\/#website\",\"url\":\"https:\/\/draft.nuestrostories.com\/es\/\",\"name\":\"Nuestro Stories\",\"description\":\"Latino Heritage. Every Day.\",\"potentialAction\":[{\"@type\":\"SearchAction\",\"target\":{\"@type\":\"EntryPoint\",\"urlTemplate\":\"https:\/\/draft.nuestrostories.com\/es\/?s={search_term_string}\"},\"query-input\":{\"@type\":\"PropertyValueSpecification\",\"valueRequired\":true,\"valueName\":\"search_term_string\"}}],\"inLanguage\":\"es\"},{\"@type\":\"Person\",\"@id\":\"https:\/\/draft.nuestrostories.com\/es\/#\/schema\/person\/b741b0e4e34088347d1fba305925ff68\",\"name\":\"Rachel\",\"image\":{\"@type\":\"ImageObject\",\"inLanguage\":\"es\",\"@id\":\"https:\/\/draft.nuestrostories.com\/es\/#\/schema\/person\/image\/\",\"url\":\"https:\/\/draft.nuestrostories.com\/wp-content\/uploads\/2023\/06\/RachelBio-150x150.jpg\",\"contentUrl\":\"https:\/\/draft.nuestrostories.com\/wp-content\/uploads\/2023\/06\/RachelBio-150x150.jpg\",\"caption\":\"Rachel\"},\"description\":\"Olivia Monahan Chicana journalist, editor, educator, and organizer in Sacramento whose sole focus is to shed light on stories on our most impacted and marginalized communities, but even more importantly, for those stories to humanize those normally left out. She is an Ida B Wells Investigative Journalism Fellow 2022 Finalist, a member of the Parenting Journalists Society, and has bylines in The Courier, The Sacramento Bee, The Americano, Submerge Magazine among others.\",\"url\":\"https:\/\/draft.nuestrostories.com\/es\/author\/rachel\/\"}]}<\/script>\n<!-- \/ Yoast SEO plugin. -->","yoast_head_json":{"title":"Las palabras de Gabriela Mistral siguen vivas - Nuestro Stories","robots":{"index":"index","follow":"follow","max-snippet":"max-snippet:-1","max-image-preview":"max-image-preview:large","max-video-preview":"max-video-preview:-1"},"canonical":"https:\/\/draft.nuestrostories.com\/es\/2023\/06\/las-palabras-de-gabriela-mistral-siguen-vivas\/","og_locale":"es_ES","og_type":"article","og_title":"Las palabras de Gabriela Mistral siguen vivas - Nuestro Stories","og_description":"Ilustraci\u00f3n de Nuestro Stories Gabriela Mistral fue una c\u00e9lebre poetisa, educadora, diplom\u00e1tica y feminista chilena, y la primera latina en recibir el Premio Nobel de Literatura. Su poes\u00eda es c\u00e9lebre por su belleza l\u00edrica, su hondura emocional y su profunda exploraci\u00f3n de las experiencias humanas. Nacida como Lucila Godoy Alcayaga el 7 de abril de [&hellip;]","og_url":"https:\/\/draft.nuestrostories.com\/es\/2023\/06\/las-palabras-de-gabriela-mistral-siguen-vivas\/","og_site_name":"Nuestro Stories","article_published_time":"2023-06-23T03:35:03+00:00","article_modified_time":"2023-11-29T21:10:30+00:00","og_image":[{"width":1910,"height":1274,"url":"https:\/\/draft.nuestrostories.com\/wp-content\/uploads\/2023\/06\/Gabriela-Mistral.jpg","type":"image\/jpeg"}],"author":"Rachel","twitter_card":"summary_large_image","twitter_misc":{"Escrito por":"Rachel","Tiempo de lectura":"2 minutos"},"schema":{"@context":"https:\/\/schema.org","@graph":[{"@type":"WebPage","@id":"https:\/\/draft.nuestrostories.com\/es\/2023\/06\/las-palabras-de-gabriela-mistral-siguen-vivas\/","url":"https:\/\/draft.nuestrostories.com\/es\/2023\/06\/las-palabras-de-gabriela-mistral-siguen-vivas\/","name":"Las palabras de Gabriela Mistral siguen vivas - Nuestro Stories","isPartOf":{"@id":"https:\/\/draft.nuestrostories.com\/es\/#website"},"primaryImageOfPage":{"@id":"https:\/\/draft.nuestrostories.com\/es\/2023\/06\/las-palabras-de-gabriela-mistral-siguen-vivas\/#primaryimage"},"image":{"@id":"https:\/\/draft.nuestrostories.com\/es\/2023\/06\/las-palabras-de-gabriela-mistral-siguen-vivas\/#primaryimage"},"thumbnailUrl":"https:\/\/draft.nuestrostories.com\/wp-content\/uploads\/2023\/06\/Gabriela-Mistral.jpg","datePublished":"2023-06-23T03:35:03+00:00","dateModified":"2023-11-29T21:10:30+00:00","author":{"@id":"https:\/\/draft.nuestrostories.com\/es\/#\/schema\/person\/b741b0e4e34088347d1fba305925ff68"},"breadcrumb":{"@id":"https:\/\/draft.nuestrostories.com\/es\/2023\/06\/las-palabras-de-gabriela-mistral-siguen-vivas\/#breadcrumb"},"inLanguage":"es","potentialAction":[{"@type":"ReadAction","target":["https:\/\/draft.nuestrostories.com\/es\/2023\/06\/las-palabras-de-gabriela-mistral-siguen-vivas\/"]}]},{"@type":"ImageObject","inLanguage":"es","@id":"https:\/\/draft.nuestrostories.com\/es\/2023\/06\/las-palabras-de-gabriela-mistral-siguen-vivas\/#primaryimage","url":"https:\/\/draft.nuestrostories.com\/wp-content\/uploads\/2023\/06\/Gabriela-Mistral.jpg","contentUrl":"https:\/\/draft.nuestrostories.com\/wp-content\/uploads\/2023\/06\/Gabriela-Mistral.jpg","width":1910,"height":1274},{"@type":"BreadcrumbList","@id":"https:\/\/draft.nuestrostories.com\/es\/2023\/06\/las-palabras-de-gabriela-mistral-siguen-vivas\/#breadcrumb","itemListElement":[{"@type":"ListItem","position":1,"name":"Home","item":"https:\/\/draft.nuestrostories.com\/es\/"},{"@type":"ListItem","position":2,"name":"Las palabras de Gabriela Mistral siguen vivas"}]},{"@type":"WebSite","@id":"https:\/\/draft.nuestrostories.com\/es\/#website","url":"https:\/\/draft.nuestrostories.com\/es\/","name":"Nuestro Stories","description":"Latino Heritage. Every Day.","potentialAction":[{"@type":"SearchAction","target":{"@type":"EntryPoint","urlTemplate":"https:\/\/draft.nuestrostories.com\/es\/?s={search_term_string}"},"query-input":{"@type":"PropertyValueSpecification","valueRequired":true,"valueName":"search_term_string"}}],"inLanguage":"es"},{"@type":"Person","@id":"https:\/\/draft.nuestrostories.com\/es\/#\/schema\/person\/b741b0e4e34088347d1fba305925ff68","name":"Rachel","image":{"@type":"ImageObject","inLanguage":"es","@id":"https:\/\/draft.nuestrostories.com\/es\/#\/schema\/person\/image\/","url":"https:\/\/draft.nuestrostories.com\/wp-content\/uploads\/2023\/06\/RachelBio-150x150.jpg","contentUrl":"https:\/\/draft.nuestrostories.com\/wp-content\/uploads\/2023\/06\/RachelBio-150x150.jpg","caption":"Rachel"},"description":"Olivia Monahan Chicana journalist, editor, educator, and organizer in Sacramento whose sole focus is to shed light on stories on our most impacted and marginalized communities, but even more importantly, for those stories to humanize those normally left out. She is an Ida B Wells Investigative Journalism Fellow 2022 Finalist, a member of the Parenting Journalists Society, and has bylines in The Courier, The Sacramento Bee, The Americano, Submerge Magazine among others.","url":"https:\/\/draft.nuestrostories.com\/es\/author\/rachel\/"}]}},"_links":{"self":[{"href":"https:\/\/draft.nuestrostories.com\/es\/wp-json\/wp\/v2\/posts\/12812","targetHints":{"allow":["GET"]}}],"collection":[{"href":"https:\/\/draft.nuestrostories.com\/es\/wp-json\/wp\/v2\/posts"}],"about":[{"href":"https:\/\/draft.nuestrostories.com\/es\/wp-json\/wp\/v2\/types\/post"}],"author":[{"embeddable":true,"href":"https:\/\/draft.nuestrostories.com\/es\/wp-json\/wp\/v2\/users\/4"}],"replies":[{"embeddable":true,"href":"https:\/\/draft.nuestrostories.com\/es\/wp-json\/wp\/v2\/comments?post=12812"}],"version-history":[{"count":1,"href":"https:\/\/draft.nuestrostories.com\/es\/wp-json\/wp\/v2\/posts\/12812\/revisions"}],"predecessor-version":[{"id":12814,"href":"https:\/\/draft.nuestrostories.com\/es\/wp-json\/wp\/v2\/posts\/12812\/revisions\/12814"}],"wp:featuredmedia":[{"embeddable":true,"href":"https:\/\/draft.nuestrostories.com\/es\/wp-json\/wp\/v2\/media\/10487"}],"wp:attachment":[{"href":"https:\/\/draft.nuestrostories.com\/es\/wp-json\/wp\/v2\/media?parent=12812"}],"wp:term":[{"taxonomy":"category","embeddable":true,"href":"https:\/\/draft.nuestrostories.com\/es\/wp-json\/wp\/v2\/categories?post=12812"},{"taxonomy":"post_tag","embeddable":true,"href":"https:\/\/draft.nuestrostories.com\/es\/wp-json\/wp\/v2\/tags?post=12812"}],"curies":[{"name":"wp","href":"https:\/\/api.w.org\/{rel}","templated":true}]}}