{"id":12656,"date":"2023-07-03T04:12:18","date_gmt":"2023-07-03T04:12:18","guid":{"rendered":"https:\/\/draft.nuestrostories.com\/\/?p=12656"},"modified":"2023-11-27T17:12:50","modified_gmt":"2023-11-27T17:12:50","slug":"a-bailar-se-ha-dicho-nueva-york-pudiera-tener-su-propio-museo-de-la-musica-salsa-en-el-bronx","status":"publish","type":"post","link":"https:\/\/draft.nuestrostories.com\/es\/2023\/07\/a-bailar-se-ha-dicho-nueva-york-pudiera-tener-su-propio-museo-de-la-musica-salsa-en-el-bronx\/","title":{"rendered":"\u2018A bailar se ha dicho': Nueva York pudiera tener su propio Museo de la M\u00fasica Salsa en el Bronx"},"content":{"rendered":"\n<p><em>Ilustraci\u00f3n de Nuestro Stories<\/em><\/p>\n\n\n\n<p>Muchos asocian la m\u00fasica salsa con Puerto Rico, Colombia, Cuba y otros pa\u00edses latinoamericanos. Sin embargo, el origen de este g\u00e9nero tambi\u00e9n incluye Nueva York. Ahora, la Gran Manzana pudiera tener pronto su propio<a href=\"https:\/\/www.instagram.com\/intlsalsamuseum\/?hl=en\"> museo de la salsa<\/a>.<\/p>\n\n\n\n<p>En forma de organizaci\u00f3n sin \u00e1nimo de lucro, el<a href=\"http:\/\/www.internationalsalsamuseum.org\/our-mission\/\"> Museo Internacional de la Salsa<\/a> (ISM) pretende rendir homenaje a todos los cantantes que han contribuido con su talento a crear canciones que \u2013hoy y durante muchas d\u00e9cadas\u2013 pondr\u00e1n a bailar a cualquiera.<\/p>\n\n\n\n<p>La misi\u00f3n del ISM es educar y difundir la magia y singularidad de este g\u00e9nero, y parte de ese plan incluye la creaci\u00f3n del museo en el Bronx, una zona de NYC que tambi\u00e9n ha sido denominada como \"El Condado de la Salsa\".<\/p>\n\n\n\n<p>\"Hay un museo para cada g\u00e9nero... para el rock, el jazz\",<a href=\"https:\/\/www.npr.org\/2023\/06\/24\/1184033027\/international-salsa-museum-bronx-new-york\"> dijo a NPR<\/a> Janice Torres, miembro del consejo asesor del ISM, durante una entrevista. \"Incluso hay un museo para la m\u00fasica trap en Atlanta. Pero a\u00fan no hay un museo que celebre las ra\u00edces de la historia de la m\u00fasica latina\".<\/p>\n\n\n\n<p>Aunque el ISM ya est\u00e1 activo en forma de eventos, debates y exposiciones emergentes, la corporaci\u00f3n sin \u00e1nimo de lucro est\u00e1 buscando recaudar fondos para que el museo f\u00edsico pueda hacerse realidad.<\/p>\n\n\n\n<p><strong>Lea m\u00e1s:<\/strong><a href=\"https:\/\/draft.nuestrostories.com\/\/2023\/05\/celia-cruz-real-name\/\"> Detr\u00e1s de Celia Cruz: \u00bfCu\u00e1l era su verdadero nombre?<\/a><\/p>\n\n\n\n<h2 class=\"wp-block-heading\">Qu\u00e9 puedes esperar del Museo Internacional de la Salsa<\/h2>\n\n\n\n<p>Seg\u00fan NPR, este museo estar\u00e1 lleno de vida y contar\u00e1 con un estudio de grabaci\u00f3n y actividades que el p\u00fablico podr\u00e1 disfrutar, como programas de baile y m\u00fasica. En pocas palabras, ser\u00e1 una rumba latina, con muchas cosas nuevas que aprender, por supuesto.<\/p>\n\n\n\n<p>As\u00ed, canciones ic\u00f3nicas que te hacen cantar y bailar en tu auto, como <em>La vida es un carnaval<\/em> de Celia Cruz o <em>La rebeli\u00f3n<\/em> de Joe Arroyo, pronto pudieran formar parte de una instalaci\u00f3n f\u00edsica que preservar\u00e1 y promover\u00e1 el <a href=\"https:\/\/www.masterclass.com\/articles\/guide-to-salsa-music\">g\u00e9nero de la salsa<\/a> de una forma m\u00e1s palpable y m\u00e1s all\u00e1 de los o\u00eddos de quienes lo escuchan.<\/p>\n\n\n\n<p><a href=\"https:\/\/draft.nuestrostories.com\/\/category\/fernanda-leon\/\"><\/a><\/p>\n\n\n\n<div class=\"autor-box__text\">\n\n<\/div>\n","protected":false},"excerpt":{"rendered":"<p>Ilustraci\u00f3n de Nuestro Stories Muchos asocian la m\u00fasica salsa con Puerto Rico, Colombia, Cuba y otros pa\u00edses latinoamericanos. Sin embargo, el origen de este g\u00e9nero tambi\u00e9n incluye Nueva York. Ahora, la Gran Manzana pudiera tener pronto su propio museo de la salsa. En forma de organizaci\u00f3n sin \u00e1nimo de lucro, el Museo Internacional de la [&hellip;]<\/p>\n","protected":false},"author":12,"featured_media":10508,"comment_status":"closed","ping_status":"open","sticky":false,"template":"","format":"standard","meta":{"_acf_changed":false,"footnotes":""},"categories":[1281],"tags":[],"class_list":["post-12656","post","type-post","status-publish","format-standard","has-post-thumbnail","hentry","category-featured-es"],"acf":[],"yoast_head":"<!-- This site is optimized with the Yoast SEO plugin v23.5 - https:\/\/yoast.com\/wordpress\/plugins\/seo\/ -->\n<title>\u2018A bailar se ha dicho&#039;: Nueva York pudiera tener su propio Museo de la M\u00fasica Salsa en el Bronx - Nuestro Stories<\/title>\n<meta name=\"robots\" content=\"index, follow, max-snippet:-1, max-image-preview:large, max-video-preview:-1\" \/>\n<link rel=\"canonical\" href=\"https:\/\/draft.nuestrostories.com\/es\/2023\/07\/a-bailar-se-ha-dicho-nueva-york-pudiera-tener-su-propio-museo-de-la-musica-salsa-en-el-bronx\/\" \/>\n<meta property=\"og:locale\" content=\"es_ES\" \/>\n<meta property=\"og:type\" content=\"article\" \/>\n<meta property=\"og:title\" content=\"\u2018A bailar se ha dicho&#039;: Nueva York pudiera tener su propio Museo de la M\u00fasica Salsa en el Bronx - Nuestro Stories\" \/>\n<meta property=\"og:description\" content=\"Ilustraci\u00f3n de Nuestro Stories Muchos asocian la m\u00fasica salsa con Puerto Rico, Colombia, Cuba y otros pa\u00edses latinoamericanos. Sin embargo, el origen de este g\u00e9nero tambi\u00e9n incluye Nueva York. Ahora, la Gran Manzana pudiera tener pronto su propio museo de la salsa. En forma de organizaci\u00f3n sin \u00e1nimo de lucro, el Museo Internacional de la [&hellip;]\" \/>\n<meta property=\"og:url\" content=\"https:\/\/draft.nuestrostories.com\/es\/2023\/07\/a-bailar-se-ha-dicho-nueva-york-pudiera-tener-su-propio-museo-de-la-musica-salsa-en-el-bronx\/\" \/>\n<meta property=\"og:site_name\" content=\"Nuestro Stories\" \/>\n<meta property=\"article:published_time\" content=\"2023-07-03T04:12:18+00:00\" \/>\n<meta property=\"article:modified_time\" content=\"2023-11-27T17:12:50+00:00\" \/>\n<meta property=\"og:image\" content=\"https:\/\/draft.nuestrostories.com\/wp-content\/uploads\/2023\/07\/\u2018A-Bailar-Se-Ha-Dicho.jpg\" \/>\n\t<meta property=\"og:image:width\" content=\"1910\" \/>\n\t<meta property=\"og:image:height\" content=\"1274\" \/>\n\t<meta property=\"og:image:type\" content=\"image\/jpeg\" \/>\n<meta name=\"author\" content=\"Fernanda Leon\" \/>\n<meta name=\"twitter:card\" content=\"summary_large_image\" \/>\n<meta name=\"twitter:label1\" content=\"Escrito por\" \/>\n\t<meta name=\"twitter:data1\" content=\"Fernanda Leon\" \/>\n\t<meta name=\"twitter:label2\" content=\"Tiempo de lectura\" \/>\n\t<meta name=\"twitter:data2\" content=\"2 minutos\" \/>\n<script type=\"application\/ld+json\" class=\"yoast-schema-graph\">{\"@context\":\"https:\/\/schema.org\",\"@graph\":[{\"@type\":\"WebPage\",\"@id\":\"https:\/\/draft.nuestrostories.com\/es\/2023\/07\/a-bailar-se-ha-dicho-nueva-york-pudiera-tener-su-propio-museo-de-la-musica-salsa-en-el-bronx\/\",\"url\":\"https:\/\/draft.nuestrostories.com\/es\/2023\/07\/a-bailar-se-ha-dicho-nueva-york-pudiera-tener-su-propio-museo-de-la-musica-salsa-en-el-bronx\/\",\"name\":\"\u2018A bailar se ha dicho': Nueva York pudiera tener su propio Museo de la M\u00fasica Salsa en el Bronx - Nuestro Stories\",\"isPartOf\":{\"@id\":\"https:\/\/draft.nuestrostories.com\/es\/#website\"},\"primaryImageOfPage\":{\"@id\":\"https:\/\/draft.nuestrostories.com\/es\/2023\/07\/a-bailar-se-ha-dicho-nueva-york-pudiera-tener-su-propio-museo-de-la-musica-salsa-en-el-bronx\/#primaryimage\"},\"image\":{\"@id\":\"https:\/\/draft.nuestrostories.com\/es\/2023\/07\/a-bailar-se-ha-dicho-nueva-york-pudiera-tener-su-propio-museo-de-la-musica-salsa-en-el-bronx\/#primaryimage\"},\"thumbnailUrl\":\"https:\/\/draft.nuestrostories.com\/wp-content\/uploads\/2023\/07\/\u2018A-Bailar-Se-Ha-Dicho.jpg\",\"datePublished\":\"2023-07-03T04:12:18+00:00\",\"dateModified\":\"2023-11-27T17:12:50+00:00\",\"author\":{\"@id\":\"https:\/\/draft.nuestrostories.com\/es\/#\/schema\/person\/39b2024f8d1b12d784e78377f99ef7c5\"},\"breadcrumb\":{\"@id\":\"https:\/\/draft.nuestrostories.com\/es\/2023\/07\/a-bailar-se-ha-dicho-nueva-york-pudiera-tener-su-propio-museo-de-la-musica-salsa-en-el-bronx\/#breadcrumb\"},\"inLanguage\":\"es\",\"potentialAction\":[{\"@type\":\"ReadAction\",\"target\":[\"https:\/\/draft.nuestrostories.com\/es\/2023\/07\/a-bailar-se-ha-dicho-nueva-york-pudiera-tener-su-propio-museo-de-la-musica-salsa-en-el-bronx\/\"]}]},{\"@type\":\"ImageObject\",\"inLanguage\":\"es\",\"@id\":\"https:\/\/draft.nuestrostories.com\/es\/2023\/07\/a-bailar-se-ha-dicho-nueva-york-pudiera-tener-su-propio-museo-de-la-musica-salsa-en-el-bronx\/#primaryimage\",\"url\":\"https:\/\/draft.nuestrostories.com\/wp-content\/uploads\/2023\/07\/\u2018A-Bailar-Se-Ha-Dicho.jpg\",\"contentUrl\":\"https:\/\/draft.nuestrostories.com\/wp-content\/uploads\/2023\/07\/\u2018A-Bailar-Se-Ha-Dicho.jpg\",\"width\":1910,\"height\":1274},{\"@type\":\"BreadcrumbList\",\"@id\":\"https:\/\/draft.nuestrostories.com\/es\/2023\/07\/a-bailar-se-ha-dicho-nueva-york-pudiera-tener-su-propio-museo-de-la-musica-salsa-en-el-bronx\/#breadcrumb\",\"itemListElement\":[{\"@type\":\"ListItem\",\"position\":1,\"name\":\"Home\",\"item\":\"https:\/\/draft.nuestrostories.com\/es\/\"},{\"@type\":\"ListItem\",\"position\":2,\"name\":\"\u2018A bailar se ha dicho&#8217;: Nueva York pudiera tener su propio Museo de la M\u00fasica Salsa en el Bronx\"}]},{\"@type\":\"WebSite\",\"@id\":\"https:\/\/draft.nuestrostories.com\/es\/#website\",\"url\":\"https:\/\/draft.nuestrostories.com\/es\/\",\"name\":\"Nuestro Stories\",\"description\":\"Latino Heritage. Every Day.\",\"potentialAction\":[{\"@type\":\"SearchAction\",\"target\":{\"@type\":\"EntryPoint\",\"urlTemplate\":\"https:\/\/draft.nuestrostories.com\/es\/?s={search_term_string}\"},\"query-input\":{\"@type\":\"PropertyValueSpecification\",\"valueRequired\":true,\"valueName\":\"search_term_string\"}}],\"inLanguage\":\"es\"},{\"@type\":\"Person\",\"@id\":\"https:\/\/draft.nuestrostories.com\/es\/#\/schema\/person\/39b2024f8d1b12d784e78377f99ef7c5\",\"name\":\"Fernanda Leon\",\"image\":{\"@type\":\"ImageObject\",\"inLanguage\":\"es\",\"@id\":\"https:\/\/draft.nuestrostories.com\/es\/#\/schema\/person\/image\/\",\"url\":\"https:\/\/draft.nuestrostories.com\/wp-content\/uploads\/2023\/10\/Fernanda-Leon-Nuestro-Stories-Writer-Image-200x275-1-96x96.png\",\"contentUrl\":\"https:\/\/draft.nuestrostories.com\/wp-content\/uploads\/2023\/10\/Fernanda-Leon-Nuestro-Stories-Writer-Image-200x275-1-96x96.png\",\"caption\":\"Fernanda Leon\"},\"description\":\"Fernanda Leon is a bilingual writer, editor, and content creator based in Washington, DC. She has worked as a reporter and digital producer at the radio, print, broadcast, and digital industries in the past with some names like NBCUniversal, MVS and Narcity Media. When she\u2019s not working, Fernanda loves to spend time at local coffee shops, traveling, or visiting her hometown of El Paso, TX. You can catch more of her work Instagram, Facebook, Twitter or TikTok as @fernandalefon.\",\"url\":\"https:\/\/draft.nuestrostories.com\/es\/author\/fernanda-leon\/\"}]}<\/script>\n<!-- \/ Yoast SEO plugin. -->","yoast_head_json":{"title":"\u2018A bailar se ha dicho': Nueva York pudiera tener su propio Museo de la M\u00fasica Salsa en el Bronx - Nuestro Stories","robots":{"index":"index","follow":"follow","max-snippet":"max-snippet:-1","max-image-preview":"max-image-preview:large","max-video-preview":"max-video-preview:-1"},"canonical":"https:\/\/draft.nuestrostories.com\/es\/2023\/07\/a-bailar-se-ha-dicho-nueva-york-pudiera-tener-su-propio-museo-de-la-musica-salsa-en-el-bronx\/","og_locale":"es_ES","og_type":"article","og_title":"\u2018A bailar se ha dicho': Nueva York pudiera tener su propio Museo de la M\u00fasica Salsa en el Bronx - Nuestro Stories","og_description":"Ilustraci\u00f3n de Nuestro Stories Muchos asocian la m\u00fasica salsa con Puerto Rico, Colombia, Cuba y otros pa\u00edses latinoamericanos. Sin embargo, el origen de este g\u00e9nero tambi\u00e9n incluye Nueva York. Ahora, la Gran Manzana pudiera tener pronto su propio museo de la salsa. En forma de organizaci\u00f3n sin \u00e1nimo de lucro, el Museo Internacional de la [&hellip;]","og_url":"https:\/\/draft.nuestrostories.com\/es\/2023\/07\/a-bailar-se-ha-dicho-nueva-york-pudiera-tener-su-propio-museo-de-la-musica-salsa-en-el-bronx\/","og_site_name":"Nuestro Stories","article_published_time":"2023-07-03T04:12:18+00:00","article_modified_time":"2023-11-27T17:12:50+00:00","og_image":[{"width":1910,"height":1274,"url":"https:\/\/draft.nuestrostories.com\/wp-content\/uploads\/2023\/07\/\u2018A-Bailar-Se-Ha-Dicho.jpg","type":"image\/jpeg"}],"author":"Fernanda Leon","twitter_card":"summary_large_image","twitter_misc":{"Escrito por":"Fernanda Leon","Tiempo de lectura":"2 minutos"},"schema":{"@context":"https:\/\/schema.org","@graph":[{"@type":"WebPage","@id":"https:\/\/draft.nuestrostories.com\/es\/2023\/07\/a-bailar-se-ha-dicho-nueva-york-pudiera-tener-su-propio-museo-de-la-musica-salsa-en-el-bronx\/","url":"https:\/\/draft.nuestrostories.com\/es\/2023\/07\/a-bailar-se-ha-dicho-nueva-york-pudiera-tener-su-propio-museo-de-la-musica-salsa-en-el-bronx\/","name":"\u2018A bailar se ha dicho': Nueva York pudiera tener su propio Museo de la M\u00fasica Salsa en el Bronx - Nuestro Stories","isPartOf":{"@id":"https:\/\/draft.nuestrostories.com\/es\/#website"},"primaryImageOfPage":{"@id":"https:\/\/draft.nuestrostories.com\/es\/2023\/07\/a-bailar-se-ha-dicho-nueva-york-pudiera-tener-su-propio-museo-de-la-musica-salsa-en-el-bronx\/#primaryimage"},"image":{"@id":"https:\/\/draft.nuestrostories.com\/es\/2023\/07\/a-bailar-se-ha-dicho-nueva-york-pudiera-tener-su-propio-museo-de-la-musica-salsa-en-el-bronx\/#primaryimage"},"thumbnailUrl":"https:\/\/draft.nuestrostories.com\/wp-content\/uploads\/2023\/07\/\u2018A-Bailar-Se-Ha-Dicho.jpg","datePublished":"2023-07-03T04:12:18+00:00","dateModified":"2023-11-27T17:12:50+00:00","author":{"@id":"https:\/\/draft.nuestrostories.com\/es\/#\/schema\/person\/39b2024f8d1b12d784e78377f99ef7c5"},"breadcrumb":{"@id":"https:\/\/draft.nuestrostories.com\/es\/2023\/07\/a-bailar-se-ha-dicho-nueva-york-pudiera-tener-su-propio-museo-de-la-musica-salsa-en-el-bronx\/#breadcrumb"},"inLanguage":"es","potentialAction":[{"@type":"ReadAction","target":["https:\/\/draft.nuestrostories.com\/es\/2023\/07\/a-bailar-se-ha-dicho-nueva-york-pudiera-tener-su-propio-museo-de-la-musica-salsa-en-el-bronx\/"]}]},{"@type":"ImageObject","inLanguage":"es","@id":"https:\/\/draft.nuestrostories.com\/es\/2023\/07\/a-bailar-se-ha-dicho-nueva-york-pudiera-tener-su-propio-museo-de-la-musica-salsa-en-el-bronx\/#primaryimage","url":"https:\/\/draft.nuestrostories.com\/wp-content\/uploads\/2023\/07\/\u2018A-Bailar-Se-Ha-Dicho.jpg","contentUrl":"https:\/\/draft.nuestrostories.com\/wp-content\/uploads\/2023\/07\/\u2018A-Bailar-Se-Ha-Dicho.jpg","width":1910,"height":1274},{"@type":"BreadcrumbList","@id":"https:\/\/draft.nuestrostories.com\/es\/2023\/07\/a-bailar-se-ha-dicho-nueva-york-pudiera-tener-su-propio-museo-de-la-musica-salsa-en-el-bronx\/#breadcrumb","itemListElement":[{"@type":"ListItem","position":1,"name":"Home","item":"https:\/\/draft.nuestrostories.com\/es\/"},{"@type":"ListItem","position":2,"name":"\u2018A bailar se ha dicho&#8217;: Nueva York pudiera tener su propio Museo de la M\u00fasica Salsa en el Bronx"}]},{"@type":"WebSite","@id":"https:\/\/draft.nuestrostories.com\/es\/#website","url":"https:\/\/draft.nuestrostories.com\/es\/","name":"Nuestro Stories","description":"Latino Heritage. Every Day.","potentialAction":[{"@type":"SearchAction","target":{"@type":"EntryPoint","urlTemplate":"https:\/\/draft.nuestrostories.com\/es\/?s={search_term_string}"},"query-input":{"@type":"PropertyValueSpecification","valueRequired":true,"valueName":"search_term_string"}}],"inLanguage":"es"},{"@type":"Person","@id":"https:\/\/draft.nuestrostories.com\/es\/#\/schema\/person\/39b2024f8d1b12d784e78377f99ef7c5","name":"Fernanda Leon","image":{"@type":"ImageObject","inLanguage":"es","@id":"https:\/\/draft.nuestrostories.com\/es\/#\/schema\/person\/image\/","url":"https:\/\/draft.nuestrostories.com\/wp-content\/uploads\/2023\/10\/Fernanda-Leon-Nuestro-Stories-Writer-Image-200x275-1-96x96.png","contentUrl":"https:\/\/draft.nuestrostories.com\/wp-content\/uploads\/2023\/10\/Fernanda-Leon-Nuestro-Stories-Writer-Image-200x275-1-96x96.png","caption":"Fernanda Leon"},"description":"Fernanda Leon is a bilingual writer, editor, and content creator based in Washington, DC. She has worked as a reporter and digital producer at the radio, print, broadcast, and digital industries in the past with some names like NBCUniversal, MVS and Narcity Media. When she\u2019s not working, Fernanda loves to spend time at local coffee shops, traveling, or visiting her hometown of El Paso, TX. You can catch more of her work Instagram, Facebook, Twitter or TikTok as @fernandalefon.","url":"https:\/\/draft.nuestrostories.com\/es\/author\/fernanda-leon\/"}]}},"_links":{"self":[{"href":"https:\/\/draft.nuestrostories.com\/es\/wp-json\/wp\/v2\/posts\/12656","targetHints":{"allow":["GET"]}}],"collection":[{"href":"https:\/\/draft.nuestrostories.com\/es\/wp-json\/wp\/v2\/posts"}],"about":[{"href":"https:\/\/draft.nuestrostories.com\/es\/wp-json\/wp\/v2\/types\/post"}],"author":[{"embeddable":true,"href":"https:\/\/draft.nuestrostories.com\/es\/wp-json\/wp\/v2\/users\/12"}],"replies":[{"embeddable":true,"href":"https:\/\/draft.nuestrostories.com\/es\/wp-json\/wp\/v2\/comments?post=12656"}],"version-history":[{"count":1,"href":"https:\/\/draft.nuestrostories.com\/es\/wp-json\/wp\/v2\/posts\/12656\/revisions"}],"predecessor-version":[{"id":12657,"href":"https:\/\/draft.nuestrostories.com\/es\/wp-json\/wp\/v2\/posts\/12656\/revisions\/12657"}],"wp:featuredmedia":[{"embeddable":true,"href":"https:\/\/draft.nuestrostories.com\/es\/wp-json\/wp\/v2\/media\/10508"}],"wp:attachment":[{"href":"https:\/\/draft.nuestrostories.com\/es\/wp-json\/wp\/v2\/media?parent=12656"}],"wp:term":[{"taxonomy":"category","embeddable":true,"href":"https:\/\/draft.nuestrostories.com\/es\/wp-json\/wp\/v2\/categories?post=12656"},{"taxonomy":"post_tag","embeddable":true,"href":"https:\/\/draft.nuestrostories.com\/es\/wp-json\/wp\/v2\/tags?post=12656"}],"curies":[{"name":"wp","href":"https:\/\/api.w.org\/{rel}","templated":true}]}}