{"id":12529,"date":"2023-07-09T02:16:11","date_gmt":"2023-07-09T07:16:11","guid":{"rendered":"https:\/\/draft.nuestrostories.com\/\/?p=12529"},"modified":"2023-11-23T17:28:14","modified_gmt":"2023-11-23T17:28:14","slug":"celebrando-a-eugenio-derbez-un-pionero-del-talento-latino-en-la-industria-del-entretenimiento","status":"publish","type":"post","link":"https:\/\/draft.nuestrostories.com\/es\/2023\/07\/celebrando-a-eugenio-derbez-un-pionero-del-talento-latino-en-la-industria-del-entretenimiento\/","title":{"rendered":"Celebrando a Eugenio Derbez: Un pionero del talento latino en la industria del entretenimiento"},"content":{"rendered":"\n<p><em>Ilustraci\u00f3n de Nuestro Stories<\/em><\/p>\n\n\n\n<p>Eugenio Derbez, el actor, productor y director mexicano, se ha convertido en una figura prominente de la industria del entretenimiento, rompiendo estereotipos y sirviendo de inspiraci\u00f3n para los latinos de todo el mundo. Su notable talento, versatilidad y compromiso con la promoci\u00f3n de la diversidad le han valido reconocimiento y elogios, consolidando su estatus como una voz destacada en Hollywood.<\/p>\n\n\n\n<p>Nacido el 2 de septiembre de 1961 en Ciudad de M\u00e9xico, Eugenio Derbez comenz\u00f3 su carrera como actor <a href=\"https:\/\/www.yahoo.com\/lifestyle\/mira-en-este-video-eugenio-derbez-cuando-era-nino-no-vas-creer-como-lucia-044431706.html?guccounter=1&amp;guce_referrer=aHR0cHM6Ly93d3cuZ29vZ2xlLmNvbS8&amp;guce_referrer_sig=AQAAAMhNTAATXynckFlDszG6u41nCXw27OFCR9fAUp9WpNrMCfP844-TMckNjKozMfKm5IEVF5Op-suKE_ly3OxxqM79kFrHts0P5yZDEXFVYHrxjcHeynt1oQ8Rac27TZRJiiGBayTDiGyLlT0AZ-QBBlfyIovFgGEeGbwF5W8ro2Xi\">a principios de la d\u00e9cada de 1970<\/a>, apareciendo en varios programas de televisi\u00f3n y pel\u00edculas en M\u00e9xico. R\u00e1pidamente se consagr\u00f3 como un genio de la comedia, cautivando al p\u00fablico con su impecable sincronizaci\u00f3n y sus carism\u00e1ticas actuaciones. Algunos de sus programas de televisi\u00f3n m\u00e1s destacados han sido <em>Al derecho y al Derbez<\/em> y <em>Derbez en cuando<\/em>. Adem\u00e1s, su particular estilo de humor, caracterizado por su capacidad para representar una amplia variedad de personajes, lo convirti\u00f3 en un personaje muy querido del entretenimiento mexicano.<\/p>\n\n\n\n<figure class=\"wp-block-embed is-type-video is-provider-youtube wp-block-embed-youtube wp-embed-aspect-16-9 wp-has-aspect-ratio\"><div class=\"wp-block-embed__wrapper\">\n<iframe loading=\"lazy\" title=\"AL DERECHO Y AL DERBEZ (1994) -  Comidas\" width=\"500\" height=\"281\" src=\"https:\/\/www.youtube.com\/embed\/qkrUr76hTPY?feature=oembed\" frameborder=\"0\" allow=\"accelerometer; autoplay; clipboard-write; encrypted-media; gyroscope; picture-in-picture; web-share\" referrerpolicy=\"strict-origin-when-cross-origin\" allowfullscreen><\/iframe>\n<\/div><\/figure>\n\n\n\n<p><strong>Lee m\u00e1s:<\/strong> <a href=\"https:\/\/draft.nuestrostories.com\/\/2023\/06\/chespirito-mexican-comedian-roberto-gomez-bolanos-sin-querer-queriendo\/\">Fans de Chespirito se alegran: El comediante mexicano Roberto G\u00f3mez Bola\u00f1os nos deleitar\u00e1 con una bioserie, <em>Sin querer queriendo<\/em>.<\/a><\/p>\n\n\n\n<p><strong>Eugenio Derbez ha causado impacto en Hollywood<\/strong><\/p>\n\n\n\n<p>En los \u00faltimos a\u00f1os, Derbez dio el salto con \u00e9xito a la industria del cine en Estados Unidos, causando sensaci\u00f3n con sus papeles en producciones de Hollywood. Ha trabajado junto a actores y directores de renombre, dejando una impresi\u00f3n duradera con su destreza c\u00f3mica y su presencia natural en la pantalla. Derbez salt\u00f3 a la fama por su papel en la aclamada pel\u00edcula <em><a href=\"https:\/\/www.huffpost.com\/entry\/instructions-not-included-makes-history_n_4022486\">Instructions Not Included<\/a><\/em>, que dirigi\u00f3, produjo y protagoniz\u00f3. Estrenada en 2013, la pel\u00edcula se convirti\u00f3 en la pel\u00edcula en espa\u00f1ol m\u00e1s taquillera de Estados Unidos, consolidando a\u00fan m\u00e1s la posici\u00f3n de Derbez como una fuerza a tener en cuenta en la escena cinematogr\u00e1fica internacional.<\/p>\n\n\n\n<p>La contribuci\u00f3n de Derbez a la industria cinematogr\u00e1fica va m\u00e1s all\u00e1 de su talento en la pantalla. Se le <a href=\"https:\/\/www.zenger.news\/2021\/03\/22\/eugenio-derbez-ready-to-conquer-the-u-s-latino-market\/\">reconocen sus esfuerzos<\/a> por desafiar los estereotipos y crear m\u00e1s oportunidades para los actores y cineastas latinos. Derbez ha sido un firme activista de la diversidad y la representaci\u00f3n en Hollywood, usando su plataforma para concienciar y promover un cambio positivo. Su compromiso con la inclusi\u00f3n le ha granjeado la admiraci\u00f3n de sus colegas y de la industria en su conjunto.<\/p>\n\n\n\n<p>En reconocimiento a su labor pionera y activista, Derbez ha recibido numerosos premios de prestigio. La Hispanic Heritage Foundation le honr\u00f3 con el <a href=\"https:\/\/hispanicheritage.org\/eugenio-derbez-to-receive-hispanic-heritage-award-for-film-october-1st-at-john-f-kennedy-center-for-the-performing-arts\/\">Hispanic Heritage Award for Film<\/a> en 2019, destacando sus importantes contribuciones a la comunidad latina y su capacidad para inspirar a trav\u00e9s de su arte. La ceremonia de entrega tuvo lugar en el John F. Kennedy Center for the Performing Arts, mostrando la influencia y el impacto de Derbez en la industria del entretenimiento.<\/p>\n\n\n\n<p>Derbez sigue superando los l\u00edmites y desafiando el statu quo. En una de sus pel\u00edculas m\u00e1s recientes, <em>CODA<\/em>, interpreta al director de una preparatoria que rompe con los estereotipos, lo que subraya a\u00fan m\u00e1s su dedicaci\u00f3n a cambiar las percepciones y ofrecer una representaci\u00f3n aut\u00e9ntica. Seg\u00fan el San Diego Tribune, la pel\u00edcula, que explora la historia de una ni\u00f1a sorda en el seno de una familia oyente, <a href=\"https:\/\/www.sandiegouniontribune.com\/entertainment\/movies\/story\/2021-08-12\/latino-actor-eugenio-derbez-breaks-stereotypes-with-the-new-film-coda\">recibi\u00f3 elogios de la cr\u00edtica<\/a> y consolid\u00f3 la reputaci\u00f3n de Derbez como actor vers\u00e1til capaz de ofrecer interpretaciones impactantes y significativas.<\/p>\n\n\n\n<p>Como personaje influyente en Hollywood, Eugenio Derbez sigue comprometido con su oficio y con la promoci\u00f3n de los latinos en la industria del entretenimiento. Y nadie puede negar la influencia que su trabajo ha tenido todos estos a\u00f1os. <\/p>\n\n\n\n<p>Brindemos por Derbez. Que siga inspirando a la comunidad.<\/p>\n","protected":false},"excerpt":{"rendered":"<p>Ilustraci\u00f3n de Nuestro Stories Eugenio Derbez, el actor, productor y director mexicano, se ha convertido en una figura prominente de la industria del entretenimiento, rompiendo estereotipos y sirviendo de inspiraci\u00f3n para los latinos de todo el mundo. Su notable talento, versatilidad y compromiso con la promoci\u00f3n de la diversidad le han valido reconocimiento y elogios, [&hellip;]<\/p>\n","protected":false},"author":4,"featured_media":10514,"comment_status":"closed","ping_status":"closed","sticky":false,"template":"","format":"standard","meta":{"_acf_changed":false,"footnotes":""},"categories":[1281],"tags":[],"class_list":["post-12529","post","type-post","status-publish","format-standard","has-post-thumbnail","hentry","category-featured-es"],"acf":[],"yoast_head":"<!-- This site is optimized with the Yoast SEO plugin v23.5 - https:\/\/yoast.com\/wordpress\/plugins\/seo\/ -->\n<title>Celebrando a Eugenio Derbez: Un pionero del talento latino en la industria del entretenimiento - Nuestro Stories<\/title>\n<meta name=\"robots\" content=\"index, follow, max-snippet:-1, max-image-preview:large, max-video-preview:-1\" \/>\n<link rel=\"canonical\" href=\"https:\/\/draft.nuestrostories.com\/es\/2023\/07\/celebrando-a-eugenio-derbez-un-pionero-del-talento-latino-en-la-industria-del-entretenimiento\/\" \/>\n<meta property=\"og:locale\" content=\"es_ES\" \/>\n<meta property=\"og:type\" content=\"article\" \/>\n<meta property=\"og:title\" content=\"Celebrando a Eugenio Derbez: Un pionero del talento latino en la industria del entretenimiento - Nuestro Stories\" \/>\n<meta property=\"og:description\" content=\"Ilustraci\u00f3n de Nuestro Stories Eugenio Derbez, el actor, productor y director mexicano, se ha convertido en una figura prominente de la industria del entretenimiento, rompiendo estereotipos y sirviendo de inspiraci\u00f3n para los latinos de todo el mundo. Su notable talento, versatilidad y compromiso con la promoci\u00f3n de la diversidad le han valido reconocimiento y elogios, [&hellip;]\" \/>\n<meta property=\"og:url\" content=\"https:\/\/draft.nuestrostories.com\/es\/2023\/07\/celebrando-a-eugenio-derbez-un-pionero-del-talento-latino-en-la-industria-del-entretenimiento\/\" \/>\n<meta property=\"og:site_name\" content=\"Nuestro Stories\" \/>\n<meta property=\"article:published_time\" content=\"2023-07-09T07:16:11+00:00\" \/>\n<meta property=\"article:modified_time\" content=\"2023-11-23T17:28:14+00:00\" \/>\n<meta property=\"og:image\" content=\"https:\/\/draft.nuestrostories.com\/wp-content\/uploads\/2023\/07\/Eugenio-derbez.jpg\" \/>\n\t<meta property=\"og:image:width\" content=\"1910\" \/>\n\t<meta property=\"og:image:height\" content=\"1274\" \/>\n\t<meta property=\"og:image:type\" content=\"image\/jpeg\" \/>\n<meta name=\"author\" content=\"Rachel\" \/>\n<meta name=\"twitter:card\" content=\"summary_large_image\" \/>\n<meta name=\"twitter:label1\" content=\"Escrito por\" \/>\n\t<meta name=\"twitter:data1\" content=\"Rachel\" \/>\n\t<meta name=\"twitter:label2\" content=\"Tiempo de lectura\" \/>\n\t<meta name=\"twitter:data2\" content=\"3 minutos\" \/>\n<script type=\"application\/ld+json\" class=\"yoast-schema-graph\">{\"@context\":\"https:\/\/schema.org\",\"@graph\":[{\"@type\":\"WebPage\",\"@id\":\"https:\/\/draft.nuestrostories.com\/es\/2023\/07\/celebrando-a-eugenio-derbez-un-pionero-del-talento-latino-en-la-industria-del-entretenimiento\/\",\"url\":\"https:\/\/draft.nuestrostories.com\/es\/2023\/07\/celebrando-a-eugenio-derbez-un-pionero-del-talento-latino-en-la-industria-del-entretenimiento\/\",\"name\":\"Celebrando a Eugenio Derbez: Un pionero del talento latino en la industria del entretenimiento - Nuestro Stories\",\"isPartOf\":{\"@id\":\"https:\/\/draft.nuestrostories.com\/es\/#website\"},\"primaryImageOfPage\":{\"@id\":\"https:\/\/draft.nuestrostories.com\/es\/2023\/07\/celebrando-a-eugenio-derbez-un-pionero-del-talento-latino-en-la-industria-del-entretenimiento\/#primaryimage\"},\"image\":{\"@id\":\"https:\/\/draft.nuestrostories.com\/es\/2023\/07\/celebrando-a-eugenio-derbez-un-pionero-del-talento-latino-en-la-industria-del-entretenimiento\/#primaryimage\"},\"thumbnailUrl\":\"https:\/\/draft.nuestrostories.com\/wp-content\/uploads\/2023\/07\/Eugenio-derbez.jpg\",\"datePublished\":\"2023-07-09T07:16:11+00:00\",\"dateModified\":\"2023-11-23T17:28:14+00:00\",\"author\":{\"@id\":\"https:\/\/draft.nuestrostories.com\/es\/#\/schema\/person\/b741b0e4e34088347d1fba305925ff68\"},\"breadcrumb\":{\"@id\":\"https:\/\/draft.nuestrostories.com\/es\/2023\/07\/celebrando-a-eugenio-derbez-un-pionero-del-talento-latino-en-la-industria-del-entretenimiento\/#breadcrumb\"},\"inLanguage\":\"es\",\"potentialAction\":[{\"@type\":\"ReadAction\",\"target\":[\"https:\/\/draft.nuestrostories.com\/es\/2023\/07\/celebrando-a-eugenio-derbez-un-pionero-del-talento-latino-en-la-industria-del-entretenimiento\/\"]}]},{\"@type\":\"ImageObject\",\"inLanguage\":\"es\",\"@id\":\"https:\/\/draft.nuestrostories.com\/es\/2023\/07\/celebrando-a-eugenio-derbez-un-pionero-del-talento-latino-en-la-industria-del-entretenimiento\/#primaryimage\",\"url\":\"https:\/\/draft.nuestrostories.com\/wp-content\/uploads\/2023\/07\/Eugenio-derbez.jpg\",\"contentUrl\":\"https:\/\/draft.nuestrostories.com\/wp-content\/uploads\/2023\/07\/Eugenio-derbez.jpg\",\"width\":1910,\"height\":1274},{\"@type\":\"BreadcrumbList\",\"@id\":\"https:\/\/draft.nuestrostories.com\/es\/2023\/07\/celebrando-a-eugenio-derbez-un-pionero-del-talento-latino-en-la-industria-del-entretenimiento\/#breadcrumb\",\"itemListElement\":[{\"@type\":\"ListItem\",\"position\":1,\"name\":\"Home\",\"item\":\"https:\/\/draft.nuestrostories.com\/es\/\"},{\"@type\":\"ListItem\",\"position\":2,\"name\":\"Celebrando a Eugenio Derbez: Un pionero del talento latino en la industria del entretenimiento\"}]},{\"@type\":\"WebSite\",\"@id\":\"https:\/\/draft.nuestrostories.com\/es\/#website\",\"url\":\"https:\/\/draft.nuestrostories.com\/es\/\",\"name\":\"Nuestro Stories\",\"description\":\"Latino Heritage. Every Day.\",\"potentialAction\":[{\"@type\":\"SearchAction\",\"target\":{\"@type\":\"EntryPoint\",\"urlTemplate\":\"https:\/\/draft.nuestrostories.com\/es\/?s={search_term_string}\"},\"query-input\":{\"@type\":\"PropertyValueSpecification\",\"valueRequired\":true,\"valueName\":\"search_term_string\"}}],\"inLanguage\":\"es\"},{\"@type\":\"Person\",\"@id\":\"https:\/\/draft.nuestrostories.com\/es\/#\/schema\/person\/b741b0e4e34088347d1fba305925ff68\",\"name\":\"Rachel\",\"image\":{\"@type\":\"ImageObject\",\"inLanguage\":\"es\",\"@id\":\"https:\/\/draft.nuestrostories.com\/es\/#\/schema\/person\/image\/\",\"url\":\"https:\/\/draft.nuestrostories.com\/wp-content\/uploads\/2023\/06\/RachelBio-150x150.jpg\",\"contentUrl\":\"https:\/\/draft.nuestrostories.com\/wp-content\/uploads\/2023\/06\/RachelBio-150x150.jpg\",\"caption\":\"Rachel\"},\"description\":\"Olivia Monahan Chicana journalist, editor, educator, and organizer in Sacramento whose sole focus is to shed light on stories on our most impacted and marginalized communities, but even more importantly, for those stories to humanize those normally left out. She is an Ida B Wells Investigative Journalism Fellow 2022 Finalist, a member of the Parenting Journalists Society, and has bylines in The Courier, The Sacramento Bee, The Americano, Submerge Magazine among others.\",\"url\":\"https:\/\/draft.nuestrostories.com\/es\/author\/rachel\/\"}]}<\/script>\n<!-- \/ Yoast SEO plugin. -->","yoast_head_json":{"title":"Celebrando a Eugenio Derbez: Un pionero del talento latino en la industria del entretenimiento - Nuestro Stories","robots":{"index":"index","follow":"follow","max-snippet":"max-snippet:-1","max-image-preview":"max-image-preview:large","max-video-preview":"max-video-preview:-1"},"canonical":"https:\/\/draft.nuestrostories.com\/es\/2023\/07\/celebrando-a-eugenio-derbez-un-pionero-del-talento-latino-en-la-industria-del-entretenimiento\/","og_locale":"es_ES","og_type":"article","og_title":"Celebrando a Eugenio Derbez: Un pionero del talento latino en la industria del entretenimiento - Nuestro Stories","og_description":"Ilustraci\u00f3n de Nuestro Stories Eugenio Derbez, el actor, productor y director mexicano, se ha convertido en una figura prominente de la industria del entretenimiento, rompiendo estereotipos y sirviendo de inspiraci\u00f3n para los latinos de todo el mundo. Su notable talento, versatilidad y compromiso con la promoci\u00f3n de la diversidad le han valido reconocimiento y elogios, [&hellip;]","og_url":"https:\/\/draft.nuestrostories.com\/es\/2023\/07\/celebrando-a-eugenio-derbez-un-pionero-del-talento-latino-en-la-industria-del-entretenimiento\/","og_site_name":"Nuestro Stories","article_published_time":"2023-07-09T07:16:11+00:00","article_modified_time":"2023-11-23T17:28:14+00:00","og_image":[{"width":1910,"height":1274,"url":"https:\/\/draft.nuestrostories.com\/wp-content\/uploads\/2023\/07\/Eugenio-derbez.jpg","type":"image\/jpeg"}],"author":"Rachel","twitter_card":"summary_large_image","twitter_misc":{"Escrito por":"Rachel","Tiempo de lectura":"3 minutos"},"schema":{"@context":"https:\/\/schema.org","@graph":[{"@type":"WebPage","@id":"https:\/\/draft.nuestrostories.com\/es\/2023\/07\/celebrando-a-eugenio-derbez-un-pionero-del-talento-latino-en-la-industria-del-entretenimiento\/","url":"https:\/\/draft.nuestrostories.com\/es\/2023\/07\/celebrando-a-eugenio-derbez-un-pionero-del-talento-latino-en-la-industria-del-entretenimiento\/","name":"Celebrando a Eugenio Derbez: Un pionero del talento latino en la industria del entretenimiento - Nuestro Stories","isPartOf":{"@id":"https:\/\/draft.nuestrostories.com\/es\/#website"},"primaryImageOfPage":{"@id":"https:\/\/draft.nuestrostories.com\/es\/2023\/07\/celebrando-a-eugenio-derbez-un-pionero-del-talento-latino-en-la-industria-del-entretenimiento\/#primaryimage"},"image":{"@id":"https:\/\/draft.nuestrostories.com\/es\/2023\/07\/celebrando-a-eugenio-derbez-un-pionero-del-talento-latino-en-la-industria-del-entretenimiento\/#primaryimage"},"thumbnailUrl":"https:\/\/draft.nuestrostories.com\/wp-content\/uploads\/2023\/07\/Eugenio-derbez.jpg","datePublished":"2023-07-09T07:16:11+00:00","dateModified":"2023-11-23T17:28:14+00:00","author":{"@id":"https:\/\/draft.nuestrostories.com\/es\/#\/schema\/person\/b741b0e4e34088347d1fba305925ff68"},"breadcrumb":{"@id":"https:\/\/draft.nuestrostories.com\/es\/2023\/07\/celebrando-a-eugenio-derbez-un-pionero-del-talento-latino-en-la-industria-del-entretenimiento\/#breadcrumb"},"inLanguage":"es","potentialAction":[{"@type":"ReadAction","target":["https:\/\/draft.nuestrostories.com\/es\/2023\/07\/celebrando-a-eugenio-derbez-un-pionero-del-talento-latino-en-la-industria-del-entretenimiento\/"]}]},{"@type":"ImageObject","inLanguage":"es","@id":"https:\/\/draft.nuestrostories.com\/es\/2023\/07\/celebrando-a-eugenio-derbez-un-pionero-del-talento-latino-en-la-industria-del-entretenimiento\/#primaryimage","url":"https:\/\/draft.nuestrostories.com\/wp-content\/uploads\/2023\/07\/Eugenio-derbez.jpg","contentUrl":"https:\/\/draft.nuestrostories.com\/wp-content\/uploads\/2023\/07\/Eugenio-derbez.jpg","width":1910,"height":1274},{"@type":"BreadcrumbList","@id":"https:\/\/draft.nuestrostories.com\/es\/2023\/07\/celebrando-a-eugenio-derbez-un-pionero-del-talento-latino-en-la-industria-del-entretenimiento\/#breadcrumb","itemListElement":[{"@type":"ListItem","position":1,"name":"Home","item":"https:\/\/draft.nuestrostories.com\/es\/"},{"@type":"ListItem","position":2,"name":"Celebrando a Eugenio Derbez: Un pionero del talento latino en la industria del entretenimiento"}]},{"@type":"WebSite","@id":"https:\/\/draft.nuestrostories.com\/es\/#website","url":"https:\/\/draft.nuestrostories.com\/es\/","name":"Nuestro Stories","description":"Latino Heritage. Every Day.","potentialAction":[{"@type":"SearchAction","target":{"@type":"EntryPoint","urlTemplate":"https:\/\/draft.nuestrostories.com\/es\/?s={search_term_string}"},"query-input":{"@type":"PropertyValueSpecification","valueRequired":true,"valueName":"search_term_string"}}],"inLanguage":"es"},{"@type":"Person","@id":"https:\/\/draft.nuestrostories.com\/es\/#\/schema\/person\/b741b0e4e34088347d1fba305925ff68","name":"Rachel","image":{"@type":"ImageObject","inLanguage":"es","@id":"https:\/\/draft.nuestrostories.com\/es\/#\/schema\/person\/image\/","url":"https:\/\/draft.nuestrostories.com\/wp-content\/uploads\/2023\/06\/RachelBio-150x150.jpg","contentUrl":"https:\/\/draft.nuestrostories.com\/wp-content\/uploads\/2023\/06\/RachelBio-150x150.jpg","caption":"Rachel"},"description":"Olivia Monahan Chicana journalist, editor, educator, and organizer in Sacramento whose sole focus is to shed light on stories on our most impacted and marginalized communities, but even more importantly, for those stories to humanize those normally left out. She is an Ida B Wells Investigative Journalism Fellow 2022 Finalist, a member of the Parenting Journalists Society, and has bylines in The Courier, The Sacramento Bee, The Americano, Submerge Magazine among others.","url":"https:\/\/draft.nuestrostories.com\/es\/author\/rachel\/"}]}},"_links":{"self":[{"href":"https:\/\/draft.nuestrostories.com\/es\/wp-json\/wp\/v2\/posts\/12529","targetHints":{"allow":["GET"]}}],"collection":[{"href":"https:\/\/draft.nuestrostories.com\/es\/wp-json\/wp\/v2\/posts"}],"about":[{"href":"https:\/\/draft.nuestrostories.com\/es\/wp-json\/wp\/v2\/types\/post"}],"author":[{"embeddable":true,"href":"https:\/\/draft.nuestrostories.com\/es\/wp-json\/wp\/v2\/users\/4"}],"replies":[{"embeddable":true,"href":"https:\/\/draft.nuestrostories.com\/es\/wp-json\/wp\/v2\/comments?post=12529"}],"version-history":[{"count":1,"href":"https:\/\/draft.nuestrostories.com\/es\/wp-json\/wp\/v2\/posts\/12529\/revisions"}],"predecessor-version":[{"id":12531,"href":"https:\/\/draft.nuestrostories.com\/es\/wp-json\/wp\/v2\/posts\/12529\/revisions\/12531"}],"wp:featuredmedia":[{"embeddable":true,"href":"https:\/\/draft.nuestrostories.com\/es\/wp-json\/wp\/v2\/media\/10514"}],"wp:attachment":[{"href":"https:\/\/draft.nuestrostories.com\/es\/wp-json\/wp\/v2\/media?parent=12529"}],"wp:term":[{"taxonomy":"category","embeddable":true,"href":"https:\/\/draft.nuestrostories.com\/es\/wp-json\/wp\/v2\/categories?post=12529"},{"taxonomy":"post_tag","embeddable":true,"href":"https:\/\/draft.nuestrostories.com\/es\/wp-json\/wp\/v2\/tags?post=12529"}],"curies":[{"name":"wp","href":"https:\/\/api.w.org\/{rel}","templated":true}]}}